{"id":206543,"date":"2026-09-03T19:13:36","date_gmt":"2026-09-03T19:13:36","guid":{"rendered":"https:\/\/cordoba.gob.ar\/?p=93869"},"modified":"2026-09-03T19:13:36","modified_gmt":"2026-09-03T19:13:36","slug":"con-historias-entre-tumbas-y-panteones-el-san-jeronimo-celebra-sus-183-anos","status":"publish","type":"post","link":"http:\/\/cordobadirecto.com\/index.php\/2026\/09\/03\/con-historias-entre-tumbas-y-panteones-el-san-jeronimo-celebra-sus-183-anos\/","title":{"rendered":"Con historias entre tumbas y panteones, el San Jer\u00f3nimo celebra sus 183 a\u00f1os"},"content":{"rendered":"<div><img src=\"http:\/\/cordobadirecto.com\/wp-content\/uploads\/2026\/09\/con-historias-entre-tumbas-y-panteones-el-san-jeronimo-celebra-sus-183-anos.jpg\" class=\"ff-og-image-inserted\"><\/div>\n<ul>\n<li data-prosemirror-content-type=\"node\" data-prosemirror-node-name=\"paragraph\" data-prosemirror-node-block=\"true\" data-pm-slice=\"1 1 []\"><strong>Durante el mes de septiembre, mes de su aniversario, se realizan diversos recorridos que invitan a recorrer el camposanto.<\/strong><\/li>\n<li data-prosemirror-content-type=\"node\" data-prosemirror-node-name=\"paragraph\" data-prosemirror-node-block=\"true\" data-pm-slice=\"1 1 []\"><strong><strong>Las actividades, libres y gratuitas, est\u00e1n pensadas para toda la familia.<\/strong><\/strong><br \/>\n<hr>\n<\/li>\n<\/ul>\n<p data-prosemirror-content-type=\"node\" data-prosemirror-node-name=\"paragraph\" data-prosemirror-node-block=\"true\">Durante el mes de septiembre, el Cementerio San Jer\u00f3nimo llevar\u00e1 a cabo una serie de actividades y recorridos para celebrar su 183\u00b0 Aniversario.<\/p>\n<p data-prosemirror-content-type=\"node\" data-prosemirror-node-name=\"paragraph\" data-prosemirror-node-block=\"true\">Fundado el 15 de septiembre de 1843, este camposanto invita a vecinos y vecinas a descubrir la riqueza de su arquitectura, el patrimonio cultural y las historias que guarda en su interior.<\/p>\n<p data-prosemirror-content-type=\"node\" data-prosemirror-node-name=\"paragraph\" data-prosemirror-node-block=\"true\">En este contexto, este viernes a las 18:00 horas se realizar\u00e1 \u201cLa industria y sus protagonistas a trav\u00e9s de los panteones\u201d, un nuevo circuito hist\u00f3rico. La visita estar\u00e1 a cargo de la historiadora Ana Clara Picco Lambert, quien recorrer\u00e1 la historia de la industria cordobesa a trav\u00e9s de los panteones de las familias Thea, Tillard, Minetti, entre otros.<\/p>\n<p data-prosemirror-content-type=\"node\" data-prosemirror-node-name=\"paragraph\" data-prosemirror-node-block=\"true\">La jornada adem\u00e1s permitir\u00e1 a los participantes descubrir c\u00f3mo el desarrollo industrial de C\u00f3rdoba tambi\u00e9n qued\u00f3 plasmado en la historia y el patrimonio de la necr\u00f3polis.<\/p>\n<p data-prosemirror-content-type=\"node\" data-prosemirror-node-name=\"paragraph\" data-prosemirror-node-block=\"true\"><strong data-prosemirror-content-type=\"mark\" data-prosemirror-mark-name=\"strong\">M\u00fasica en el San Jer\u00f3nimo<\/strong><\/p>\n<p data-prosemirror-content-type=\"node\" data-prosemirror-node-name=\"paragraph\" data-prosemirror-node-block=\"true\">Cuando pensamos en el San Jer\u00f3nimo, pensamos en historia, en pol\u00edtica, en apellidos ilustres que marcaron a C\u00f3rdoba. Pero hay otra historia que tambi\u00e9n se cuenta entre sus panteones y mausoleos: la de la m\u00fasica.<\/p>\n<p data-prosemirror-content-type=\"node\" data-prosemirror-node-name=\"paragraph\" data-prosemirror-node-block=\"true\">Por eso y en el mes de su aniversario, una nueva propuesta se efectuar\u00e1 este s\u00e1bado a las 09:00 y 11:00 horas en donde Federico Sylvester y Mauro Ar\u00e9valo recorren la historia de la m\u00fasica cl\u00e1sica, el folklore y el cuarteto, m\u00fasica por excelencia de C\u00f3rdoba Capital.<\/p>\n<p data-prosemirror-content-type=\"node\" data-prosemirror-node-name=\"paragraph\" data-prosemirror-node-block=\"true\">Durante la visita se podr\u00e1n conocer las historias detr\u00e1s de nombres como Amalia Budano Roig, Leonor Marzano, Manolito C\u00e1novas y el Chango Rodr\u00edguez, voces que hicieron sonar a C\u00f3rdoba y que hoy descansan en este lugar.<\/p>\n<p data-prosemirror-content-type=\"node\" data-prosemirror-node-name=\"paragraph\" data-prosemirror-node-block=\"true\">Adem\u00e1s, el recorrido incluye la Capilla San Jer\u00f3nimo y su historia, y el Cementerio del Salvador.<\/p>\n<p data-prosemirror-content-type=\"node\" data-prosemirror-node-name=\"paragraph\" data-prosemirror-node-block=\"true\">Quienes est\u00e9n interesados en participar de alguna de las dos actividades, se les solicita presentarse 15 minutos antes del comienzo de la misma y se sugiere hacerlo con ropa y calzado c\u00f3modo, gorra y botella de agua para hidratarse.<\/p>\n","protected":false},"excerpt":{"rendered":"<p>Durante el mes de septiembre, mes de su aniversario, se realizan diversos recorridos que invitan a recorrer el camposanto. Las actividades, libres y gratuitas, est\u00e1n pensadas para toda la familia. Durante el mes de septiembre, el Cementerio San Jer\u00f3nimo llevar\u00e1 a cabo una serie de actividades y recorridos para celebrar su 183\u00b0 Aniversario. Fundado el [&hellip;]<\/p>\n","protected":false},"author":1,"featured_media":206544,"comment_status":"closed","ping_status":"closed","sticky":false,"template":"","format":"standard","meta":[],"categories":[44],"tags":[],"_links":{"self":[{"href":"http:\/\/cordobadirecto.com\/index.php\/wp-json\/wp\/v2\/posts\/206543"}],"collection":[{"href":"http:\/\/cordobadirecto.com\/index.php\/wp-json\/wp\/v2\/posts"}],"about":[{"href":"http:\/\/cordobadirecto.com\/index.php\/wp-json\/wp\/v2\/types\/post"}],"author":[{"embeddable":true,"href":"http:\/\/cordobadirecto.com\/index.php\/wp-json\/wp\/v2\/users\/1"}],"replies":[{"embeddable":true,"href":"http:\/\/cordobadirecto.com\/index.php\/wp-json\/wp\/v2\/comments?post=206543"}],"version-history":[{"count":0,"href":"http:\/\/cordobadirecto.com\/index.php\/wp-json\/wp\/v2\/posts\/206543\/revisions"}],"wp:featuredmedia":[{"embeddable":true,"href":"http:\/\/cordobadirecto.com\/index.php\/wp-json\/wp\/v2\/media\/206544"}],"wp:attachment":[{"href":"http:\/\/cordobadirecto.com\/index.php\/wp-json\/wp\/v2\/media?parent=206543"}],"wp:term":[{"taxonomy":"category","embeddable":true,"href":"http:\/\/cordobadirecto.com\/index.php\/wp-json\/wp\/v2\/categories?post=206543"},{"taxonomy":"post_tag","embeddable":true,"href":"http:\/\/cordobadirecto.com\/index.php\/wp-json\/wp\/v2\/tags?post=206543"}],"curies":[{"name":"wp","href":"https:\/\/api.w.org\/{rel}","templated":true}]}}