{"id":206549,"date":"2026-09-04T09:40:54","date_gmt":"2026-09-04T09:40:54","guid":{"rendered":"http:\/\/cordobadirecto.com\/index.php\/2026\/09\/04\/hay-amor-desde-el-reproche-y-el-ajuste-de-cuentas-como-trato-de-entender-el-suicidio-de-mi-padre\/"},"modified":"2026-09-04T09:40:54","modified_gmt":"2026-09-04T09:40:54","slug":"hay-amor-desde-el-reproche-y-el-ajuste-de-cuentas-como-trato-de-entender-el-suicidio-de-mi-padre","status":"publish","type":"post","link":"http:\/\/cordobadirecto.com\/index.php\/2026\/09\/04\/hay-amor-desde-el-reproche-y-el-ajuste-de-cuentas-como-trato-de-entender-el-suicidio-de-mi-padre\/","title":{"rendered":"&#8220;Hay amor desde el reproche y el ajuste de cuentas&#8221;: c\u00f3mo trato de entender el suicidio de mi padre"},"content":{"rendered":"<div>El escritor catal\u00e1n Pol Guasch presenta esta memoria sobre su relaci\u00f3n con su padre y un hecho que lo marc\u00f3 cuando apenas ten\u00eda 15 a\u00f1os.<\/div>\n","protected":false},"excerpt":{"rendered":"<p>El escritor catal\u00e1n Pol Guasch presenta esta memoria sobre su relaci\u00f3n con su padre y un hecho que lo marc\u00f3 cuando apenas ten\u00eda 15 a\u00f1os.<\/p>\n","protected":false},"author":1,"featured_media":0,"comment_status":"closed","ping_status":"closed","sticky":false,"template":"","format":"standard","meta":[],"categories":[24],"tags":[],"_links":{"self":[{"href":"http:\/\/cordobadirecto.com\/index.php\/wp-json\/wp\/v2\/posts\/206549"}],"collection":[{"href":"http:\/\/cordobadirecto.com\/index.php\/wp-json\/wp\/v2\/posts"}],"about":[{"href":"http:\/\/cordobadirecto.com\/index.php\/wp-json\/wp\/v2\/types\/post"}],"author":[{"embeddable":true,"href":"http:\/\/cordobadirecto.com\/index.php\/wp-json\/wp\/v2\/users\/1"}],"replies":[{"embeddable":true,"href":"http:\/\/cordobadirecto.com\/index.php\/wp-json\/wp\/v2\/comments?post=206549"}],"version-history":[{"count":0,"href":"http:\/\/cordobadirecto.com\/index.php\/wp-json\/wp\/v2\/posts\/206549\/revisions"}],"wp:attachment":[{"href":"http:\/\/cordobadirecto.com\/index.php\/wp-json\/wp\/v2\/media?parent=206549"}],"wp:term":[{"taxonomy":"category","embeddable":true,"href":"http:\/\/cordobadirecto.com\/index.php\/wp-json\/wp\/v2\/categories?post=206549"},{"taxonomy":"post_tag","embeddable":true,"href":"http:\/\/cordobadirecto.com\/index.php\/wp-json\/wp\/v2\/tags?post=206549"}],"curies":[{"name":"wp","href":"https:\/\/api.w.org\/{rel}","templated":true}]}}