{"id":206553,"date":"2026-09-04T12:00:16","date_gmt":"2026-09-04T12:00:16","guid":{"rendered":"http:\/\/cordobadirecto.com\/index.php\/2026\/09\/04\/reolink-presenta-la-nueva-camara-omvi-2i-ultra-y-su-mejorada-ia-local-reoneura-en-el-ifa-2026\/"},"modified":"2026-09-04T12:00:16","modified_gmt":"2026-09-04T12:00:16","slug":"reolink-presenta-la-nueva-camara-omvi-2i-ultra-y-su-mejorada-ia-local-reoneura-en-el-ifa-2026","status":"publish","type":"post","link":"http:\/\/cordobadirecto.com\/index.php\/2026\/09\/04\/reolink-presenta-la-nueva-camara-omvi-2i-ultra-y-su-mejorada-ia-local-reoneura-en-el-ifa-2026\/","title":{"rendered":"Reolink presenta la nueva c\u00e1mara OMVI 2i Ultra y su mejorada IA local ReoNeura en el IFA 2026"},"content":{"rendered":"<div>\n<img decoding=\"async\" loading=\"lazy\" width=\"1600\" height=\"900\" src=\"https:\/\/www.redeszone.net\/app\/uploads-redeszone.net\/2026\/09\/Reolink_OMVI_2i_Ultra_IFA_2026.jpg\"><\/p>\n<p>El fabricante Reolink est\u00e1 presente en la feria tecnol\u00f3gica de IFA en Berl\u00edn (Alemania), y ha presentado dos nuevas c\u00e1maras IP de exteriores que nos permitir\u00e1n vigilar el jard\u00edn o terraza de nuestro hogar con la m\u00e1xima calidad de imagen. Este fabricante siempre ha apostado por \u00abtodo local\u00bb, y buena muestra de ello es la <strong>mejorada IA local<\/strong> que ha incorporado a <strong>ReoNeura<\/strong>, y que muy pronto se ir\u00e1 desplegando a otros modelos de c\u00e1maras IP, a los Reolink Home Hub e incluso a los NVR de la marca. Si quieres conocer todas las novedades que ha tra\u00eddo Reolink a la feria, a continuaci\u00f3n tienes todos los detalles.<\/p>\n<div id=\"toc\" class=\"toc-wrapper\" data-mrf-recirculation=\"article-toc-module\">\n<div class=\"toc-title\">\u00cdndice<\/div>\n<nav itemscope=\"\" itemtype=\"https:\/\/schema.org\/SiteNavigationElement\">\n<ul>\n<li>\n                    <a href=\"https:\/\/www.redeszone.net\/#1016185-nueva-camara-de-exterior-y-con-bateria-omvi-2i-ultra\" itemprop=\"url\"><br \/>\n                        <span itemprop=\"name\">Nueva c\u00e1mara de exterior y con bater\u00eda: OMVI 2i Ultra<\/span><br \/>\n                    <\/a><\/p>\n<\/li>\n<li>\n                    <a href=\"https:\/\/www.redeszone.net\/#1016185-reolink-trackflex-wifi-con-doble-sensor-4k\" itemprop=\"url\"><br \/>\n                        <span itemprop=\"name\">Reolink TrackFlex WiFi con doble sensor 4K<\/span><br \/>\n                    <\/a><\/p>\n<\/li>\n<li>\n                    <a href=\"https:\/\/www.redeszone.net\/#1016185-reoneura-mejorado-la-ia-local-ahora-es-mas-inteligente\" itemprop=\"url\"><br \/>\n                        <span itemprop=\"name\">ReoNeura mejorado: la IA local ahora es m\u00e1s inteligente<\/span><br \/>\n                    <\/a><\/p>\n<\/li>\n<\/ul>\n<\/nav><\/div>\n<p>Reolink est\u00e1 presente en el IFA con dos nuevas c\u00e1maras de exterior, tanto de la <strong>serie OMVI<\/strong> (leer <strong><a href=\"https:\/\/www.redeszone.net\/analisis\/camaras-ip\/reolink-omvi-3i-poe\/\">an\u00e1lisis de la Reolink OMVI 3i PoE<\/a><\/strong>) como tambi\u00e9n de la popular <strong>serie TrackFlex<\/strong> que ya hemos analizado en RedesZone (leer <a href=\"https:\/\/www.redeszone.net\/analisis\/camaras-ip\/reolink-trackflex-floodlight-wifi\/\"><strong>an\u00e1lisis de la Reolink TrackFlex Floodlight WiFi<\/strong><\/a>), por lo que son modelos que complementan a\u00fan m\u00e1s a estas dos familias de c\u00e1maras.<\/p>\n<p><span class=\"space_toc\" id=\"1016185-nueva-camara-de-exterior-y-con-bateria-omvi-2i-ultra\">\u00a0<\/span><\/p>\n<h2>Nueva c\u00e1mara de exterior y con bater\u00eda: OMVI 2i Ultra<\/h2>\n<p>Esta nueva c\u00e1mara IP incorpora doble lente para verlo todo en la zona exterior: cuenta con una lente de gran angular de 8MP de resoluci\u00f3n, y tambi\u00e9n incluye una c\u00e1mara PTZ<strong> (motorizada) de 5MP de resoluci\u00f3n<\/strong>. Con la c\u00e1mara gran angular podemos ver todo el espacio, y con el sensor telefoto podemos monitorizar otra direcci\u00f3n e incluso realizar un seguimiento inteligente de personas. La tecnolog\u00eda <strong>Reolink SyncTrack permite sincronizar ambos sensores<\/strong>, para realizar una detecci\u00f3n y seguimiento inteligente, la c\u00e1mara PTZ inferior tiene un <strong>rango de movimiento de 355\u00b0 en horizontal y 50\u00b0 en vertical,<\/strong> por lo que mantiene un seguimiento continuo de 360\u00b0, incluso despu\u00e9s de que la persona u objeto se salga del sensor de gran angular. La funci\u00f3n de <strong>encuadre autom\u00e1tico<\/strong> permite ampliar la imagen autom\u00e1ticamente y ajustar la vista correctamente.<\/p>\n<figure class=\"post-article__content-img\"><img decoding=\"async\" loading=\"lazy\" width=\"1280\" height=\"720\" src=\"https:\/\/www.redeszone.net\/app\/uploads-redeszone.net\/2026\/09\/Reolink_OMVI_2i_Ultra_1.jpg\" alt=\"C\u00e1mara de seguridad Reolink OMVI 2i Ultra instalada en una fachada con panel solar integrado.\"><figcaption>La Reolink OMVI 2i Ultra combina un sistema de triple lente con alimentaci\u00f3n mediante panel solar para vigilancia exterior aut\u00f3noma. Foto: Captura propia de RedesZone<\/figcaption><\/figure>\n<p>Una caracter\u00edstica muy importante de este nuevo modelo es que es totalmente inal\u00e1mbrica. Por un lado, tenemos <strong>conectividad Wi-Fi doble banda (2,4 GHz y 5 GHz) para conectarse al router<\/strong> Wi-Fi o AP que tengamos en casa. Tambi\u00e9n dispone de una <strong>bater\u00eda extra\u00edble de 10.000mAh de capacidad que, seg\u00fan Reolink, es capaz de ofrecer<\/strong> hasta 6 meses de autonom\u00eda con una sola carga, el doble de autonom\u00eda que otros modelos de similares caracter\u00edsticas. Gracias al <strong>panel solar integrado de 6W de potencia<\/strong> y con la tecnolog\u00eda <strong>Reolink SolarEase<\/strong>, podemos tener una <strong>eficiencia de un 26%<\/strong>, lo que permite que <strong>la c\u00e1mara funcione durante un d\u00eda m\u00e1s con tan solo 30 minutos de luz solar<\/strong>. En la pr\u00e1ctica, esto significa que no tendremos que cargar nunca la c\u00e1mara, la autonom\u00eda ser\u00e1 indefinida, tal y como hemos comprobado con otras c\u00e1maras como la <a href=\"https:\/\/www.redeszone.net\/analisis\/camaras-ip\/reolink-argus-4-pro\/\"><strong>Reolink Argus 4 Pro<\/strong><\/a> y tambi\u00e9n la Reolink Atlas PT Ultra que llevamos meses usando de forma continuada.<\/p>\n<p>Seg\u00fan Reolink, esta nueva c\u00e1mara <strong>OMVI 2i Ultra saldr\u00e1 a la venta en el cuarto trimestre del a\u00f1o<\/strong>, a finales de octubre. Debemos recordar que tambi\u00e9n tiene otro modelo que no ha sacado a\u00fan que es la <strong>OMVI X16 PoE<\/strong> que incorpora un sensor de 24MP y zoom \u00f3ptico de 16 aumentos, y que espera sacarla en la misma fecha. El precio de este nuevo modelo <strong>OMVI 2i Ultra<\/strong> ser\u00e1 de unos 200 a 250 euros aproximadamente.<\/p>\n<p><span class=\"space_toc\" id=\"1016185-reolink-trackflex-wifi-con-doble-sensor-4k\">\u00a0<\/span><\/p>\n<h2>Reolink TrackFlex WiFi con doble sensor 4K<\/h2>\n<p>Esta nueva c\u00e1mara IP incorpora tambi\u00e9n doble sensor: tenemos un sensor principal que es el gran angular<strong> con resoluci\u00f3n 4K<\/strong> para ver toda la zona videovigilada, y luego tenemos otro <strong>sensor 4K que es PTZ<\/strong> y permite detectar personas y objetos fuera del campo de visi\u00f3n de la anterior, y es que tendremos un movimiento de 355\u00b0 en horizontal y 50\u00b0 en vertical con zoom y seguimiento autom\u00e1tico, ya que tambi\u00e9n incorpora la tecnolog\u00eda SyncTrack.<\/p>\n<figure class=\"post-article__content-img\"><img decoding=\"async\" loading=\"lazy\" width=\"1280\" height=\"720\" src=\"https:\/\/www.redeszone.net\/app\/uploads-redeszone.net\/2026\/09\/Reolink_novedades_IFA_2026.jpg\" alt=\"Maqueta de una casa seccionada en color blanco con el logotipo de Reolink en el centro.\"><figcaption>Presentaci\u00f3n de las soluciones de seguridad para el hogar de Reolink en la feria IFA. Foto: Reolink<\/figcaption><\/figure>\n<p>En cuanto a la conectividad inal\u00e1mbrica, tiene <strong>Wi-Fi 6 de doble banda<\/strong> para conexiones estables, sobre todo si la conectas a la banda de 5 GHz que nos proporcionar\u00e1 un mayor ancho de banda, ya que la banda de 2,4 GHz est\u00e1 muy colapsada. Este modelo incorpora una IA local que diferencia entre personas, veh\u00edculos y animales para reducir las falsas alarmas. Tambi\u00e9n incorpora una nueva tecnolog\u00eda llamada\u00a0<strong>Quick Event Localization<\/strong> que garantiza una grabaci\u00f3n del \u00abantes\u00bb y \u00abdespu\u00e9s\u00bb de la acci\u00f3n, para evitar clips de v\u00eddeo incompletos.<\/p>\n<p>Esta nueva c\u00e1mara estar\u00e1 disponible en Espa\u00f1a a partir del 10 de noviembre, y el precio ser\u00e1 de <strong>199,99 euros<\/strong>.<\/p>\n<\/div>\n","protected":false},"excerpt":{"rendered":"<p>El fabricante Reolink est\u00e1 presente en la feria tecnol\u00f3gica de IFA en Berl\u00edn (Alemania), y ha presentado dos nuevas c\u00e1maras IP de exteriores que nos permitir\u00e1n vigilar el jard\u00edn o terraza de nuestro hogar con la m\u00e1xima calidad de imagen. Este fabricante siempre ha apostado por \u00abtodo local\u00bb, y buena muestra de ello es la [&hellip;]<\/p>\n","protected":false},"author":1,"featured_media":0,"comment_status":"closed","ping_status":"closed","sticky":false,"template":"","format":"standard","meta":[],"categories":[42],"tags":[],"_links":{"self":[{"href":"http:\/\/cordobadirecto.com\/index.php\/wp-json\/wp\/v2\/posts\/206553"}],"collection":[{"href":"http:\/\/cordobadirecto.com\/index.php\/wp-json\/wp\/v2\/posts"}],"about":[{"href":"http:\/\/cordobadirecto.com\/index.php\/wp-json\/wp\/v2\/types\/post"}],"author":[{"embeddable":true,"href":"http:\/\/cordobadirecto.com\/index.php\/wp-json\/wp\/v2\/users\/1"}],"replies":[{"embeddable":true,"href":"http:\/\/cordobadirecto.com\/index.php\/wp-json\/wp\/v2\/comments?post=206553"}],"version-history":[{"count":0,"href":"http:\/\/cordobadirecto.com\/index.php\/wp-json\/wp\/v2\/posts\/206553\/revisions"}],"wp:attachment":[{"href":"http:\/\/cordobadirecto.com\/index.php\/wp-json\/wp\/v2\/media?parent=206553"}],"wp:term":[{"taxonomy":"category","embeddable":true,"href":"http:\/\/cordobadirecto.com\/index.php\/wp-json\/wp\/v2\/categories?post=206553"},{"taxonomy":"post_tag","embeddable":true,"href":"http:\/\/cordobadirecto.com\/index.php\/wp-json\/wp\/v2\/tags?post=206553"}],"curies":[{"name":"wp","href":"https:\/\/api.w.org\/{rel}","templated":true}]}}