{"id":20657,"date":"2021-09-28T19:56:00","date_gmt":"2021-09-28T19:56:00","guid":{"rendered":"https:\/\/lmdiario.com.ar\/contenido\/309517\/comienza-este-viernes-la-35-edicion-de-la-feria-del-libro-cordoba-2021"},"modified":"2021-09-28T19:56:00","modified_gmt":"2021-09-28T19:56:00","slug":"comienza-este-viernes-la-35-edicion-de-la-feria-del-libro-cordoba-2021","status":"publish","type":"post","link":"http:\/\/cordobadirecto.com\/index.php\/2021\/09\/28\/comienza-este-viernes-la-35-edicion-de-la-feria-del-libro-cordoba-2021\/","title":{"rendered":"Comienza este viernes la 35\u00b0 edici\u00f3n de la Feria del Libro C\u00f3rdoba 2021"},"content":{"rendered":"<p><strong>Del 1 al 11 de octubre la ciudad vivir\u00e1 la actividad central de la agenda cultural de la regi\u00f3n, reuniendo ferias de editoriales, librer\u00edas y bibliotecas populares; circuitos y presentaciones; ciclos y espect\u00e1culos; talleres, conferencias y charlas. &nbsp;<\/strong><\/p>\n<p>La Feria del Libro C\u00f3rdoba 2021 contar\u00e1 con<strong> m\u00e1s de 300 actividades gratuitas en el Cabildo, librer\u00edas, centros culturales, museos, teatros y otros espacios locales y de la provincia de C\u00f3rdoba. &nbsp;<\/strong><\/p>\n<p><strong>Su apertura tendr\u00e1 lugar este viernes 1 de octubre a las 18 horas en el Cabildo Hist\u00f3rico de la ciudad.<\/strong> En la oportunidad se compartir\u00e1 la entrega de la edici\u00f3n 2021 del <strong>Premio municipal Alberto Burnichon al mejor libro editado en C\u00f3rdoba.&nbsp;<\/strong><\/p>\n<p>Mientras tanto, <strong>ya comenz\u00f3 la instalaci\u00f3n de las carpas que albergar\u00e1n a la feria de librer\u00edas locales que se desarrollar\u00e1 en la Supermanzana de la Plaza de la Intendencia. &nbsp;<\/strong><\/p>\n<p><strong><img loading=\"lazy\" alt=\"Feria del Libro 2 @munide cba\" class=\"img-responsive lazyload\" data-src=\"http:\/\/cordobadirecto.com\/wp-content\/uploads\/2021\/09\/comienza-este-viernes-la-35-edicion-de-la-feria-del-libro-cordoba-2021.jpg\" data-srcset=\"\/download\/multimedia.normal.bd542ca27c677333.46657269612064656c204c6962726f203220406d756e696465206362615f6e6f726d616c2e6a706567.jpeg 999w, \/download\/multimedia.miniatura.97314318d7046f97.46657269612064656c204c6962726f203220406d756e696465206362615f6d696e6961747572612e6a706567.jpeg 400w\" height=\"666\" src=\"data:,\" width=\"999\"><\/strong><\/p>\n<p>La misma estar\u00e1 compuesta por alrededor de<strong> 30 stands que atender\u00e1n de 11 a 20 horas, con ingreso gratuito y seg\u00fan aforo.&nbsp;<\/strong><\/p>\n<p><strong>Esta 35\u00b0 edici\u00f3n hace foco en la traducci\u00f3n como posibilidad de encuentro de culturas, bajo la curadur\u00eda de Graciela Bialet y con la producci\u00f3n general de Lisa Daveloza.&nbsp;<\/strong><\/p>\n<p>Unas 180 propuestas ser\u00e1n presenciales, 90 virtuales y las dem\u00e1s corresponden a programaci\u00f3n adherida. <strong>Las actividades con presencialidad permitida se realizar\u00e1n seg\u00fan aforo de cada espacio, por lo que se recomienda asistir 20 minutos antes de cada actividad.&nbsp;<\/strong><\/p>\n<p>La agenda presencial est\u00e1 disponible en este enlace:<a href=\"https:\/\/bit.ly\/FLC21_Presen&nbsp;\" rel=\"noopener\" target=\"_blank\"> https:\/\/bit.ly\/FLC21_Presen&nbsp;<\/a><\/p>\n<p>En tanto la programaci\u00f3n virtual se desarrolla a trav\u00e9s de este canal<a href=\"http:\/\/:%20https:\/\/bit.ly\/CanalFLC2021\" rel=\"noopener\" target=\"_blank\">: https:\/\/bit.ly\/CanalFLC2021<\/a> y puede consultarse completa en este enlace: <a href=\"https:\/\/bit.ly\/FLC21_Virtual%20&nbsp;\" rel=\"noopener\" target=\"_blank\">https:\/\/bit.ly\/FLC21_Virtual &nbsp;<\/a><\/p>\n<p><strong>La comisi\u00f3n organizadora de la Feria est\u00e1 formada por la Subsecretar\u00eda de Cultura de la Municipalidad de C\u00f3rdoba, la Agencia C\u00f3rdoba Cultura, la Universidad Nacional de C\u00f3rdoba, CALIPACER y SADE filial C\u00f3rdoba.&nbsp;<\/strong><\/p>\n<p><strong>El lema \u201cTrascender fronteras, acercar culturas\u201d entrelaza contenidos para dar cuenta de la pluralidad de voces en torno a la cultura.<\/strong> La traducci\u00f3n se piensa como pasaje de un punto a otro, como traslaci\u00f3n, tr\u00e1nsito, para decodificar y recodificar desde la palabra y hacia otras realidades posibles y g\u00e9neros \u2014como el cine, la m\u00fasica, las artes visuales y esc\u00e9nicas, y tantas otras expresiones. &nbsp;<\/p>\n<p>En materia de personalidades invitadas destacan: <strong>Camila Sosa Villada, Susy Shock y Juan I\u00f1aki, Claudia Pi\u00f1eiro y Marcelo Pi\u00f1eyro, Mar\u00eda Teresa Andruetto, Tununa Mercado, Isol, Alejandro Dujovne, Perla Suez, Estela Smania, Lautaro Vilo, Pablo Sigismondi, Raquel Franco, Flavia Costa, Heber Ostroviesky, Micaela Van Mulelm, Silvia Barei, Facundo Giuliano, Julieta Canedo, Natalia Porta L\u00f3pez, David Garc\u00eda, Orlando Van Bredan, Leticia Ressia, Elena Annibali, Guillermo Bravo, Elena P\u00e9rez, Mariana Etchegorry y Francisco Bitar, entre otras. Por su parte, Barbara Cassin, Mich\u00e9le Petit, Susy Delgado, Evelio Cabrejo, Margarita Garc\u00eda Robayo, Norma Flores Allende, Marco T\u00f3xico, Moncho Azuaga, Edu Barreto, Litto Nebbia y Ra\u00fal Porchetto,<\/strong> son algunos de las\/os referentes internacionales de la presente edici\u00f3n.&nbsp;<\/p>\n<h3>Programaci\u00f3n&nbsp;&nbsp;<\/h3>\n<p>En su dimensi\u00f3n virtual habr\u00e1 una grilla de presentaciones y charlas desde el 1 al 11 de octubre, desde las<strong> 15.30 y hasta las 22 aproximadamente,<\/strong> con participaci\u00f3n de autores locales, nacionales e internacionales. <strong>La grilla comprende entre 7 y 8 actividades diarias<\/strong> que podr\u00e1n disfrutarse a trav\u00e9s del canal de YouTube de la Subsecretar\u00eda de Cultura <a href=\"https:\/\/bit.ly\/CanalFLC2021&nbsp;\" rel=\"noopener\" target=\"_blank\">https:\/\/bit.ly\/CanalFLC2021&nbsp;<\/a><\/p>\n<p>El circuito presencial, con presentaciones y espect\u00e1culos en librer\u00edas, espacios p\u00fablicos y culturales, ofrecer\u00e1 agenda en<strong> horario vespertino, desde el viernes 1 a las 11 horas, y hasta el lunes 11 de octubre pasadas las 20.&nbsp;<\/strong><\/p>\n<p>El recorrido est\u00e1 constituido, en primer lugar, por librer\u00edas locales que ofrecer\u00e1n en sus sedes presentaciones de libros, autoras\/es y espect\u00e1culos musicales, donde adem\u00e1s los lectores podr\u00e1n acceder a la compra de libros. Participar\u00e1n, entre otras: Rub\u00e9n Libros, El Espejo Libros, Librer\u00eda Infanto Juvenil, Mundo Lectura, Crossover Comics Store, Librer\u00eda San Mart\u00edn, Librer\u00eda Jur\u00eddica Intellectvs, El Emporio Libros y La Librer\u00eda. Tambi\u00e9n habr\u00e1 nodos en barrio G\u00fcemes (Volc\u00e1n Azul Libros &amp; Arte y En un lugar de la mancha).&nbsp;<\/p>\n<p>Otro escenario descentralizado se extender\u00e1 a trav\u00e9s de los centros culturales, con presentaciones de libros, charlas, talleres y propuestas art\u00edsticas. El Cabildo ser\u00e1 sede de los stands de editoriales locales, nucleadas dentro de Bar\u00f3n Biza, y tambi\u00e9n de su programaci\u00f3n presencial; y se sumar\u00e1n para esta edici\u00f3n actividades en el Museo Juan de Tejeda, el Centro Cultural Espa\u00f1a C\u00f3rdoba y el Centro Cultural La Piojera, el Museo Genaro P\u00e9rez, la ex Legislatura Provincial, el Museo de las Mujeres, la Biblioteca C\u00f3rdoba, el Museo Marqu\u00e9s de Sobremonte, el Museo de la Memoria, el Jard\u00edn Bot\u00e1nico y el Teatro Griego.<\/p>\n","protected":false},"excerpt":{"rendered":"<p>Del 1 al 11 de octubre la ciudad vivir\u00e1 la actividad central de la agenda cultural de la regi\u00f3n, reuniendo ferias de editoriales, librer\u00edas y bibliotecas populares; circuitos y presentaciones; ciclos y espect\u00e1culos; talleres, conferencias y charlas. &nbsp; La Feria del Libro C\u00f3rdoba 2021 contar\u00e1 con m\u00e1s de 300 actividades gratuitas en el Cabildo, librer\u00edas, [&hellip;]<\/p>\n","protected":false},"author":1,"featured_media":20658,"comment_status":"closed","ping_status":"closed","sticky":false,"template":"","format":"standard","meta":[],"categories":[20],"tags":[],"_links":{"self":[{"href":"http:\/\/cordobadirecto.com\/index.php\/wp-json\/wp\/v2\/posts\/20657"}],"collection":[{"href":"http:\/\/cordobadirecto.com\/index.php\/wp-json\/wp\/v2\/posts"}],"about":[{"href":"http:\/\/cordobadirecto.com\/index.php\/wp-json\/wp\/v2\/types\/post"}],"author":[{"embeddable":true,"href":"http:\/\/cordobadirecto.com\/index.php\/wp-json\/wp\/v2\/users\/1"}],"replies":[{"embeddable":true,"href":"http:\/\/cordobadirecto.com\/index.php\/wp-json\/wp\/v2\/comments?post=20657"}],"version-history":[{"count":0,"href":"http:\/\/cordobadirecto.com\/index.php\/wp-json\/wp\/v2\/posts\/20657\/revisions"}],"wp:featuredmedia":[{"embeddable":true,"href":"http:\/\/cordobadirecto.com\/index.php\/wp-json\/wp\/v2\/media\/20658"}],"wp:attachment":[{"href":"http:\/\/cordobadirecto.com\/index.php\/wp-json\/wp\/v2\/media?parent=20657"}],"wp:term":[{"taxonomy":"category","embeddable":true,"href":"http:\/\/cordobadirecto.com\/index.php\/wp-json\/wp\/v2\/categories?post=20657"},{"taxonomy":"post_tag","embeddable":true,"href":"http:\/\/cordobadirecto.com\/index.php\/wp-json\/wp\/v2\/tags?post=20657"}],"curies":[{"name":"wp","href":"https:\/\/api.w.org\/{rel}","templated":true}]}}