{"id":206571,"date":"2026-09-05T00:05:24","date_gmt":"2026-09-05T00:05:24","guid":{"rendered":"http:\/\/cordobadirecto.com\/index.php\/2026\/09\/05\/la-municipalidad-de-cordoba-llevara-a-cabo-la-prueba-de-oposicion-para-jardines-municipales\/"},"modified":"2026-09-05T00:05:24","modified_gmt":"2026-09-05T00:05:24","slug":"la-municipalidad-de-cordoba-llevara-a-cabo-la-prueba-de-oposicion-para-jardines-municipales","status":"publish","type":"post","link":"http:\/\/cordobadirecto.com\/index.php\/2026\/09\/05\/la-municipalidad-de-cordoba-llevara-a-cabo-la-prueba-de-oposicion-para-jardines-municipales\/","title":{"rendered":"La Municipalidad de C\u00f3rdoba llevar\u00e1 a cabo la Prueba de Oposici\u00f3n para jardines municipales"},"content":{"rendered":"<div>\n<ul>\n<li data-prosemirror-content-type=\"node\" data-prosemirror-node-name=\"paragraph\" data-prosemirror-node-block=\"true\"><strong>La evaluaci\u00f3n se realizar\u00e1 el s\u00e1bado 19 en la Universidad Nacional de C\u00f3rdoba.<\/strong><\/li>\n<li data-prosemirror-content-type=\"node\" data-prosemirror-node-name=\"paragraph\" data-prosemirror-node-block=\"true\"><strong>La acreditaci\u00f3n ser\u00e1 de 08:30 a 09:30 horas.<\/strong><\/li>\n<\/ul>\n<hr>\n<p data-prosemirror-content-type=\"node\" data-prosemirror-node-name=\"paragraph\" data-prosemirror-node-block=\"true\">La Secretar\u00eda de Educaci\u00f3n de la Municipalidad de C\u00f3rdoba informa que la Prueba de Oposici\u00f3n para los Jardines Municipales, establecida mediante la Resoluci\u00f3n N.\u00b0 035\/26, se realizar\u00e1 el pr\u00f3ximo s\u00e1bado 19 de septiembre a las 09:30 horas.<\/p>\n<p data-prosemirror-content-type=\"node\" data-prosemirror-node-name=\"paragraph\" data-prosemirror-node-block=\"true\">La instancia de evaluaci\u00f3n tendr\u00e1 lugar en las Bater\u00edas de Aulas de Usos Com\u00fan \u201cC\u201d de la Universidad Nacional de C\u00f3rdoba, ubicadas en Calle Interna N.\u00b0 830. La acreditaci\u00f3n de quienes participen comenzar\u00e1 a las 08:30 y se extender\u00e1 hasta las 09:30, horario previsto para el inicio de la prueba.<\/p>\n<p data-prosemirror-content-type=\"node\" data-prosemirror-node-name=\"paragraph\" data-prosemirror-node-block=\"true\">Para participar, ser\u00e1 necesario presentarse con DNI, constancia de inscripci\u00f3n y lapicera azul. Se recomienda asistir con anticipaci\u00f3n para realizar la acreditaci\u00f3n dentro del horario establecido y contar con toda la documentaci\u00f3n y los elementos requeridos.<\/p>\n<p data-prosemirror-content-type=\"node\" data-prosemirror-node-name=\"paragraph\" data-prosemirror-node-block=\"true\">La ubicaci\u00f3n de las Bater\u00edas de Aulas de Usos Com\u00fan \u201cC\u201d puede consultarse en el siguiente enlace: <a href=\"https:\/\/maps.app.goo.gl\/NzPEgLq88P5cZnc7\" data-prosemirror-content-type=\"mark\" data-prosemirror-mark-name=\"link\">https:\/\/maps.app.goo.gl\/NzPEgLq88P5cZnc7<\/a><\/p>\n<p>La entrada <a href=\"https:\/\/cordoba.gob.ar\/la-municipalidad-de-cordoba-llevara-a-cabo-la-prueba-de-oposicion-para-jardines-municipales\/\">La Municipalidad de C\u00f3rdoba llevar\u00e1 a cabo la Prueba de Oposici\u00f3n para jardines municipales<\/a> se public\u00f3 primero en <a href=\"https:\/\/cordoba.gob.ar\/\">Municipalidad de C\u00f3rdoba.<\/a>.<\/p>\n<\/div>\n","protected":false},"excerpt":{"rendered":"<p>La evaluaci\u00f3n se realizar\u00e1 el s\u00e1bado 19 en la Universidad Nacional de C\u00f3rdoba. La acreditaci\u00f3n ser\u00e1 de 08:30 a 09:30 horas. La Secretar\u00eda de Educaci\u00f3n de la Municipalidad de C\u00f3rdoba informa que la Prueba de Oposici\u00f3n para los Jardines Municipales, establecida mediante la Resoluci\u00f3n N.\u00b0 035\/26, se realizar\u00e1 el pr\u00f3ximo s\u00e1bado 19 de septiembre a [&hellip;]<\/p>\n","protected":false},"author":1,"featured_media":0,"comment_status":"closed","ping_status":"closed","sticky":false,"template":"","format":"standard","meta":[],"categories":[44],"tags":[],"_links":{"self":[{"href":"http:\/\/cordobadirecto.com\/index.php\/wp-json\/wp\/v2\/posts\/206571"}],"collection":[{"href":"http:\/\/cordobadirecto.com\/index.php\/wp-json\/wp\/v2\/posts"}],"about":[{"href":"http:\/\/cordobadirecto.com\/index.php\/wp-json\/wp\/v2\/types\/post"}],"author":[{"embeddable":true,"href":"http:\/\/cordobadirecto.com\/index.php\/wp-json\/wp\/v2\/users\/1"}],"replies":[{"embeddable":true,"href":"http:\/\/cordobadirecto.com\/index.php\/wp-json\/wp\/v2\/comments?post=206571"}],"version-history":[{"count":0,"href":"http:\/\/cordobadirecto.com\/index.php\/wp-json\/wp\/v2\/posts\/206571\/revisions"}],"wp:attachment":[{"href":"http:\/\/cordobadirecto.com\/index.php\/wp-json\/wp\/v2\/media?parent=206571"}],"wp:term":[{"taxonomy":"category","embeddable":true,"href":"http:\/\/cordobadirecto.com\/index.php\/wp-json\/wp\/v2\/categories?post=206571"},{"taxonomy":"post_tag","embeddable":true,"href":"http:\/\/cordobadirecto.com\/index.php\/wp-json\/wp\/v2\/tags?post=206571"}],"curies":[{"name":"wp","href":"https:\/\/api.w.org\/{rel}","templated":true}]}}