{"id":206573,"date":"2026-09-05T00:35:06","date_gmt":"2026-09-05T00:35:06","guid":{"rendered":"https:\/\/cordoba.gob.ar\/?p=93963"},"modified":"2026-09-05T00:35:06","modified_gmt":"2026-09-05T00:35:06","slug":"passerini-en-el-inicio-de-la-semana-social-para-la-gestion-publica-tender-puentes-hacia-el-bien-comun-es-una-sana-obligacion","status":"publish","type":"post","link":"http:\/\/cordobadirecto.com\/index.php\/2026\/09\/05\/passerini-en-el-inicio-de-la-semana-social-para-la-gestion-publica-tender-puentes-hacia-el-bien-comun-es-una-sana-obligacion\/","title":{"rendered":"Passerini en el inicio de la Semana Social: \u201cPara la gesti\u00f3n p\u00fablica, tender puentes hacia el bien com\u00fan es una sana obligaci\u00f3n\u201d"},"content":{"rendered":"<div><img src=\"http:\/\/cordobadirecto.com\/wp-content\/uploads\/2026\/09\/passerini-en-el-inicio-de-la-semana-social-para-la-gestion-publica-tender-puentes-hacia-el-bien-comun-es-una-sana-obligacion.jpg\" class=\"ff-og-image-inserted\"><\/div>\n<p>Este viernes comenz\u00f3 la Semana Social 2026, que busca ser un espacio de encuentro, reflexi\u00f3n y di\u00e1logo entre los diversos actores que componen la vida p\u00fablica y ciudadana. El intendente Daniel Passerini particip\u00f3 de la multitudinaria misa realizada en la Catedral, a cargo del Arzobispo de C\u00f3rdoba, \u00c1ngel Rossi, en la apertura formal de las actividades.<\/p>\n<p>Durante el encuentro, el intendente Daniel Passerini enfatiz\u00f3: \u201cCelebro que se generen estos espacios para poder debatir y que en la diversidad de pensamiento acordemos un mismo objetivo. Tender puentes hacia el bien com\u00fan es una misi\u00f3n y para la la gesti\u00f3n p\u00fablica una sana obligaci\u00f3n\u201d.<\/p>\n<p>\u201cLe\u00f3n XIV hoy nos regala la enc\u00edclica \u2018Magnifica Humanitas\u2019, cuyo objetivo es cuidar al hombre de los desaf\u00edos de la inteligencia artificial. La tecnolog\u00eda es algo que el hombre ha creado para darle calidad de vida y garantizar una buena libertad. Somos convencidos que para construir pol\u00edticas p\u00fablicas hay aprovechar la tecnolog\u00eda, usar la evidencia de los datos y no perder de vista que debemos centrarnos en las personas\u201d, argument\u00f3 Passerini en relaci\u00f3n al contexto global.<\/p>\n<p>A su tiempo, el Cardenal \u00c1ngel Sixto Rossi, expres\u00f3: \u201cTender puentes implica la uni\u00f3n de opuestos, la reconciliaci\u00f3n entre culturas, clases sociales o ideolog\u00edas tradicionalmente enfrentadas; transformar las relaciones, crear alianzas y tratados de paz nos hace amigos y nos vincula\u201d.<\/p>\n<p>La Semana Social 2026 se desarrolla los d\u00edas 4, 5 y 6 de septiembre bajo los ejes tem\u00e1ticos \u00abLiderazgo desde Francisco\u00bb y \u00abPuentes hacia el Bien Com\u00fan\u00bb. El prop\u00f3sito: formar a nuevos dirigentes bajo la visi\u00f3n del Papa Francisco, frente a desaf\u00edos contempor\u00e1neos como la Inteligencia Artificial y la fragmentaci\u00f3n social.<\/p>\n<p>\u201cQue en esta semana renovemos nuestro compromiso en ser fieles, a\u00fan con nuestras fragilidades, a la tarea y la misi\u00f3n que Dios nos da, trabajando por un mundo mejor donde nadie quede marginado y para que toda persona que habita este pa\u00eds pueda nacer, vivir y crecer con dignidad\u201d, se\u00f1al\u00f3 Monse\u00f1or Dante Gustavo Braida, presidente de la Comisi\u00f3n Episcopal de Pastoral Social (CEPAS) de la Argentina.<\/p>\n<p>El evento est\u00e1 impulsado por la Conferencia Episcopal Argentina, la Comisi\u00f3n Episcopal Pastoral Social, la Comisi\u00f3n Nacional de Justicia y Paz, Caritas Argentina, la Universidad Cat\u00f3lica de C\u00f3rdoba y el Instituto Papa Francisco, de la Pontificia Universidad Cat\u00f3lica Argentina. Acompa\u00f1an la Municipalidad de C\u00f3rdoba y el Gobierno Provincial.<\/p>\n<p>Luego de la misa, la comitiva visit\u00f3 la \u201cSala de vidas para ser contadas\u201d en el Archivo Provincial de la Memoria, donde se incorporaron las historias de los m\u00e1rtires riojanos Wenceslao Pedernera, Carlos de Dios Murias, Gabriel Longueville junto a monse\u00f1or Enrique Angelelli.<\/p>\n<p><strong>Semana Social 2026<\/strong><\/p>\n<p>La semana integra a participantes de m\u00faltiples sectores, que dialogan con aportes de la Doctrina Social de la Iglesia sobre problem\u00e1ticas actuales, en la b\u00fasqueda de consensos para mejorar la convivencia democr\u00e1tica y el desarrollo humano integral.<\/p>\n<p>La jornada \u201cLiderazgo desde Francisco\u201d comenz\u00f3 por la ma\u00f1ana en la Universidad Cat\u00f3lica de C\u00f3rdoba, dirigida a personas que ejercen responsabilidades de conducci\u00f3n en todos los \u00e1mbitos de la sociedad.<\/p>\n<p>El s\u00e1bado habr\u00e1 distintos paneles tem\u00e1ticos como \u201cBien Com\u00fan y Econom\u00eda frente a la Inteligencia Artificial\u201d y otro sobre poder digital, el taller \u00abVerdad, Trabajo, Libertad\u00bb, finalizando con una oraci\u00f3n ecum\u00e9nica, misa y un \u201cFestival del Encuentro\u201d. El domingo tendr\u00e1 lugar el panel de \u201cEcolog\u00eda Integral\u201d, un espacio de \u00abConversaci\u00f3n en el Esp\u00edritu\u00bb y clausura con la Misa de la Creaci\u00f3n.<\/p>\n<p>El programa completo de actividades y sedes se puede revisar desde el <a href=\"https:\/\/pastoralsocial.org.ar\/semana-social-2026\/\">siguiente link.<\/a><\/p>\n","protected":false},"excerpt":{"rendered":"<p>Este viernes comenz\u00f3 la Semana Social 2026, que busca ser un espacio de encuentro, reflexi\u00f3n y di\u00e1logo entre los diversos actores que componen la vida p\u00fablica y ciudadana. El intendente Daniel Passerini particip\u00f3 de la multitudinaria misa realizada en la Catedral, a cargo del Arzobispo de C\u00f3rdoba, \u00c1ngel Rossi, en la apertura formal de las [&hellip;]<\/p>\n","protected":false},"author":1,"featured_media":206574,"comment_status":"closed","ping_status":"closed","sticky":false,"template":"","format":"standard","meta":[],"categories":[44],"tags":[],"_links":{"self":[{"href":"http:\/\/cordobadirecto.com\/index.php\/wp-json\/wp\/v2\/posts\/206573"}],"collection":[{"href":"http:\/\/cordobadirecto.com\/index.php\/wp-json\/wp\/v2\/posts"}],"about":[{"href":"http:\/\/cordobadirecto.com\/index.php\/wp-json\/wp\/v2\/types\/post"}],"author":[{"embeddable":true,"href":"http:\/\/cordobadirecto.com\/index.php\/wp-json\/wp\/v2\/users\/1"}],"replies":[{"embeddable":true,"href":"http:\/\/cordobadirecto.com\/index.php\/wp-json\/wp\/v2\/comments?post=206573"}],"version-history":[{"count":0,"href":"http:\/\/cordobadirecto.com\/index.php\/wp-json\/wp\/v2\/posts\/206573\/revisions"}],"wp:featuredmedia":[{"embeddable":true,"href":"http:\/\/cordobadirecto.com\/index.php\/wp-json\/wp\/v2\/media\/206574"}],"wp:attachment":[{"href":"http:\/\/cordobadirecto.com\/index.php\/wp-json\/wp\/v2\/media?parent=206573"}],"wp:term":[{"taxonomy":"category","embeddable":true,"href":"http:\/\/cordobadirecto.com\/index.php\/wp-json\/wp\/v2\/categories?post=206573"},{"taxonomy":"post_tag","embeddable":true,"href":"http:\/\/cordobadirecto.com\/index.php\/wp-json\/wp\/v2\/tags?post=206573"}],"curies":[{"name":"wp","href":"https:\/\/api.w.org\/{rel}","templated":true}]}}