{"id":206607,"date":"2026-09-05T10:03:30","date_gmt":"2026-09-05T10:03:30","guid":{"rendered":"http:\/\/cordobadirecto.com\/index.php\/2026\/09\/05\/las-preguntas-que-me-hice-tras-estar-a-punto-de-morir-sin-darme-cuenta-un-sabado-cualquiera-en-mi-propia-casa\/"},"modified":"2026-09-05T10:03:30","modified_gmt":"2026-09-05T10:03:30","slug":"las-preguntas-que-me-hice-tras-estar-a-punto-de-morir-sin-darme-cuenta-un-sabado-cualquiera-en-mi-propia-casa","status":"publish","type":"post","link":"http:\/\/cordobadirecto.com\/index.php\/2026\/09\/05\/las-preguntas-que-me-hice-tras-estar-a-punto-de-morir-sin-darme-cuenta-un-sabado-cualquiera-en-mi-propia-casa\/","title":{"rendered":"Las preguntas que me hice tras estar a punto de morir sin darme cuenta un s\u00e1bado cualquiera en mi propia casa"},"content":{"rendered":"<div>La escritora Marta Jim\u00e9nez Serrano habla sobre el trauma, la crisis de la vivienda y la incertidumbre que define a toda una generaci\u00f3n.<\/div>\n","protected":false},"excerpt":{"rendered":"<p>La escritora Marta Jim\u00e9nez Serrano habla sobre el trauma, la crisis de la vivienda y la incertidumbre que define a toda una generaci\u00f3n.<\/p>\n","protected":false},"author":1,"featured_media":0,"comment_status":"closed","ping_status":"closed","sticky":false,"template":"","format":"standard","meta":[],"categories":[24],"tags":[],"_links":{"self":[{"href":"http:\/\/cordobadirecto.com\/index.php\/wp-json\/wp\/v2\/posts\/206607"}],"collection":[{"href":"http:\/\/cordobadirecto.com\/index.php\/wp-json\/wp\/v2\/posts"}],"about":[{"href":"http:\/\/cordobadirecto.com\/index.php\/wp-json\/wp\/v2\/types\/post"}],"author":[{"embeddable":true,"href":"http:\/\/cordobadirecto.com\/index.php\/wp-json\/wp\/v2\/users\/1"}],"replies":[{"embeddable":true,"href":"http:\/\/cordobadirecto.com\/index.php\/wp-json\/wp\/v2\/comments?post=206607"}],"version-history":[{"count":0,"href":"http:\/\/cordobadirecto.com\/index.php\/wp-json\/wp\/v2\/posts\/206607\/revisions"}],"wp:attachment":[{"href":"http:\/\/cordobadirecto.com\/index.php\/wp-json\/wp\/v2\/media?parent=206607"}],"wp:term":[{"taxonomy":"category","embeddable":true,"href":"http:\/\/cordobadirecto.com\/index.php\/wp-json\/wp\/v2\/categories?post=206607"},{"taxonomy":"post_tag","embeddable":true,"href":"http:\/\/cordobadirecto.com\/index.php\/wp-json\/wp\/v2\/tags?post=206607"}],"curies":[{"name":"wp","href":"https:\/\/api.w.org\/{rel}","templated":true}]}}