{"id":206612,"date":"2026-09-05T12:00:07","date_gmt":"2026-09-05T12:00:07","guid":{"rendered":"http:\/\/cordobadirecto.com\/index.php\/2026\/09\/05\/ferro-no-pudo-con-mitre-sde-y-empieza-a-sembrar-dudas-en-la-recta-final-del-torneo\/"},"modified":"2026-09-05T12:00:07","modified_gmt":"2026-09-05T12:00:07","slug":"ferro-no-pudo-con-mitre-sde-y-empieza-a-sembrar-dudas-en-la-recta-final-del-torneo","status":"publish","type":"post","link":"http:\/\/cordobadirecto.com\/index.php\/2026\/09\/05\/ferro-no-pudo-con-mitre-sde-y-empieza-a-sembrar-dudas-en-la-recta-final-del-torneo\/","title":{"rendered":"Ferro no pudo con Mitre (SdE) y empieza a sembrar dudas en la recta final del torneo"},"content":{"rendered":"<div>\n<p>A pesar de que el Verde mereci\u00f3 ganar, no logr\u00f3 romper el cero ante el Aurinegro y acumula dos empates al hilo que de poco le sirven si quiere seguir siendo el l\u00edder de la Primera Nacional.<\/p>\n<\/div>\n","protected":false},"excerpt":{"rendered":"<p>A pesar de que el Verde mereci\u00f3 ganar, no logr\u00f3 romper el cero ante el Aurinegro y acumula dos empates al hilo que de poco le sirven si quiere seguir siendo el l\u00edder de la Primera Nacional.<\/p>\n","protected":false},"author":1,"featured_media":0,"comment_status":"closed","ping_status":"closed","sticky":false,"template":"","format":"standard","meta":[],"categories":[21],"tags":[],"_links":{"self":[{"href":"http:\/\/cordobadirecto.com\/index.php\/wp-json\/wp\/v2\/posts\/206612"}],"collection":[{"href":"http:\/\/cordobadirecto.com\/index.php\/wp-json\/wp\/v2\/posts"}],"about":[{"href":"http:\/\/cordobadirecto.com\/index.php\/wp-json\/wp\/v2\/types\/post"}],"author":[{"embeddable":true,"href":"http:\/\/cordobadirecto.com\/index.php\/wp-json\/wp\/v2\/users\/1"}],"replies":[{"embeddable":true,"href":"http:\/\/cordobadirecto.com\/index.php\/wp-json\/wp\/v2\/comments?post=206612"}],"version-history":[{"count":0,"href":"http:\/\/cordobadirecto.com\/index.php\/wp-json\/wp\/v2\/posts\/206612\/revisions"}],"wp:attachment":[{"href":"http:\/\/cordobadirecto.com\/index.php\/wp-json\/wp\/v2\/media?parent=206612"}],"wp:term":[{"taxonomy":"category","embeddable":true,"href":"http:\/\/cordobadirecto.com\/index.php\/wp-json\/wp\/v2\/categories?post=206612"},{"taxonomy":"post_tag","embeddable":true,"href":"http:\/\/cordobadirecto.com\/index.php\/wp-json\/wp\/v2\/tags?post=206612"}],"curies":[{"name":"wp","href":"https:\/\/api.w.org\/{rel}","templated":true}]}}