{"id":206618,"date":"2026-09-05T12:34:23","date_gmt":"2026-09-05T12:34:23","guid":{"rendered":"https:\/\/cordoba.gob.ar\/?p=93971"},"modified":"2026-09-05T12:34:23","modified_gmt":"2026-09-05T12:34:23","slug":"nueva-edicion-del-seminario-de-viticultura-en-la-universidad-libre-del-ambiente","status":"publish","type":"post","link":"http:\/\/cordobadirecto.com\/index.php\/2026\/09\/05\/nueva-edicion-del-seminario-de-viticultura-en-la-universidad-libre-del-ambiente\/","title":{"rendered":"Nueva edici\u00f3n del Seminario de Viticultura en la Universidad Libre del Ambiente"},"content":{"rendered":"<div><img src=\"http:\/\/cordobadirecto.com\/wp-content\/uploads\/2026\/09\/nueva-edicion-del-seminario-de-viticultura-en-la-universidad-libre-del-ambiente.jpg\" class=\"ff-og-image-inserted\"><\/div>\n<ul>\n<li><strong>Desde la Universidad Libre del Ambiente se efect\u00faa una instrucci\u00f3n in\u00e9dita para cultivar la vid en una gran urbe como C\u00f3rdoba.<\/strong><\/li>\n<li aria-level=\"1\"><strong>Las inscripciones est\u00e1n abiertas y la actividad, de car\u00e1cter presencial, es gratuita.&nbsp;<\/strong><\/li>\n<\/ul>\n<hr>\n<p><span>Est\u00e1n abiertas las inscripciones para el segundo Seminario de Viticultura Urbana. Esta propuesta, in\u00e9dita en nuestra ciudad, crece y se asienta. Es organizada por la Universidad Libre del Ambiente (ULA), dependiente de la Secretar\u00eda de Ambiente Sustentable y Econom\u00eda Circular de la Municipalidad de C\u00f3rdoba.<\/span><\/p>\n<p><span>Durante este mes de setiembre, se desarrollar\u00e1 en un per\u00edodo de cuatro mi\u00e9rcoles (9, 16, 23 y 30 de septiembre), de 15:00 a 17:00. Es de car\u00e1cter gratuito, con modalidad presencial. <a href=\"https:\/\/docs.google.com\/forms\/d\/e\/1FAIpQLSfksg94a0UiCpCUlgeKMdkLX-M2sqZNGxmF25trJnJSdopF7w\/viewform\">Para anotarse, rellenar el siguiente formulario.<\/a><\/span><\/p>\n<p><span>La instrucci\u00f3n tendr\u00e1 lugar en la ULA (avenida del Piamonte al 800, barrio Quebrada de las Rosas).<\/span><\/p>\n<p><span>Los alumnos tienen como requisito la presentaci\u00f3n de un proyecto personal. En esta nueva etapa, la propuesta es ampliar la participaci\u00f3n con expertos de cada tema, como cambio clim\u00e1tico, e invitar a personas vinculadas a vi\u00f1edos de la Provincia de C\u00f3rdoba para que cuenten de sus experiencias locales.&nbsp;<\/span><\/p>\n<p><span>La primera edici\u00f3n origin\u00f3 el vi\u00f1edo urbano municipal-universitario p\u00fablico de la ULA, p<\/span><span>or lo cual en esta segunda parte los alumnos cuentan con un espacio concreto para experimentar y aprender, con una premisa que orienta la tarea: el cultivo de la vid y la producci\u00f3n pueden encontrar su lugar en la ciudad. Esto genera espacios verdes productivos y nuevas maneras de vincularse con la naturaleza.<\/span><\/p>\n<p><span>Sobre los motivos que impulsaron esta capacitaci\u00f3n, Ximena Barros, una de las profesoras y organizadoras de la actividad, explic\u00f3: \u201cCuando comenzamos a preparar el seminario, tuvimos la convicci\u00f3n de que la idea era innovadora y que podr\u00eda tener buena aceptaci\u00f3n e inter\u00e9s. La expectativa que ten\u00edamos fue superada, los alumnos se inscribieron impulsados por la curiosidad, el inter\u00e9s por la sostenibilidad, la producci\u00f3n de alimentos, el cuidado del ambiente o simplemente por el deseo de aprender algo nuevo\u201d.&nbsp;<\/span><\/p>\n<p><span>Barros tambi\u00e9n especific\u00f3 que \u201cNos propusimos objetivos claros: acercar el conocimiento sobre la viticultura a la comunidad, demostrar que es posible producir y cultivar en entornos urbanos, reflexionar sobre el v\u00ednculo entre las ciudades y la naturaleza, y generar herramientas que permitan construir espacios m\u00e1s sostenibles y resilientes\u201d.&nbsp;<\/span><\/p>\n<p><b>Los ejes tem\u00e1ticos<\/b><\/p>\n<p><span>Durante los encuentros se trabajar\u00e1 sobre: ciclo de la vid y caracter\u00edsticas del cultivo; elecci\u00f3n de variedades y requerimientos; implantaci\u00f3n, cuidados y sistemas de conducci\u00f3n; y poda, manejo y mantenimiento. Tambi\u00e9n se brindar\u00e1 instrucci\u00f3n sobre: relaci\u00f3n entre viticultura, paisaje e infraestructura verde; aportes a la educaci\u00f3n ambiental y la producci\u00f3n sostenible; y experiencias pr\u00e1cticas en el vi\u00f1edo urbano de la ULA.&nbsp;<\/span><\/p>\n<p><span>La propuesta est\u00e1 destinada a personas interesadas en la viticultura, agricultura urbana, ambiente, paisajismo, producci\u00f3n sostenible y espacios verdes. No se requieren conocimientos previos.&nbsp;<\/span><\/p>\n<p><b>Cultivar la vid en la ciudad<\/b><\/p>\n<p><span>\u201cOtro de los intereses fue c\u00f3mo adaptar la plantaci\u00f3n de vid a peque\u00f1os espacios, como balcones y terrazas, en macetas y canteros, y pudimos transmitir los conocimientos de la planta, el suelo y los requerimientos de agua y conducci\u00f3n acorde a cada espacio, qu\u00e9 tipo de variedad se adapta m\u00e1s a nuestro clima local y qu\u00e9 aportaba a los distintos espacios tener plantas\u201d, se\u00f1al\u00f3 Ximena Barros.<\/span><span>&nbsp;<\/span><\/p>\n<p><span>Finalmente, Barros cont\u00f3: \u201cEn las clases hubo mucha participaci\u00f3n y expectativa por la clase pr\u00e1ctica de plantaci\u00f3n en la ULA y por ser parte de la inauguraci\u00f3n de primer vi\u00f1edo urbano p\u00fablico municipal-universitario de Latinoam\u00e9rica\u00bb.<\/span><\/p>\n","protected":false},"excerpt":{"rendered":"<p>Desde la Universidad Libre del Ambiente se efect\u00faa una instrucci\u00f3n in\u00e9dita para cultivar la vid en una gran urbe como C\u00f3rdoba. Las inscripciones est\u00e1n abiertas y la actividad, de car\u00e1cter presencial, es gratuita.&nbsp; Est\u00e1n abiertas las inscripciones para el segundo Seminario de Viticultura Urbana. Esta propuesta, in\u00e9dita en nuestra ciudad, crece y se asienta. Es [&hellip;]<\/p>\n","protected":false},"author":1,"featured_media":206619,"comment_status":"closed","ping_status":"closed","sticky":false,"template":"","format":"standard","meta":[],"categories":[44],"tags":[],"_links":{"self":[{"href":"http:\/\/cordobadirecto.com\/index.php\/wp-json\/wp\/v2\/posts\/206618"}],"collection":[{"href":"http:\/\/cordobadirecto.com\/index.php\/wp-json\/wp\/v2\/posts"}],"about":[{"href":"http:\/\/cordobadirecto.com\/index.php\/wp-json\/wp\/v2\/types\/post"}],"author":[{"embeddable":true,"href":"http:\/\/cordobadirecto.com\/index.php\/wp-json\/wp\/v2\/users\/1"}],"replies":[{"embeddable":true,"href":"http:\/\/cordobadirecto.com\/index.php\/wp-json\/wp\/v2\/comments?post=206618"}],"version-history":[{"count":0,"href":"http:\/\/cordobadirecto.com\/index.php\/wp-json\/wp\/v2\/posts\/206618\/revisions"}],"wp:featuredmedia":[{"embeddable":true,"href":"http:\/\/cordobadirecto.com\/index.php\/wp-json\/wp\/v2\/media\/206619"}],"wp:attachment":[{"href":"http:\/\/cordobadirecto.com\/index.php\/wp-json\/wp\/v2\/media?parent=206618"}],"wp:term":[{"taxonomy":"category","embeddable":true,"href":"http:\/\/cordobadirecto.com\/index.php\/wp-json\/wp\/v2\/categories?post=206618"},{"taxonomy":"post_tag","embeddable":true,"href":"http:\/\/cordobadirecto.com\/index.php\/wp-json\/wp\/v2\/tags?post=206618"}],"curies":[{"name":"wp","href":"https:\/\/api.w.org\/{rel}","templated":true}]}}