{"id":206620,"date":"2026-09-05T17:44:23","date_gmt":"2026-09-05T17:44:23","guid":{"rendered":"https:\/\/www.ole.com.ar\/autos\/reaccion-flavio-briatore-gran-pole-pierre-gasly-monza_0_3NRpQ3cyM1.html"},"modified":"2026-09-05T17:44:23","modified_gmt":"2026-09-05T17:44:23","slug":"video-la-reaccion-de-briatore-y-del-equipo-tras-la-sorpresiva-pole-de-gasly-en-monza","status":"publish","type":"post","link":"http:\/\/cordobadirecto.com\/index.php\/2026\/09\/05\/video-la-reaccion-de-briatore-y-del-equipo-tras-la-sorpresiva-pole-de-gasly-en-monza\/","title":{"rendered":"Video: la reacci\u00f3n de Briatore y del equipo tras la sorpresiva pole de Gasly en Monza"},"content":{"rendered":"<div id=\"element-body-0\" class=\"sc-df222161-0 hNvwjb\" readability=\"34.118764845606\">\n<p>En el arranque de la clasificaci\u00f3n del GP de Italia, ni el m\u00e1s optimista dentro de <strong><a href=\"https:\/\/www.ole.com.ar\/tema\/alpine.html\" title=\"Alpine\" alt=\"Alpine\" class=\"slug\">Alpine<\/a><\/strong> imaginaba que alguno de sus dos pilotos pod\u00eda quedarse con la pole en Monza. <strong>Sin embargo, <a href=\"https:\/\/www.ole.com.ar\/tema\/pierre-gasly.html\" title=\"Pierre Gasly\" alt=\"Pierre Gasly\" class=\"slug\">Pierre Gasly<\/a> dio el gran golpe: <\/strong> apareci\u00f3 en su \u00faltimo intento de la Q3, clav\u00f3 un vuelt\u00f3n y consigui\u00f3 <strong>la primera pole de su carrera en la <a href=\"https:\/\/www.ole.com.ar\/tema\/formula-1.html\" title=\"F\u00f3rmula 1\" alt=\"F\u00f3rmula 1\" class=\"slug\">F\u00f3rmula 1<\/a>. Y la sorpresa desat\u00f3 la felicidad de <a href=\"https:\/\/www.ole.com.ar\/tema\/flavio-briatore.html\" title=\"Flavio Briatore\" alt=\"Flavio Briatore\" class=\"slug\">Flavio Briatore<\/a> y de todo el equipo en el box.<\/strong><\/p>\n<\/div>\n<div id=\"element-body-1\" class=\"sc-df222161-0 hNvwjb\" readability=\"35\">\n<p>El italiano de 76 a\u00f1os sigui\u00f3 atentamente los \u00faltimos segundos de la clasificaci\u00f3n <strong> y festej\u00f3 con una enorme sonrisa<\/strong> cuando vio el 1:21.786 que puso al franc\u00e9s en lo m\u00e1s alto. Gasly super\u00f3 por apenas 60 mil\u00e9simas a George Russell y bati\u00f3 a los grandes favoritos en el Templo de la Velocidad.<\/p>\n<\/div>\n<div id=\"element-body-2\" class=\"sc-df222161-0 hNvwjb\" readability=\"35.15\">\n<p>Ante el inesperado resultado y tambi\u00e9n el octavo puesto de <strong><a href=\"https:\/\/www.ole.com.ar\/tema\/franco-colapinto.html\" title=\"Franco Colapinto\" alt=\"Franco Colapinto\" class=\"slug\">Franco Colapinto<\/a>, los integrantes de la escuder\u00eda dirigida por Briatore no pudieron contener la emoci\u00f3n y festejaron al instante en el box.<\/strong> Abrazos, sonrisas y celebraciones acompa\u00f1aron un s\u00e1bado que termin\u00f3 siendo mucho mejor de lo esperado para el team.<\/p>\n<\/div>\n<div id=\"element-body-3\" class=\"sc-df222161-0 hNvwjb\" readability=\"36.558265582656\">\n<p>Y la alegr\u00eda fue todav\u00eda mayor por lo hecho por Colapinto. <strong>El argentino complet\u00f3 una gran clasificaci\u00f3n al terminar octavo y, adem\u00e1s, ganar\u00e1 una posici\u00f3n en la parrilla por la sanci\u00f3n a <a href=\"https:\/\/www.ole.com.ar\/tema\/andrea-kimi-antonelli.html\" title=\"Andrea Kimi Antonelli\" alt=\"Andrea Kimi Antonelli\" class=\"slug\">Kimi Antonelli<\/a>. <\/strong> El l\u00edder del Mundial hab\u00eda sido s\u00e9ptimo con su Mercedes, pero deber\u00e1 largar desde el fondo por haber superado el l\u00edmite permitido de unidades de potencia.<\/p>\n<\/div>\n<div id=\"element-body-4\" class=\"sc-df222161-0 hNvwjb\" readability=\"34\">\n<p><strong>As\u00ed, Franco avanzar\u00e1 al s\u00e9ptimo puesto <\/strong> y tendr\u00e1 una oportunidad concreta de ir en busca de puntos este domingo en Monza.<\/p>\n<\/div>\n<p><h2>La reacci\u00f3n de Flavio Briatore a la pole de Pierre Gasly en Monza<\/h2>\n<\/p>\n<div id=\"element-body-6\" class=\"sc-8712cf2e-1 brsVwg\" readability=\"32.5\"><figcaption class=\"JWvideoNota_title\" readability=\"5\">\n<p>El italiano explot\u00f3 de alegr\u00eda en el box de Alpine tras la gran vuelta del franc\u00e9s que le dio la pole en Italia.<\/p>\n<p>Cr\u00e9ditos: (@briatoreflavio en IG).<\/p>\n<\/figcaption><\/div>\n<p><h2>Las mejoras de Alpine dieron resultado en Monza<\/h2>\n<\/p>\n<div id=\"element-body-8\" class=\"sc-df222161-0 hNvwjb\" readability=\"35\">\n<p><strong>El gran s\u00e1bado de Alpine tambi\u00e9n dej\u00f3 una se\u00f1al contundente sobre el nuevo paquete de mejoras del A526.<\/strong> Gasly lo hab\u00eda estrenado en la fecha pasada en Pa\u00edses Bajos, mientras que Colapinto pudo utilizarlo por primera vez este fin de semana en Italia.<\/p>\n<\/div>\n<div id=\"element-body-9\" class=\"sc-df222161-0 hNvwjb\" readability=\"37\">\n<p>Entre los cambios, la escuder\u00eda trabaj\u00f3 especialmente sobre el piso del auto con el objetivo de conseguir una mayor eficiencia aerodin\u00e1mica. Y aunque Franco hab\u00eda terminado el viernes con algunas dudas sobre el comportamiento del coche, <strong> el rendimiento mostrado por ambos pilotos en clasificaci\u00f3n confirm\u00f3 un importante salto:<\/strong> Gasly consigui\u00f3 la pole y Colapinto se meti\u00f3 entre los ocho mejores.<\/p>\n<\/div>\n<p><h2>El festejo del box de Alpine por la pole de Pierre Gasly<\/h2>\n<\/p>\n<div id=\"element-body-11\" class=\"sc-8712cf2e-1 brsVwg\"><figcaption class=\"JWvideoNota_title\">\n<p>Cr\u00e9ditos: (@F1 en X).<\/p>\n<\/figcaption><\/div>\n<p><h2>As\u00ed fue la gran vuelta de Pierre Gasly que le dio la pole en Monza<\/h2>\n<\/p>\n<div id=\"element-body-13\" class=\"sc-8712cf2e-1 brsVwg\" readability=\"32\"><figcaption class=\"JWvideoNota_title\" readability=\"4\">\n<p>As\u00ed fue el giro perfecto del franc\u00e9s de Alpine, que picar\u00e1 en punta en el GP de Italia. (@F19277384738287)<\/p>\n<\/figcaption><\/div>\n<p><h2>As\u00ed sigue la agenda de la F\u00f3rmula 1 en Monza<\/h2>\n<\/p>\n<div id=\"element-body-15\" class=\"sc-df222161-0 hNvwjb\" readability=\"37\">\n<p><strong>Ahora, el franc\u00e9s tendr\u00e1 la misi\u00f3n de defender el primer lugar este domingo en Monza, <\/strong> mientras que Colapinto partir\u00e1 s\u00e9ptimo e intentar\u00e1 aprovechar la gran oportunidad para sumar puntos. <strong> La carrera comenzar\u00e1 a las 10, <\/strong> ser\u00e1 a 53 vueltas y se podr\u00e1 ver en vivo por Disney+ Premium.<\/p>\n<\/div>\n<div id=\"element-body-16\" class=\"sc-a7166897-0 eTTZWU\" readability=\"31.5\">\n<section readability=\"3\"><picture><img alt=\"Video: as\u00ed fue la impecable vuelta de Gasly que lo meti\u00f3 en la pole del GP de Italia\" loading=\"lazy\" width=\"290\" height=\"290\" decoding=\"async\" data-nimg=\"1\" src=\"http:\/\/cordobadirecto.com\/wp-content\/uploads\/2026\/09\/video-la-reaccion-de-briatore-y-del-equipo-tras-la-sorpresiva-pole-de-gasly-en-monza.jpg\"><\/picture>\n<p><span>Mir\u00e1 tambi\u00e9n<\/span><\/p>\n<hr>\n<h3>Video: as\u00ed fue la impecable vuelta de Gasly que lo meti\u00f3 en la pole del GP de Italia<\/h3>\n<\/p>\n<\/section>\n<\/div>\n<div id=\"element-body-17\" class=\"sc-a7166897-0 eTTZWU\" readability=\"32\">\n<section readability=\"4\"><picture><img alt=\"Franco Colapinto en Monza, tras la mejor qualy de Alpine: del contento y aprender de Gasly al \u201chab\u00eda un poco m\u00e1s\u201d\" loading=\"lazy\" width=\"290\" height=\"290\" decoding=\"async\" data-nimg=\"1\" src=\"http:\/\/cordobadirecto.com\/wp-content\/uploads\/2026\/09\/video-la-reaccion-de-briatore-y-del-equipo-tras-la-sorpresiva-pole-de-gasly-en-monza-1.jpg\"><\/picture>\n<p><span>Mir\u00e1 tambi\u00e9n<\/span><\/p>\n<hr>\n<h3>Franco Colapinto en Monza, tras la mejor qualy de Alpine: del contento y aprender de Gasly al \u201chab\u00eda un poco m\u00e1s\u201d<\/h3>\n<\/p>\n<\/section>\n<\/div>\n<div id=\"element-body-18\" class=\"sc-a7166897-0 eTTZWU\" readability=\"31.5\">\n<section readability=\"3\"><picture><img alt=\"Urgente: a poco de la qualy, ya cambia la parrilla del GP de Monza\" loading=\"lazy\" width=\"290\" height=\"290\" decoding=\"async\" data-nimg=\"1\" src=\"http:\/\/cordobadirecto.com\/wp-content\/uploads\/2026\/09\/video-la-reaccion-de-briatore-y-del-equipo-tras-la-sorpresiva-pole-de-gasly-en-monza-2.jpg\"><\/picture>\n<p><span>Mir\u00e1 tambi\u00e9n<\/span><\/p>\n<hr>\n<h3>Urgente: a poco de la qualy, ya cambia la parrilla del GP de Monza<\/h3>\n<\/p>\n<\/section>\n<\/div>\n","protected":false},"excerpt":{"rendered":"<p>En el arranque de la clasificaci\u00f3n del GP de Italia, ni el m\u00e1s optimista dentro de Alpine imaginaba que alguno de sus dos pilotos pod\u00eda quedarse con la pole en Monza. Sin embargo, Pierre Gasly dio el gran golpe: apareci\u00f3 en su \u00faltimo intento de la Q3, clav\u00f3 un vuelt\u00f3n y consigui\u00f3 la primera pole [&hellip;]<\/p>\n","protected":false},"author":1,"featured_media":206621,"comment_status":"closed","ping_status":"closed","sticky":false,"template":"","format":"standard","meta":[],"categories":[21],"tags":[],"_links":{"self":[{"href":"http:\/\/cordobadirecto.com\/index.php\/wp-json\/wp\/v2\/posts\/206620"}],"collection":[{"href":"http:\/\/cordobadirecto.com\/index.php\/wp-json\/wp\/v2\/posts"}],"about":[{"href":"http:\/\/cordobadirecto.com\/index.php\/wp-json\/wp\/v2\/types\/post"}],"author":[{"embeddable":true,"href":"http:\/\/cordobadirecto.com\/index.php\/wp-json\/wp\/v2\/users\/1"}],"replies":[{"embeddable":true,"href":"http:\/\/cordobadirecto.com\/index.php\/wp-json\/wp\/v2\/comments?post=206620"}],"version-history":[{"count":0,"href":"http:\/\/cordobadirecto.com\/index.php\/wp-json\/wp\/v2\/posts\/206620\/revisions"}],"wp:featuredmedia":[{"embeddable":true,"href":"http:\/\/cordobadirecto.com\/index.php\/wp-json\/wp\/v2\/media\/206621"}],"wp:attachment":[{"href":"http:\/\/cordobadirecto.com\/index.php\/wp-json\/wp\/v2\/media?parent=206620"}],"wp:term":[{"taxonomy":"category","embeddable":true,"href":"http:\/\/cordobadirecto.com\/index.php\/wp-json\/wp\/v2\/categories?post=206620"},{"taxonomy":"post_tag","embeddable":true,"href":"http:\/\/cordobadirecto.com\/index.php\/wp-json\/wp\/v2\/tags?post=206620"}],"curies":[{"name":"wp","href":"https:\/\/api.w.org\/{rel}","templated":true}]}}