{"id":206622,"date":"2026-09-05T17:27:49","date_gmt":"2026-09-05T17:27:49","guid":{"rendered":"https:\/\/www.ole.com.ar\/autos\/mattia-colnaghi-nicolas-varrone-carrera-sprint-formula-2-3-monza_0_cxxEzJBWsa.html"},"modified":"2026-09-05T17:27:49","modified_gmt":"2026-09-05T17:27:49","slug":"saldo-positivo-mattia-colnaghi-y-nicolas-varrone-en-la-carrera-sprint-de-la-formula-3-y-formula-2","status":"publish","type":"post","link":"http:\/\/cordobadirecto.com\/index.php\/2026\/09\/05\/saldo-positivo-mattia-colnaghi-y-nicolas-varrone-en-la-carrera-sprint-de-la-formula-3-y-formula-2\/","title":{"rendered":"Saldo positivo: Mattia Colnaghi y Nicol\u00e1s Varrone en la carrera Sprint de la F\u00f3rmula 3 y F\u00f3rmula 2"},"content":{"rendered":"<div id=\"element-body-0\" class=\"sc-df222161-0 hNvwjb\" readability=\"25.8375\">\n<p>Antes de que <a href=\"https:\/\/www.ole.com.ar\/autos\/franco-colapinto-volvio-q3-cuantas-veces-mejores-clasificaciones-f1_0_m1h6bxJsGS.html\" target=\"_self\" title=\"Franco Colapinto igualara su mejor clasificaci\u00f3n hist\u00f3rica en la F\u00f3rmula 1\" alt=\"Franco Colapinto igualara su mejor clasificaci\u00f3n hist\u00f3rica en la F\u00f3rmula 1\" rel=\"noopener\">Franco Colapinto igualara su mejor clasificaci\u00f3n hist\u00f3rica en la F\u00f3rmula 1<\/a>, los otros dos argentinos de la escalera salieron a la pista por las carreras Sprint. El primero fue <strong><a href=\"https:\/\/www.ole.com.ar\/tema\/mattia-colnaghi.html\" title=\"Mattia Colnaghi\" alt=\"Mattia Colnaghi\" class=\"slug\">Mattia Colnaghi<\/a><\/strong>, quien presenci\u00f3 <a href=\"https:\/\/www.ole.com.ar\/autos\/palazo-formula-3-monza-auto-salio-volando_0_wybY2mzDMq.html\" target=\"_self\" title=\"una carrera muy accidentada\" alt=\"una carrera muy accidentada\" rel=\"noopener\">una carrera muy accidentada<\/a> en la F\u00f3rmula 3, y el segundo fue <strong><a href=\"https:\/\/www.ole.com.ar\/tema\/nicolas-varrone.html\" title=\"Nicol\u00e1s Varrone\" alt=\"Nicol\u00e1s Varrone\" class=\"slug\">Nicol\u00e1s Varrone<\/a><\/strong>, que aceler\u00f3 junto a la F\u00f3rmula 2 y al igual que su compatriota termin\u00f3 con saldo positivo.<\/p>\n<\/div>\n<div id=\"element-body-1\" class=\"sc-df222161-0 hNvwjb\" readability=\"39\">\n<p>Durante la madrugada argentina, Matti parti\u00f3 desde el 7\u00b0 caj\u00f3n, se mantuvo lejos del l\u00edo (hubo un palazo en medio de la carrera) y <strong>termin\u00f3 en el 6\u00b0 puesto<\/strong>. Por la expectativa que ten\u00eda tras la qualy, le habr\u00e1 quedado un gustito amargo, dado que esperaba largar 3\u00b0 y pelear por su primera victoria en la categor\u00eda y <strong>fue mandado m\u00e1s atr\u00e1s por una sanci\u00f3n de tres puestos.<\/strong><\/p>\n<\/div>\n<div class=\"sc-c0843421-0 iNysjD image-embed\" id=\"element-body-2\"><img alt=\"Colnaghi integra la academia de Red Bull. (Prensa Colnaghi)\" loading=\"lazy\" width=\"720\" height=\"100\" decoding=\"async\" data-nimg=\"1\" src=\"http:\/\/cordobadirecto.com\/wp-content\/uploads\/2026\/09\/saldo-positivo-mattia-colnaghi-y-nicolas-varrone-en-la-carrera-sprint-de-la-formula-3-y-formula-2.jpg\"><span class=\"epigraphe\">Colnaghi integra la academia de Red Bull. (Prensa Colnaghi)<\/span><\/div>\n<div id=\"element-body-3\" class=\"sc-df222161-0 hNvwjb\" readability=\"38\">\n<p>En cuanto a Nico, que tambi\u00e9n tuvo una carrera de banderas amarillas y algunos accidentes, parti\u00f3 desde el 13er puesto, gan\u00f3 y perdi\u00f3 posiciones a lo largo de una Sprint movidita y <strong>finaliz\u00f3 en el 11\u00b0 lugar<\/strong>, con un saldo de dos ubicaciones ganadas.<\/p>\n<\/div>\n<p><h2>Cu\u00e1ndo vuelven a correr Colnaghi y Varrone por la F\u00f3rmula 2 y F\u00f3rmula 3<\/h2>\n<\/p>\n<div id=\"element-body-5\" class=\"sc-df222161-0 hNvwjb\" readability=\"39\">\n<p>Lo \u00fanico que queda es la carrera Feature, o sea la principal y la m\u00e1s extensa del fin de semana, y se correr\u00e1 desde muy temprano: <strong>a las 3.15<\/strong>, quien saldr\u00e1 a la pista ser\u00e1 el Pibe de Hielo, <strong>y a partir de las 4.45<\/strong> ser\u00e1 el turno de Varrone. Las dos sesiones ser\u00e1n transmitidas en vivo y en directo por <strong>ESPN 2 y Disney+ Premium<\/strong>.<\/p>\n<\/div>\n<div class=\"sc-c0843421-0 iNysjD image-embed\" id=\"element-body-6\"><img alt=\"Colnaghi y Varrone tendr\u00e1n actividad desde muy temprano. A madrugar.\" loading=\"lazy\" width=\"720\" height=\"100\" decoding=\"async\" data-nimg=\"1\" src=\"http:\/\/cordobadirecto.com\/wp-content\/uploads\/2026\/09\/saldo-positivo-mattia-colnaghi-y-nicolas-varrone-en-la-carrera-sprint-de-la-formula-3-y-formula-2-1.jpg\"><span class=\"epigraphe\">Colnaghi y Varrone tendr\u00e1n actividad desde muy temprano. A madrugar.<\/span><\/div>\n<div id=\"element-body-7\" class=\"sc-a7166897-0 eTTZWU\" readability=\"31\">\n<section readability=\"2\"><picture><img alt=\"Palazo en Monza: un auto sali\u00f3 volando en la carrera Sprint de la F\u00f3rmula 3\" loading=\"lazy\" width=\"290\" height=\"290\" decoding=\"async\" data-nimg=\"1\" src=\"http:\/\/cordobadirecto.com\/wp-content\/uploads\/2026\/09\/saldo-positivo-mattia-colnaghi-y-nicolas-varrone-en-la-carrera-sprint-de-la-formula-3-y-formula-2-2.jpg\"><\/picture>\n<p><span>Mir\u00e1 tambi\u00e9n<\/span><\/p>\n<hr>\n<h3>Palazo en Monza: un auto sali\u00f3 volando en la carrera Sprint de la F\u00f3rmula 3<\/h3>\n<\/p>\n<\/section>\n<\/div>\n<div id=\"element-body-8\" class=\"sc-a7166897-0 eTTZWU\" readability=\"31.5\">\n<section readability=\"3\"><picture><img alt=\"Urgente: a poco de la qualy, ya cambia la parrilla del GP de Monza\" loading=\"lazy\" width=\"290\" height=\"290\" decoding=\"async\" data-nimg=\"1\" src=\"http:\/\/cordobadirecto.com\/wp-content\/uploads\/2026\/09\/saldo-positivo-mattia-colnaghi-y-nicolas-varrone-en-la-carrera-sprint-de-la-formula-3-y-formula-2-3.jpg\"><\/picture>\n<p><span>Mir\u00e1 tambi\u00e9n<\/span><\/p>\n<hr>\n<h3>Urgente: a poco de la qualy, ya cambia la parrilla del GP de Monza<\/h3>\n<\/p>\n<\/section>\n<\/div>\n<div id=\"element-body-9\" class=\"sc-a7166897-0 eTTZWU\" readability=\"32\">\n<section readability=\"4\"><picture><img alt=\"Gasly y Monza, un solo coraz\u00f3n: por qu\u00e9 esta es la pista m\u00e1s especial para el franc\u00e9s de Alpine\" loading=\"lazy\" width=\"290\" height=\"290\" decoding=\"async\" data-nimg=\"1\" src=\"http:\/\/cordobadirecto.com\/wp-content\/uploads\/2026\/09\/saldo-positivo-mattia-colnaghi-y-nicolas-varrone-en-la-carrera-sprint-de-la-formula-3-y-formula-2-4.jpg\"><\/picture>\n<p><span>Mir\u00e1 tambi\u00e9n<\/span><\/p>\n<hr>\n<h3>Gasly y Monza, un solo coraz\u00f3n: por qu\u00e9 esta es la pista m\u00e1s especial para el franc\u00e9s de Alpine<\/h3>\n<\/p>\n<\/section>\n<\/div>\n<div id=\"element-body-10\" class=\"sc-a7166897-0 eTTZWU\" readability=\"32\">\n<section readability=\"4\"><picture><img alt=\"Franco Colapinto en Monza, tras la mejor qualy de Alpine: del contento y aprender de Gasly al \u201chab\u00eda un poco m\u00e1s\u201d\" loading=\"lazy\" width=\"290\" height=\"290\" decoding=\"async\" data-nimg=\"1\" src=\"http:\/\/cordobadirecto.com\/wp-content\/uploads\/2026\/09\/saldo-positivo-mattia-colnaghi-y-nicolas-varrone-en-la-carrera-sprint-de-la-formula-3-y-formula-2-5.jpg\"><\/picture>\n<p><span>Mir\u00e1 tambi\u00e9n<\/span><\/p>\n<hr>\n<h3>Franco Colapinto en Monza, tras la mejor qualy de Alpine: del contento y aprender de Gasly al \u201chab\u00eda un poco m\u00e1s\u201d<\/h3>\n<\/p>\n<\/section>\n<\/div>\n","protected":false},"excerpt":{"rendered":"<p>Antes de que Franco Colapinto igualara su mejor clasificaci\u00f3n hist\u00f3rica en la F\u00f3rmula 1, los otros dos argentinos de la escalera salieron a la pista por las carreras Sprint. El primero fue Mattia Colnaghi, quien presenci\u00f3 una carrera muy accidentada en la F\u00f3rmula 3, y el segundo fue Nicol\u00e1s Varrone, que aceler\u00f3 junto a la [&hellip;]<\/p>\n","protected":false},"author":1,"featured_media":206623,"comment_status":"closed","ping_status":"closed","sticky":false,"template":"","format":"standard","meta":[],"categories":[21],"tags":[],"_links":{"self":[{"href":"http:\/\/cordobadirecto.com\/index.php\/wp-json\/wp\/v2\/posts\/206622"}],"collection":[{"href":"http:\/\/cordobadirecto.com\/index.php\/wp-json\/wp\/v2\/posts"}],"about":[{"href":"http:\/\/cordobadirecto.com\/index.php\/wp-json\/wp\/v2\/types\/post"}],"author":[{"embeddable":true,"href":"http:\/\/cordobadirecto.com\/index.php\/wp-json\/wp\/v2\/users\/1"}],"replies":[{"embeddable":true,"href":"http:\/\/cordobadirecto.com\/index.php\/wp-json\/wp\/v2\/comments?post=206622"}],"version-history":[{"count":0,"href":"http:\/\/cordobadirecto.com\/index.php\/wp-json\/wp\/v2\/posts\/206622\/revisions"}],"wp:featuredmedia":[{"embeddable":true,"href":"http:\/\/cordobadirecto.com\/index.php\/wp-json\/wp\/v2\/media\/206623"}],"wp:attachment":[{"href":"http:\/\/cordobadirecto.com\/index.php\/wp-json\/wp\/v2\/media?parent=206622"}],"wp:term":[{"taxonomy":"category","embeddable":true,"href":"http:\/\/cordobadirecto.com\/index.php\/wp-json\/wp\/v2\/categories?post=206622"},{"taxonomy":"post_tag","embeddable":true,"href":"http:\/\/cordobadirecto.com\/index.php\/wp-json\/wp\/v2\/tags?post=206622"}],"curies":[{"name":"wp","href":"https:\/\/api.w.org\/{rel}","templated":true}]}}