{"id":206624,"date":"2026-09-05T19:14:36","date_gmt":"2026-09-05T19:14:36","guid":{"rendered":"https:\/\/www.ole.com.ar\/futbol-ascenso\/lucascomesana-racingdecordoba-enzogonzalez-primeranacional-var_0_GYnVAVzcM2.html"},"modified":"2026-09-05T19:14:36","modified_gmt":"2026-09-05T19:14:36","slug":"video-el-grotesco-penal-que-le-regalaron-a-defensores-de-belgrano","status":"publish","type":"post","link":"http:\/\/cordobadirecto.com\/index.php\/2026\/09\/05\/video-el-grotesco-penal-que-le-regalaron-a-defensores-de-belgrano\/","title":{"rendered":"Video: el grotesco penal que le regalaron a Defensores de Belgrano"},"content":{"rendered":"<div id=\"element-body-0\" class=\"sc-df222161-0 hNvwjb\" readability=\"28.990099009901\">\n<p>La <strong><a href=\"https:\/\/www.ole.com.ar\/tema\/primera-nacional.html\" title=\"Primera Nacional\" alt=\"Primera Nacional\" class=\"slug\">Primera Nacional<\/a><\/strong> no tiene <strong><a href=\"https:\/\/www.ole.com.ar\/tema\/var.html\" title=\"VAR\" alt=\"VAR\" class=\"slug\">VAR<\/a><\/strong> y este viernes <strong>se observ\u00f3 un grotesco error arbitral<\/strong> que f\u00e1cilmente se hubiese evitado con la utilizaci\u00f3n de esta tecnolog\u00eda. Ocurri\u00f3 en el partido entre <strong><a href=\"https:\/\/www.ole.com.ar\/tema\/defensores-de-belgrano.html\" title=\"Defensores de Belgrano\" alt=\"Defensores de Belgrano\" class=\"slug\">Defensores de Belgrano<\/a><\/strong> y <strong><a href=\"https:\/\/www.ole.com.ar\/tema\/racing-de-cordoba.html\" title=\"Racing de C\u00f3rdoba\" alt=\"Racing de C\u00f3rdoba\" class=\"slug\">Racing de C\u00f3rdoba<\/a><\/strong>. El refer\u00ed: <strong>Lucas Comesa\u00f1a<\/strong>, que ya tiene antecedentes pol\u00e9micos.<\/p>\n<\/div>\n<div id=\"element-body-1\" class=\"sc-df222161-0 hNvwjb\" readability=\"38\">\n<p>El Drag\u00f3n ya ganaba 1 a 0 y uno de sus delanteros, Enzo Gonz\u00e1lez, ingres\u00f3 al \u00e1rea con pelota dominada. All\u00ed se cruz\u00f3 con Ra\u00fal Chamorro, lateral cordob\u00e9s. <strong>Hubo un contacto, nada que podr\u00eda considerarse sujeci\u00f3n o desplazamiento.<\/strong> <strong>Pero Comesa\u00f1a cobr\u00f3 penal y Gonz\u00e1lez marc\u00f3 el 2 a 0. <\/strong><\/p>\n<\/div>\n<p><h2><strong>Mir\u00e1 el video<\/strong><\/h2>\n<\/p>\n<div id=\"element-body-3\" class=\"sc-8712cf2e-1 brsVwg\" readability=\"32\"><figcaption class=\"JWvideoNota_title\" readability=\"4\">\n<p>Apenas hubo contacto sobre Enzo Gonz\u00e1lez, quien se tir\u00f3. Comesa\u00f1a sancion\u00f3 falta. Fuente: AFA Play.<\/p>\n<\/figcaption><\/div>\n<div id=\"element-body-4\" class=\"sc-df222161-0 hNvwjb\" readability=\"34\">\n<p>Defensores de Belgrano est\u00e1 con riesgo de descenso, por lo tanto ganar frente a los cordobeses es fundamental.<\/p>\n<\/div>\n<div id=\"element-body-5\" class=\"sc-df222161-0 hNvwjb\" readability=\"37\">\n<p>Brian Olivera, arquero de Racing, declar\u00f3 tras el partido: &#8220;Ya lo conocemos a Comesa\u00f1a. As\u00ed es imposible, desde el minuto cero hasta el minuto noventa no nos cobraba nada. \u00bfQu\u00e9 pas\u00f3 con Jujuy &#8211; Madryn? Hab\u00edan dicho que lo amenazaban y despu\u00e9s se supo que nada que ver&#8221;.<\/p>\n<\/div>\n<div id=\"element-body-6\" class=\"sc-df222161-0 hNvwjb\" readability=\"35\">\n<p>Luego del penal a favor de Defe, empez\u00f3 a viralizarse un video del stream de Revista Ascenso: los panelistas hab\u00edan asegurado que Racing de C\u00f3rdoba estaba &#8220;cocinado&#8221; por la designaci\u00f3n de Comesa\u00f1a.<\/p>\n<\/div>\n<div id=\"element-body-7\" class=\"sc-df222161-0 hNvwjb\" readability=\"32\">\n<p>El partido termin\u00f3 3 a 0 para Defe (Gonzalo Gamarra meti\u00f3 los otros dos goles).<\/p>\n<\/div>\n<div class=\"sc-c0843421-0 iNysjD image-embed\" id=\"element-body-8\"><img alt=\"Lucas Comesa\u00f1a sancion\u00f3 un penal absurdo.\" loading=\"lazy\" width=\"720\" height=\"100\" decoding=\"async\" data-nimg=\"1\" src=\"http:\/\/cordobadirecto.com\/wp-content\/uploads\/2026\/09\/video-el-grotesco-penal-que-le-regalaron-a-defensores-de-belgrano.jpg\"><span class=\"epigraphe\">Lucas Comesa\u00f1a sancion\u00f3 un penal absurdo.<\/span><\/div>\n<p><h2><strong>Antecedentes de Comesa\u00f1a<\/strong><\/h2>\n<\/p>\n<div id=\"element-body-10\" class=\"sc-df222161-0 hNvwjb\" readability=\"37\">\n<p>El 17 de octubre de 2023, dirigi\u00f3 Gimnasia de Jujuy vs. Deportivo Riestra (\u00faltima fecha de la Primera Nacional). Expuls\u00f3 jugadores y cuerpo t\u00e9cnico de Gimnasia (incluyendo a \u00c1lvaro Cazulo temprano y otros), y cobr\u00f3 un penal cuestionado a favor de Riestra cerca del final (convertido por Milton C\u00e9liz para el 1-0).<\/p>\n<\/div>\n<div id=\"element-body-11\" class=\"sc-df222161-0 hNvwjb\" readability=\"36\">\n<p>Esto gener\u00f3 una invasi\u00f3n de cancha por hinchas locales que intentaron agredirlo. Debi\u00f3 retirarse escoltado por la Polic\u00eda bajo insultos y proyectiles. El presidente de Gimnasia, Walter Morales, record\u00f3 luego que \u201cno es la primera vez que este se\u00f1or se va mal de Jujuy\u201d<\/p>\n<\/div>\n<div id=\"element-body-12\" class=\"sc-df222161-0 hNvwjb\" readability=\"41\">\n<p>En la ida de cuartos de final del Reducido de la Primera Nacional 2025, entre Gimnasia de Jujuy vs. Deportivo Madryn, Comesa\u00f1a dirigi\u00f3 un primer tiempo muy cuestionado: no cobr\u00f3 un penal claro por mano a favor del local y expuls\u00f3 a Mat\u00edas Noble (doble amarilla). Con el marcador 1-0 a favor de Gimnasia, en el entretiempo suspendi\u00f3 el partido. Seg\u00fan su informe y declaraciones a TyC Sports, dirigentes del club local ingresaron de forma prepotente al vestuario arbitral, informaron sobre una denuncia por \u201cdiscriminaci\u00f3n infantil\u201d contra el cuarto \u00e1rbitro y amenazaron con que \u201cdirijan bien\u201d o los meter\u00edan presos por tres d\u00edas en Jujuy. Tambi\u00e9n mencion\u00f3 golpes, insultos y proyectiles&#8230; Pero la Justicia desestim\u00f3 la denuncia.<\/p>\n<\/div>\n<div id=\"element-body-13\" class=\"sc-df222161-0 hNvwjb\" readability=\"32\">\n<p>Otra actitud tuvo la AFA: le dio por ganador el partido a Madryn con el marcador de 3 a 0. <\/p>\n<\/div>\n<div id=\"element-body-14\" class=\"sc-a7166897-0 eTTZWU\" readability=\"31\">\n<section readability=\"2\"><picture><img alt=\"Otra vez los hinchas de Ferro podr\u00e1n ir de visitante\" loading=\"lazy\" width=\"290\" height=\"290\" decoding=\"async\" data-nimg=\"1\" src=\"http:\/\/cordobadirecto.com\/wp-content\/uploads\/2026\/09\/video-el-grotesco-penal-que-le-regalaron-a-defensores-de-belgrano-1.jpg\"><\/picture>\n<p><span>Mir\u00e1 tambi\u00e9n<\/span><\/p>\n<hr>\n<h3>Otra vez los hinchas de Ferro podr\u00e1n ir de visitante<\/h3>\n<\/p>\n<\/section>\n<\/div>\n<div id=\"element-body-15\" class=\"sc-a7166897-0 eTTZWU\" readability=\"31\">\n<section readability=\"2\"><picture><img alt=\"San Miguel anunci\u00f3 la salida de su t\u00e9cnico y ya tiene al sucesor\" loading=\"lazy\" width=\"290\" height=\"290\" decoding=\"async\" data-nimg=\"1\" src=\"http:\/\/cordobadirecto.com\/wp-content\/uploads\/2026\/09\/video-el-grotesco-penal-que-le-regalaron-a-defensores-de-belgrano-2.jpg\"><\/picture>\n<p><span>Mir\u00e1 tambi\u00e9n<\/span><\/p>\n<hr>\n<h3>San Miguel anunci\u00f3 la salida de su t\u00e9cnico y ya tiene al sucesor<\/h3>\n<\/p>\n<\/section>\n<\/div>\n","protected":false},"excerpt":{"rendered":"<p>La Primera Nacional no tiene VAR y este viernes se observ\u00f3 un grotesco error arbitral que f\u00e1cilmente se hubiese evitado con la utilizaci\u00f3n de esta tecnolog\u00eda. Ocurri\u00f3 en el partido entre Defensores de Belgrano y Racing de C\u00f3rdoba. El refer\u00ed: Lucas Comesa\u00f1a, que ya tiene antecedentes pol\u00e9micos. El Drag\u00f3n ya ganaba 1 a 0 y [&hellip;]<\/p>\n","protected":false},"author":1,"featured_media":206625,"comment_status":"closed","ping_status":"closed","sticky":false,"template":"","format":"standard","meta":[],"categories":[21],"tags":[],"_links":{"self":[{"href":"http:\/\/cordobadirecto.com\/index.php\/wp-json\/wp\/v2\/posts\/206624"}],"collection":[{"href":"http:\/\/cordobadirecto.com\/index.php\/wp-json\/wp\/v2\/posts"}],"about":[{"href":"http:\/\/cordobadirecto.com\/index.php\/wp-json\/wp\/v2\/types\/post"}],"author":[{"embeddable":true,"href":"http:\/\/cordobadirecto.com\/index.php\/wp-json\/wp\/v2\/users\/1"}],"replies":[{"embeddable":true,"href":"http:\/\/cordobadirecto.com\/index.php\/wp-json\/wp\/v2\/comments?post=206624"}],"version-history":[{"count":0,"href":"http:\/\/cordobadirecto.com\/index.php\/wp-json\/wp\/v2\/posts\/206624\/revisions"}],"wp:featuredmedia":[{"embeddable":true,"href":"http:\/\/cordobadirecto.com\/index.php\/wp-json\/wp\/v2\/media\/206625"}],"wp:attachment":[{"href":"http:\/\/cordobadirecto.com\/index.php\/wp-json\/wp\/v2\/media?parent=206624"}],"wp:term":[{"taxonomy":"category","embeddable":true,"href":"http:\/\/cordobadirecto.com\/index.php\/wp-json\/wp\/v2\/categories?post=206624"},{"taxonomy":"post_tag","embeddable":true,"href":"http:\/\/cordobadirecto.com\/index.php\/wp-json\/wp\/v2\/tags?post=206624"}],"curies":[{"name":"wp","href":"https:\/\/api.w.org\/{rel}","templated":true}]}}