{"id":206629,"date":"2026-09-05T18:03:37","date_gmt":"2026-09-05T18:03:37","guid":{"rendered":"http:\/\/cordobadirecto.com\/index.php\/2026\/09\/05\/me-crei-todo-lo-que-me-dijeron-la-mujer-que-alquilo-un-apartamento-a-los-terroristas-del-11-s-habla-en-exclusiva-con-la-bbc\/"},"modified":"2026-09-05T18:03:37","modified_gmt":"2026-09-05T18:03:37","slug":"me-crei-todo-lo-que-me-dijeron-la-mujer-que-alquilo-un-apartamento-a-los-terroristas-del-11-s-habla-en-exclusiva-con-la-bbc","status":"publish","type":"post","link":"http:\/\/cordobadirecto.com\/index.php\/2026\/09\/05\/me-crei-todo-lo-que-me-dijeron-la-mujer-que-alquilo-un-apartamento-a-los-terroristas-del-11-s-habla-en-exclusiva-con-la-bbc\/","title":{"rendered":"&#8220;Me cre\u00ed todo lo que me dijeron&#8221;: la mujer que alquil\u00f3 un apartamento a los terroristas del 11-S habla en exclusiva con la BBC"},"content":{"rendered":"<div>Una mujer que alquil\u00f3 una vivienda a dos miembros de al Qaeda sin saber que ir\u00edan a participar en los ataque del 11-S, habla p\u00fablicamente por primera vez con la BBC.<\/div>\n","protected":false},"excerpt":{"rendered":"<p>Una mujer que alquil\u00f3 una vivienda a dos miembros de al Qaeda sin saber que ir\u00edan a participar en los ataque del 11-S, habla p\u00fablicamente por primera vez con la BBC.<\/p>\n","protected":false},"author":1,"featured_media":0,"comment_status":"closed","ping_status":"closed","sticky":false,"template":"","format":"standard","meta":[],"categories":[24],"tags":[],"_links":{"self":[{"href":"http:\/\/cordobadirecto.com\/index.php\/wp-json\/wp\/v2\/posts\/206629"}],"collection":[{"href":"http:\/\/cordobadirecto.com\/index.php\/wp-json\/wp\/v2\/posts"}],"about":[{"href":"http:\/\/cordobadirecto.com\/index.php\/wp-json\/wp\/v2\/types\/post"}],"author":[{"embeddable":true,"href":"http:\/\/cordobadirecto.com\/index.php\/wp-json\/wp\/v2\/users\/1"}],"replies":[{"embeddable":true,"href":"http:\/\/cordobadirecto.com\/index.php\/wp-json\/wp\/v2\/comments?post=206629"}],"version-history":[{"count":0,"href":"http:\/\/cordobadirecto.com\/index.php\/wp-json\/wp\/v2\/posts\/206629\/revisions"}],"wp:attachment":[{"href":"http:\/\/cordobadirecto.com\/index.php\/wp-json\/wp\/v2\/media?parent=206629"}],"wp:term":[{"taxonomy":"category","embeddable":true,"href":"http:\/\/cordobadirecto.com\/index.php\/wp-json\/wp\/v2\/categories?post=206629"},{"taxonomy":"post_tag","embeddable":true,"href":"http:\/\/cordobadirecto.com\/index.php\/wp-json\/wp\/v2\/tags?post=206629"}],"curies":[{"name":"wp","href":"https:\/\/api.w.org\/{rel}","templated":true}]}}