{"id":206630,"date":"2026-09-06T00:04:46","date_gmt":"2026-09-06T00:04:46","guid":{"rendered":"http:\/\/cordobadirecto.com\/index.php\/2026\/09\/06\/arde-la-lucha-en-el-nacional-moron-bajo-a-colon-y-quedo-a-tiro-de-ferro\/"},"modified":"2026-09-06T00:04:46","modified_gmt":"2026-09-06T00:04:46","slug":"arde-la-lucha-en-el-nacional-moron-bajo-a-colon-y-quedo-a-tiro-de-ferro","status":"publish","type":"post","link":"http:\/\/cordobadirecto.com\/index.php\/2026\/09\/06\/arde-la-lucha-en-el-nacional-moron-bajo-a-colon-y-quedo-a-tiro-de-ferro\/","title":{"rendered":"Arde la lucha en el Nacional: Mor\u00f3n baj\u00f3 a Col\u00f3n y qued\u00f3 a tiro de Ferro"},"content":{"rendered":"<div>\n<p>El Gallito pis\u00f3 fuerte en su visita a Santa Fe, se impuso por 2-1 al Sabalero y se ubic\u00f3 a dos puntos del l\u00edder de la Zona A de la PN.<\/p>\n<\/div>\n","protected":false},"excerpt":{"rendered":"<p>El Gallito pis\u00f3 fuerte en su visita a Santa Fe, se impuso por 2-1 al Sabalero y se ubic\u00f3 a dos puntos del l\u00edder de la Zona A de la PN.<\/p>\n","protected":false},"author":1,"featured_media":0,"comment_status":"closed","ping_status":"closed","sticky":false,"template":"","format":"standard","meta":[],"categories":[21],"tags":[],"_links":{"self":[{"href":"http:\/\/cordobadirecto.com\/index.php\/wp-json\/wp\/v2\/posts\/206630"}],"collection":[{"href":"http:\/\/cordobadirecto.com\/index.php\/wp-json\/wp\/v2\/posts"}],"about":[{"href":"http:\/\/cordobadirecto.com\/index.php\/wp-json\/wp\/v2\/types\/post"}],"author":[{"embeddable":true,"href":"http:\/\/cordobadirecto.com\/index.php\/wp-json\/wp\/v2\/users\/1"}],"replies":[{"embeddable":true,"href":"http:\/\/cordobadirecto.com\/index.php\/wp-json\/wp\/v2\/comments?post=206630"}],"version-history":[{"count":0,"href":"http:\/\/cordobadirecto.com\/index.php\/wp-json\/wp\/v2\/posts\/206630\/revisions"}],"wp:attachment":[{"href":"http:\/\/cordobadirecto.com\/index.php\/wp-json\/wp\/v2\/media?parent=206630"}],"wp:term":[{"taxonomy":"category","embeddable":true,"href":"http:\/\/cordobadirecto.com\/index.php\/wp-json\/wp\/v2\/categories?post=206630"},{"taxonomy":"post_tag","embeddable":true,"href":"http:\/\/cordobadirecto.com\/index.php\/wp-json\/wp\/v2\/tags?post=206630"}],"curies":[{"name":"wp","href":"https:\/\/api.w.org\/{rel}","templated":true}]}}