{"id":206671,"date":"2026-09-06T17:00:22","date_gmt":"2026-09-06T17:00:22","guid":{"rendered":"https:\/\/www.ole.com.ar\/autos\/tc2000-junin-gano-final_0_VvFTwCUrZW.html"},"modified":"2026-09-06T17:00:22","modified_gmt":"2026-09-06T17:00:22","slug":"tc2000-ponce-de-leon-largo-desde-el-fondo-gano-y-desato-la-fiesta-en-junin","status":"publish","type":"post","link":"http:\/\/cordobadirecto.com\/index.php\/2026\/09\/06\/tc2000-ponce-de-leon-largo-desde-el-fondo-gano-y-desato-la-fiesta-en-junin\/","title":{"rendered":"TC2000: Ponce de Le\u00f3n larg\u00f3 desde el fondo, gan\u00f3 y desat\u00f3 la fiesta en Jun\u00edn"},"content":{"rendered":"<div id=\"element-body-0\" class=\"sc-df222161-0 hNvwjb\" readability=\"33\">\n<p><strong><a href=\"https:\/\/www.ole.com.ar\/tema\/gabriel-ponce-de-leon.html\" title=\"Gabriel Ponce de Le\u00f3n\" alt=\"Gabriel Ponce de Le\u00f3n\" class=\"slug\">Gabriel Ponce de Le\u00f3n<\/a> protagoniz\u00f3 un triunfazo este domingo en Jun\u00edn.<\/strong> El piloto de Toyota se qued\u00f3 con la final de <strong>la s\u00e9ptima fecha del TC2000 despu\u00e9s de largar desde el fondo de la grilla, <\/strong> en el 14\u00b0 puesto entre 15 autos, y desat\u00f3 la fiesta ante su gente.<\/p>\n<\/div>\n<div id=\"element-body-1\" class=\"sc-df222161-0 hNvwjb\" readability=\"37\">\n<p>El juninense consigui\u00f3 as\u00ed su segunda victoria consecutiva en el Aut\u00f3dromo Eusebio Marcilla, <strong>donde tambi\u00e9n se hab\u00eda impuesto en la visita de la categor\u00eda en 2025. <\/strong> Esta vez lo hizo con una gran remontada y en una fecha especial, que exig\u00eda una parada obligatoria en boxes para cambiar al menos un neum\u00e1tico delantero.<\/p>\n<\/div>\n<p><h2>La remontada de Gabriel Ponce de Le\u00f3n para ganar en Jun\u00edn<\/h2>\n<\/p>\n<div id=\"element-body-3\" class=\"sc-df222161-0 hNvwjb\" readability=\"39\">\n<p><strong>En el comienzo, Marcelo Ciarrocchi <\/strong>(Fiat), que part\u00eda primero por la grilla invertida tras clasificar 6\u00b0 el s\u00e1bado, <strong>tuvo una largada limpia y se qued\u00f3 con la punta,<\/strong> seguido por Franco Morillo (Chevrolet), Lucas Carabajal (VW) y Emiliano Stang (Toyota). <\/p>\n<\/div>\n<div class=\"sc-c0843421-0 iNysjD image-embed\" id=\"element-body-4\"><img alt=\"El festejo de Ponce de Le\u00f3n en el podio tras llevarse el triunfo en Jun\u00edn ante su gente.\n(@ supertc2000 en IG).\" loading=\"lazy\" width=\"720\" height=\"100\" decoding=\"async\" data-nimg=\"1\" src=\"http:\/\/cordobadirecto.com\/wp-content\/uploads\/2026\/09\/tc2000-ponce-de-leon-largo-desde-el-fondo-gano-y-desato-la-fiesta-en-junin.jpg\"><span class=\"epigraphe\">El festejo de Ponce de Le\u00f3n en el podio tras llevarse el triunfo en Jun\u00edn ante su gente.<br \/>\n(@ supertc2000 en IG).<\/span><\/div>\n<div id=\"element-body-5\" class=\"sc-df222161-0 hNvwjb\" readability=\"33.771428571429\">\n<p>M\u00e1s atr\u00e1s, Francisco Monarca (Chevrolet) visit\u00f3 el pasto y pudo regresar, <strong>mientras que <a href=\"https:\/\/www.ole.com.ar\/tema\/misil-rossi.html\" title=\"Misil Rossi\" alt=\"Misil Rossi\" class=\"slug\">Mat\u00edas Rossi<\/a> (Toyota) debi\u00f3 pasar por boxes por un problema en el neum\u00e1tico trasero izquierdo que tuvo que cambiarlo.<\/strong><\/p>\n<\/div>\n<div id=\"element-body-6\" class=\"sc-df222161-0 hNvwjb\" readability=\"36\">\n<p><strong>Poco despu\u00e9s, un despiste de Benjam\u00edn Squaglia (Fiat) provoc\u00f3 el ingreso del Auto de Seguridad.<\/strong> Antes del relanzamiento, Nicol\u00e1s Traut tambi\u00e9n tuvo que entrar a boxes por problemas en la transmisi\u00f3n de su Chevrolet Cruze.<\/p>\n<\/div>\n<div id=\"element-body-7\" class=\"sc-df222161-0 hNvwjb\" readability=\"41\">\n<p>Con la carrera nuevamente en acci\u00f3n, lleg\u00f3 uno de los momentos clave. <strong>Cuando se abri\u00f3 la ventana para cumplir con el cambio obligatorio de neum\u00e1ticos,<\/strong> que deb\u00eda realizarse entre los minutos 15 y 30, Ponce de Le\u00f3n fue uno de los primeros en entrar, junto con Franco Vivian (Chevrolet), Valent\u00edn Yankelevich (Toyota), Stang y Carabajal.<\/p>\n<\/div>\n<div id=\"element-body-8\" class=\"sc-df222161-0 hNvwjb\" readability=\"43\">\n<p><strong>La estrategia del juninense comenz\u00f3 a darle sus frutos cuando faltaban 13 minutos para la \u00faltima vuelta.<\/strong> Ciarrocchi y Morillo ingresaron a boxes y, cuando el cordob\u00e9s regres\u00f3 a pista con su Fiat, lo hizo por delante de Ponce de Le\u00f3n. <strong>Sin embargo, el piloto local, con los neum\u00e1ticos ya en temperatura, fue al ataque:<\/strong> primero intent\u00f3 superarlo por afuera en la frenada de la curva 1, se acomod\u00f3 detr\u00e1s <strong>y le hizo la famosa tijera para pasarlo por adentro y quedarse con la punta.<\/strong> Morillo, por su parte, sufri\u00f3 un principio de incendio en su Tracker y qued\u00f3 fuera de la pelea.<\/p>\n<\/div>\n<div id=\"element-body-9\" class=\"sc-8712cf2e-1 brsVwg\" readability=\"31\"><figcaption class=\"JWvideoNota_title\" readability=\"2\">\n<p>Cr\u00e9ditos: (@supertc2000 en IG).<\/p>\n<\/figcaption><\/div>\n<div id=\"element-body-10\" class=\"sc-df222161-0 hNvwjb\" readability=\"39\">\n<p>Desde all\u00ed, el juninense no cedi\u00f3 m\u00e1s la punta. <strong>Sobre el cierre, Rossi aprovech\u00f3 un exceso de Ciarrocchi para avanzar al segundo puesto, <\/strong> pero no pudo alcanzar a Ponce de Le\u00f3n, quien recibi\u00f3 la bandera a cuadros con 1,013 segundos de ventaja sobre el Misil.<\/p>\n<\/div>\n<div id=\"element-body-11\" class=\"sc-df222161-0 hNvwjb\" readability=\"40\">\n<p><strong>As\u00ed, Ponce de Le\u00f3n complet\u00f3 una remontada desde el 14\u00b0 lugar para conseguir su 28\u00b0 triunfo en el TC2000 y el segundo de la temporada, tras el logrado en Toay,<\/strong> La Pampa, en la sexta ronda. Adem\u00e1s, volvi\u00f3 a ganar en su ciudad despu\u00e9s de haberse quedado tambi\u00e9n con la carrera disputada all\u00ed en 2025.<\/p>\n<\/div>\n<div id=\"element-body-12\" class=\"sc-df222161-0 hNvwjb\" readability=\"41\">\n<p><strong>Rossi, que hab\u00eda conseguido la pole el s\u00e1bado y larg\u00f3 sexto por la inversi\u00f3n de la grilla, termin\u00f3 segundo, <\/strong> mientras que Ciarrocchi complet\u00f3 el podio. Detr\u00e1s finalizaron Facundo Aldrighetti (Honda), Figgo Bessone (Honda), Carabajal, Stang, Nicol\u00e1s Palau (VW) y Vivian.<\/p>\n<\/div>\n<div id=\"element-body-13\" class=\"sc-df222161-0 hNvwjb\" readability=\"37\">\n<p><strong>El campe\u00f3n sigue como l\u00edder del campeonato con 128 puntos, <\/strong> 31 m\u00e1s que su compa\u00f1ero Stang. En tanto, Ponce de Le\u00f3n, con su triunfo, trep\u00f3 del quinto al tercer puesto y lleg\u00f3 a 89 unidades.<\/p>\n<\/div>\n<p><h2>As\u00ed sigue la agenda del TC2000<\/h2>\n<\/p>\n<div id=\"element-body-15\" class=\"sc-df222161-0 hNvwjb\" readability=\"36\">\n<p>Tras la final en Jun\u00edn, <strong> el TC2000 volver\u00e1 a la acci\u00f3n el pr\u00f3ximo 27 de septiembre,<\/strong> cuando dispute la octava fecha de la temporada con la segunda visita del a\u00f1o al aut\u00f3dromo <strong>El Zonda de San Juan.<\/strong><\/p>\n<\/div>\n<div id=\"element-body-16\" class=\"sc-a7166897-0 eTTZWU\" readability=\"31.5\">\n<section readability=\"3\"><picture><img alt=\"La fuerte banca de Alpine a Colapinto y Gasly despu\u00e9s de un GP de Monza con sabor a poco\" loading=\"lazy\" width=\"290\" height=\"290\" decoding=\"async\" data-nimg=\"1\" src=\"http:\/\/cordobadirecto.com\/wp-content\/uploads\/2026\/09\/tc2000-ponce-de-leon-largo-desde-el-fondo-gano-y-desato-la-fiesta-en-junin-1.jpg\"><\/picture>\n<p><span>Mir\u00e1 tambi\u00e9n<\/span><\/p>\n<hr>\n<h3>La fuerte banca de Alpine a Colapinto y Gasly despu\u00e9s de un GP de Monza con sabor a poco<\/h3>\n<\/p>\n<\/section>\n<\/div>\n<div id=\"element-body-17\" class=\"sc-a7166897-0 eTTZWU\" readability=\"32\">\n<section readability=\"4\"><picture><img alt=\"Historia pura: Kimi Antonelli larg\u00f3 19\u00b0, gan\u00f3 y le devolvi\u00f3 la gloria a Italia tras 60 a\u00f1os\" loading=\"lazy\" width=\"290\" height=\"290\" decoding=\"async\" data-nimg=\"1\" src=\"http:\/\/cordobadirecto.com\/wp-content\/uploads\/2026\/09\/tc2000-ponce-de-leon-largo-desde-el-fondo-gano-y-desato-la-fiesta-en-junin-2.jpg\"><\/picture>\n<p><span>Mir\u00e1 tambi\u00e9n<\/span><\/p>\n<hr>\n<h3>Historia pura: Kimi Antonelli larg\u00f3 19\u00b0, gan\u00f3 y le devolvi\u00f3 la gloria a Italia tras 60 a\u00f1os<\/h3>\n<\/p>\n<\/section>\n<\/div>\n<div id=\"element-body-18\" class=\"sc-a7166897-0 eTTZWU\" readability=\"31.5\">\n<section readability=\"3\"><picture><img alt=\"Las l\u00e1grimas y frustraci\u00f3n de Colapinto: \u201cDesaprovech\u00e9 una oportunidad muy importante\u201d\" loading=\"lazy\" width=\"290\" height=\"290\" decoding=\"async\" data-nimg=\"1\" src=\"http:\/\/cordobadirecto.com\/wp-content\/uploads\/2026\/09\/tc2000-ponce-de-leon-largo-desde-el-fondo-gano-y-desato-la-fiesta-en-junin-3.jpg\"><\/picture>\n<p><span>Mir\u00e1 tambi\u00e9n<\/span><\/p>\n<hr>\n<h3>Las l\u00e1grimas y frustraci\u00f3n de Colapinto: \u201cDesaprovech\u00e9 una oportunidad muy importante\u201d<\/h3>\n<\/p>\n<\/section>\n<\/div>\n","protected":false},"excerpt":{"rendered":"<p>Gabriel Ponce de Le\u00f3n protagoniz\u00f3 un triunfazo este domingo en Jun\u00edn. El piloto de Toyota se qued\u00f3 con la final de la s\u00e9ptima fecha del TC2000 despu\u00e9s de largar desde el fondo de la grilla, en el 14\u00b0 puesto entre 15 autos, y desat\u00f3 la fiesta ante su gente. El juninense consigui\u00f3 as\u00ed su segunda [&hellip;]<\/p>\n","protected":false},"author":1,"featured_media":206672,"comment_status":"closed","ping_status":"closed","sticky":false,"template":"","format":"standard","meta":[],"categories":[21],"tags":[],"_links":{"self":[{"href":"http:\/\/cordobadirecto.com\/index.php\/wp-json\/wp\/v2\/posts\/206671"}],"collection":[{"href":"http:\/\/cordobadirecto.com\/index.php\/wp-json\/wp\/v2\/posts"}],"about":[{"href":"http:\/\/cordobadirecto.com\/index.php\/wp-json\/wp\/v2\/types\/post"}],"author":[{"embeddable":true,"href":"http:\/\/cordobadirecto.com\/index.php\/wp-json\/wp\/v2\/users\/1"}],"replies":[{"embeddable":true,"href":"http:\/\/cordobadirecto.com\/index.php\/wp-json\/wp\/v2\/comments?post=206671"}],"version-history":[{"count":0,"href":"http:\/\/cordobadirecto.com\/index.php\/wp-json\/wp\/v2\/posts\/206671\/revisions"}],"wp:featuredmedia":[{"embeddable":true,"href":"http:\/\/cordobadirecto.com\/index.php\/wp-json\/wp\/v2\/media\/206672"}],"wp:attachment":[{"href":"http:\/\/cordobadirecto.com\/index.php\/wp-json\/wp\/v2\/media?parent=206671"}],"wp:term":[{"taxonomy":"category","embeddable":true,"href":"http:\/\/cordobadirecto.com\/index.php\/wp-json\/wp\/v2\/categories?post=206671"},{"taxonomy":"post_tag","embeddable":true,"href":"http:\/\/cordobadirecto.com\/index.php\/wp-json\/wp\/v2\/tags?post=206671"}],"curies":[{"name":"wp","href":"https:\/\/api.w.org\/{rel}","templated":true}]}}