{"id":206673,"date":"2026-09-06T16:29:12","date_gmt":"2026-09-06T16:29:12","guid":{"rendered":"https:\/\/www.ole.com.ar\/autos\/vuelve-correr-franco-colapinto-proxima-fecha-f1-espana-madring_0_aIQrcEM9o2.html"},"modified":"2026-09-06T16:29:12","modified_gmt":"2026-09-06T16:29:12","slug":"cuando-vuelve-a-correr-colapinto-y-donde-sera-la-proxima-fecha-de-la-f1","status":"publish","type":"post","link":"http:\/\/cordobadirecto.com\/index.php\/2026\/09\/06\/cuando-vuelve-a-correr-colapinto-y-donde-sera-la-proxima-fecha-de-la-f1\/","title":{"rendered":"Cu\u00e1ndo vuelve a correr Colapinto y d\u00f3nde ser\u00e1 la pr\u00f3xima fecha de la F1"},"content":{"rendered":"<div id=\"element-body-0\" class=\"sc-df222161-0 hNvwjb\" readability=\"31.623913043478\">\n<p>El <strong>GP de Italia<\/strong> fue tan m\u00e1gico como se lo imaginaba, con <a href=\"https:\/\/www.ole.com.ar\/autos\/historia-kimi-antonelli-gano-gp-italia-60-anos_0_eVaaateovn.html\" target=\"_self\" title=\"un triunfazo de Kimi Antonelli\" alt=\"un triunfazo de Kimi Antonelli\" rel=\"noopener\">un triunfazo de Kimi Antonelli<\/a> y <a href=\"https:\/\/www.ole.com.ar\/autos\/franco-colapinto-formula1-gpdeitalia2026-monza-alpine-f1-envivo-aquehoracorre-grilla-partida_0_KpUYPkqgyE.html\" target=\"_self\" title=\"una gran remontada de Franco Colapinto\" alt=\"una gran remontada de Franco Colapinto\" rel=\"noopener\">una gran remontada de Franco Colapinto<\/a> para terminar 9\u00b0. Sin tiempo para digerir alegr\u00edas y frustraciones (<a href=\"https:\/\/www.ole.com.ar\/autos\/colapinto-lagrimas-monza-frsutracion-formula1_0_49179JAhXV.html\" target=\"_self\" title=\"el argentino llor\u00f3\" alt=\"el argentino llor\u00f3\" rel=\"noopener\">el argentino llor\u00f3<\/a> porque sinti\u00f3 que desaprovech\u00f3 una oportunidad), los pilotos tendr\u00e1n que empezar a pensar en la pr\u00f3xima fecha, que vendr\u00e1 inmediatamente despu\u00e9s de esta. Conoc\u00e9 todos los detalles: <strong>cuando vuelve a correr Fran, d\u00f3nde lo har\u00e1 y m\u00e1s.<\/strong><\/p>\n<\/div>\n<div id=\"element-body-1\" class=\"sc-df222161-0 hNvwjb\" readability=\"37\">\n<p>El Gran Premio que sigue en el calendario es in\u00e9dito para la F\u00f3rmula 1: el <strong>GP de Espa\u00f1a<\/strong>, que siempre se disput\u00f3 en el Circuit de Barcelona-Catalunya (este a\u00f1o tambi\u00e9n se corri\u00f3, pero bajo el nombre de GP de Catalu\u00f1a) y <strong>esta vez tendr\u00e1 lugar en Madrid, en un flamante trazado semipermanente.<\/strong><\/p>\n<\/div>\n<div id=\"element-body-2\" class=\"sc-df222161-0 hNvwjb\" readability=\"42\">\n<p>El circuito se llama <strong>Madring<\/strong>, y se dice que es un semipermanente porque combina sectores fijos, espec\u00edficamente para actividades automovil\u00edsticas, y algunos urbanos, donde suelen transitar los autos de calle en el tr\u00e1fico de cada d\u00eda. Seg\u00fan palpitaron los jefes de equipo, <strong>ser\u00e1 un desaf\u00edo t\u00e9cnico para los monoplazas<\/strong>, con zonas muy exigentes como La Monumental, una curva larga con 13\u00b0 de peralte.<\/p>\n<\/div>\n<div class=\"sc-c0843421-0 iNysjD image-embed\" id=\"element-body-3\"><img alt=\"Colapinto en acci\u00f3n en Monza. (REUTERS\/Claudia Greco)\" loading=\"lazy\" width=\"720\" height=\"100\" decoding=\"async\" data-nimg=\"1\" src=\"http:\/\/cordobadirecto.com\/wp-content\/uploads\/2026\/09\/cuando-vuelve-a-correr-colapinto-y-donde-sera-la-proxima-fecha-de-la-f1.jpg\"><span class=\"epigraphe\">Colapinto en acci\u00f3n en Monza. (REUTERS\/Claudia Greco)<\/span><\/div>\n<p><h2>D\u00edas y horarios del GP de Espa\u00f1a en Madring<\/h2>\n<\/p>\n<p><h3>Viernes 11 de septiembre<\/h3>\n<\/p>\n<div id=\"element-body-6\" class=\"sc-df222161-0 hNvwjb\">\n<ul>\n<li>Pr\u00e1ctica 1: 8.30<\/li>\n<li>Pr\u00e1ctica 2: 12.00<\/li>\n<\/ul>\n<\/div>\n<p><h3>S\u00e1bado 12 de septiembre<\/h3>\n<\/p>\n<div id=\"element-body-8\" class=\"sc-df222161-0 hNvwjb\">\n<ul>\n<li>Pr\u00e1ctica 3: 7.30<\/li>\n<li>Clasificaci\u00f3n: 11.00<\/li>\n<\/ul>\n<\/div>\n<p><h3>Domingo 13 de septiembre<\/h3>\n<\/p>\n<div id=\"element-body-10\" class=\"sc-df222161-0 hNvwjb\">\n<ul>\n<li>Carrera: 10.00<\/li>\n<\/ul>\n<\/div>\n<p><h2>D\u00f3nde se podr\u00e1 ver la F1 en Madring<\/h2>\n<\/p>\n<div id=\"element-body-12\" class=\"sc-df222161-0 hNvwjb\" readability=\"35\">\n<p>A diferencia del GP de Italia, que solamente se transmiti\u00f3 por streaming, la actividad se podr\u00e1 sintonizar en vivo y en directo por <strong>Fox Sports y Disney+ Premium<\/strong>.<\/p>\n<\/div>\n<div class=\"sc-c0843421-0 iNysjD image-embed\" id=\"element-body-13\"><img alt=\"La F\u00f3rmula 3 ya prob\u00f3 el Madring. En la foto, el argentino Colnaghi. (IG)\" loading=\"lazy\" width=\"720\" height=\"100\" decoding=\"async\" data-nimg=\"1\" src=\"http:\/\/cordobadirecto.com\/wp-content\/uploads\/2026\/09\/cuando-vuelve-a-correr-colapinto-y-donde-sera-la-proxima-fecha-de-la-f1-1.jpg\"><span class=\"epigraphe\">La F\u00f3rmula 3 ya prob\u00f3 el Madring. En la foto, el argentino Colnaghi. (IG)<\/span><\/div>\n<div id=\"element-body-14\" class=\"sc-a7166897-0 eTTZWU\" readability=\"31.5\">\n<section readability=\"3\"><picture><img alt=\"De pelear por la punta a despistarse y un carrer\u00f3n: Colapinto remont\u00f3 7 puestos y termin\u00f3 9\u00b0 en Monza\" loading=\"lazy\" width=\"290\" height=\"290\" decoding=\"async\" data-nimg=\"1\" src=\"http:\/\/cordobadirecto.com\/wp-content\/uploads\/2026\/09\/cuando-vuelve-a-correr-colapinto-y-donde-sera-la-proxima-fecha-de-la-f1-2.jpg\"><\/picture>\n<p><span>Mir\u00e1 tambi\u00e9n<\/span><\/p>\n<hr>\n<h3>De pelear por la punta a despistarse y un carrer\u00f3n: Colapinto remont\u00f3 7 puestos y termin\u00f3 9\u00b0 en Monza<\/h3>\n<\/p>\n<\/section>\n<\/div>\n<div id=\"element-body-15\" class=\"sc-a7166897-0 eTTZWU\" readability=\"31.5\">\n<section readability=\"3\"><picture><img alt=\"Las l\u00e1grimas y frustraci\u00f3n de Colapinto: \u201cDesaprovech\u00e9 una oportunidad muy importante\u201d\" loading=\"lazy\" width=\"290\" height=\"290\" decoding=\"async\" data-nimg=\"1\" src=\"http:\/\/cordobadirecto.com\/wp-content\/uploads\/2026\/09\/cuando-vuelve-a-correr-colapinto-y-donde-sera-la-proxima-fecha-de-la-f1-3.jpg\"><\/picture>\n<p><span>Mir\u00e1 tambi\u00e9n<\/span><\/p>\n<hr>\n<h3>Las l\u00e1grimas y frustraci\u00f3n de Colapinto: \u201cDesaprovech\u00e9 una oportunidad muy importante\u201d<\/h3>\n<\/p>\n<\/section>\n<\/div>\n<div id=\"element-body-16\" class=\"sc-a7166897-0 eTTZWU\" readability=\"32\">\n<section readability=\"4\"><picture><img alt=\"Historia pura: Kimi Antonelli larg\u00f3 19\u00b0, gan\u00f3 y le devolvi\u00f3 la gloria a Italia tras 60 a\u00f1os\" loading=\"lazy\" width=\"290\" height=\"290\" decoding=\"async\" data-nimg=\"1\" src=\"http:\/\/cordobadirecto.com\/wp-content\/uploads\/2026\/09\/cuando-vuelve-a-correr-colapinto-y-donde-sera-la-proxima-fecha-de-la-f1-4.jpg\"><\/picture>\n<p><span>Mir\u00e1 tambi\u00e9n<\/span><\/p>\n<hr>\n<h3>Historia pura: Kimi Antonelli larg\u00f3 19\u00b0, gan\u00f3 y le devolvi\u00f3 la gloria a Italia tras 60 a\u00f1os<\/h3>\n<\/p>\n<\/section>\n<\/div>\n<div id=\"element-body-17\" class=\"sc-a7166897-0 eTTZWU\" readability=\"31.5\">\n<section readability=\"3\"><picture><img alt=\"La fuerte banca de Alpine a Colapinto y Gasly despu\u00e9s de un GP de Monza con sabor a poco\" loading=\"lazy\" width=\"290\" height=\"290\" decoding=\"async\" data-nimg=\"1\" src=\"http:\/\/cordobadirecto.com\/wp-content\/uploads\/2026\/09\/cuando-vuelve-a-correr-colapinto-y-donde-sera-la-proxima-fecha-de-la-f1-5.jpg\"><\/picture>\n<p><span>Mir\u00e1 tambi\u00e9n<\/span><\/p>\n<hr>\n<h3>La fuerte banca de Alpine a Colapinto y Gasly despu\u00e9s de un GP de Monza con sabor a poco<\/h3>\n<\/p>\n<\/section>\n<\/div>\n","protected":false},"excerpt":{"rendered":"<p>El GP de Italia fue tan m\u00e1gico como se lo imaginaba, con un triunfazo de Kimi Antonelli y una gran remontada de Franco Colapinto para terminar 9\u00b0. Sin tiempo para digerir alegr\u00edas y frustraciones (el argentino llor\u00f3 porque sinti\u00f3 que desaprovech\u00f3 una oportunidad), los pilotos tendr\u00e1n que empezar a pensar en la pr\u00f3xima fecha, que [&hellip;]<\/p>\n","protected":false},"author":1,"featured_media":206674,"comment_status":"closed","ping_status":"closed","sticky":false,"template":"","format":"standard","meta":[],"categories":[21],"tags":[],"_links":{"self":[{"href":"http:\/\/cordobadirecto.com\/index.php\/wp-json\/wp\/v2\/posts\/206673"}],"collection":[{"href":"http:\/\/cordobadirecto.com\/index.php\/wp-json\/wp\/v2\/posts"}],"about":[{"href":"http:\/\/cordobadirecto.com\/index.php\/wp-json\/wp\/v2\/types\/post"}],"author":[{"embeddable":true,"href":"http:\/\/cordobadirecto.com\/index.php\/wp-json\/wp\/v2\/users\/1"}],"replies":[{"embeddable":true,"href":"http:\/\/cordobadirecto.com\/index.php\/wp-json\/wp\/v2\/comments?post=206673"}],"version-history":[{"count":0,"href":"http:\/\/cordobadirecto.com\/index.php\/wp-json\/wp\/v2\/posts\/206673\/revisions"}],"wp:featuredmedia":[{"embeddable":true,"href":"http:\/\/cordobadirecto.com\/index.php\/wp-json\/wp\/v2\/media\/206674"}],"wp:attachment":[{"href":"http:\/\/cordobadirecto.com\/index.php\/wp-json\/wp\/v2\/media?parent=206673"}],"wp:term":[{"taxonomy":"category","embeddable":true,"href":"http:\/\/cordobadirecto.com\/index.php\/wp-json\/wp\/v2\/categories?post=206673"},{"taxonomy":"post_tag","embeddable":true,"href":"http:\/\/cordobadirecto.com\/index.php\/wp-json\/wp\/v2\/tags?post=206673"}],"curies":[{"name":"wp","href":"https:\/\/api.w.org\/{rel}","templated":true}]}}