{"id":20688,"date":"2021-09-29T02:08:43","date_gmt":"2021-09-29T02:08:43","guid":{"rendered":"http:\/\/cordobadirecto.com\/index.php\/2021\/09\/29\/palermo-reemplazara-a-gago-como-tecnico-de-aldosivi\/"},"modified":"2021-09-29T02:08:43","modified_gmt":"2021-09-29T02:08:43","slug":"palermo-reemplazara-a-gago-como-tecnico-de-aldosivi","status":"publish","type":"post","link":"http:\/\/cordobadirecto.com\/index.php\/2021\/09\/29\/palermo-reemplazara-a-gago-como-tecnico-de-aldosivi\/","title":{"rendered":"Palermo reemplazar\u00e1 a Gago como t\u00e9cnico de Aldosivi"},"content":{"rendered":"<div class=\"image\" id=\"image\" readability=\"7\"> <img src=\"http:\/\/cordobadirecto.com\/wp-content\/uploads\/2021\/09\/palermo-reemplazara-a-gago-como-tecnico-de-aldosivi.jpg\" alt=\"La \u00faltima experiencia de Palermo como DT fue este a\u00f1o en Curic\u00f3 Unido de Chile.\" title=\"La \u00faltima experiencia de Palermo como DT fue este a\u00f1o en Curic\u00f3 Unido de Chile.\"><\/p>\n<p>La \u00faltima experiencia de Palermo como DT fue este a\u00f1o en Curic\u00f3 Unido de Chile.<\/p>\n<\/div>\n<p><strong>Aldosivi <\/strong>anunci\u00f3 esta tarde que lleg\u00f3 a un <strong>acuerdo de palabra con Mart\u00edn Palermo<\/strong> para que se convierta en el nuevo director t\u00e9cnico de su plantel, tras la reciente salida de otro ex Boca Juniors, <strong>Fernando Gago<\/strong>.<\/p>\n<p>En sus cuentas oficiales en redes sociales, Aldosivi anunci\u00f3 el acuerdo con Palermo, quien regresa a la Argentina, donde la \u00faltima vez que dirigi\u00f3 fue en 2015 a Arsenal de Sarand\u00ed.<\/p>\n<p>A la espera de la firma, <strong>resta saber si Palermo estar\u00e1 este viernes en el banco dirigiendo<\/strong> al equipo que, desde las 19, recibir\u00e1 en el estadio Jos\u00e9 Mar\u00eda Minella a <strong>Uni\u00f3n de Santa Fe<\/strong> por la fecha 14 de la Liga Profesional, partido que estar\u00e1 marcado por la vuelta del p\u00fablico a los estadios de f\u00fatbol.<\/p>\n<div class=\"js-code\" readability=\"5.2932489451477\">\n<blockquote class=\"twitter-tweet\" readability=\"4.8860759493671\">\n<p lang=\"es\" dir=\"ltr\">El Club Atl\u00e9tico Aldosivi informa que hay un acuerdo de palabra para que Mart\u00edn Palermo sea el pr\u00f3ximo director t\u00e9cnico de primera divisi\u00f3n \ud83d\udd30\ud83e\udd88 <a href=\"https:\/\/t.co\/75tg3yhocn\">pic.twitter.com\/75tg3yhocn<\/a><\/p>\n<p>\u2014 Club Atl. Aldosivi (@clubaldosivi) <a href=\"https:\/\/twitter.com\/clubaldosivi\/status\/1442916973801656328?ref_src=twsrc%5Etfw\">September 28, 2021<\/a><\/p><\/blockquote><\/div>\n<p>La \u00faltima experiencia de Palermo como DT fue este a\u00f1o en Curic\u00f3 Unido de Chile, de donde debi\u00f3 marcharse por los malos resultados, tras pasar por Pachuca de M\u00e9xico y Uni\u00f3n Espa\u00f1ola tambi\u00e9n de Chile.<\/p>\n<p>Mientras tanto, este martes el plantel profesional de Aldosivi entren\u00f3 en su predio y la pr\u00e1ctica estuvo a cargo de los t\u00e9cnicos de inferiores, los ex Gimnasia y Esgrima La Plata Facundo Oreja y Diego Villar. <\/p>\n","protected":false},"excerpt":{"rendered":"<p>La \u00faltima experiencia de Palermo como DT fue este a\u00f1o en Curic\u00f3 Unido de Chile. Aldosivi anunci\u00f3 esta tarde que lleg\u00f3 a un acuerdo de palabra con Mart\u00edn Palermo para que se convierta en el nuevo director t\u00e9cnico de su plantel, tras la reciente salida de otro ex Boca Juniors, Fernando Gago. En sus cuentas [&hellip;]<\/p>\n","protected":false},"author":1,"featured_media":20689,"comment_status":"closed","ping_status":"closed","sticky":false,"template":"","format":"standard","meta":[],"categories":[21],"tags":[],"_links":{"self":[{"href":"http:\/\/cordobadirecto.com\/index.php\/wp-json\/wp\/v2\/posts\/20688"}],"collection":[{"href":"http:\/\/cordobadirecto.com\/index.php\/wp-json\/wp\/v2\/posts"}],"about":[{"href":"http:\/\/cordobadirecto.com\/index.php\/wp-json\/wp\/v2\/types\/post"}],"author":[{"embeddable":true,"href":"http:\/\/cordobadirecto.com\/index.php\/wp-json\/wp\/v2\/users\/1"}],"replies":[{"embeddable":true,"href":"http:\/\/cordobadirecto.com\/index.php\/wp-json\/wp\/v2\/comments?post=20688"}],"version-history":[{"count":0,"href":"http:\/\/cordobadirecto.com\/index.php\/wp-json\/wp\/v2\/posts\/20688\/revisions"}],"wp:featuredmedia":[{"embeddable":true,"href":"http:\/\/cordobadirecto.com\/index.php\/wp-json\/wp\/v2\/media\/20689"}],"wp:attachment":[{"href":"http:\/\/cordobadirecto.com\/index.php\/wp-json\/wp\/v2\/media?parent=20688"}],"wp:term":[{"taxonomy":"category","embeddable":true,"href":"http:\/\/cordobadirecto.com\/index.php\/wp-json\/wp\/v2\/categories?post=20688"},{"taxonomy":"post_tag","embeddable":true,"href":"http:\/\/cordobadirecto.com\/index.php\/wp-json\/wp\/v2\/tags?post=20688"}],"curies":[{"name":"wp","href":"https:\/\/api.w.org\/{rel}","templated":true}]}}