{"id":20756,"date":"2021-09-29T15:30:00","date_gmt":"2021-09-29T15:30:00","guid":{"rendered":"http:\/\/cordobadirecto.com\/index.php\/2021\/09\/29\/francia-anuncio-que-extendera-el-uso-del-pasaporte-sanitario-hasta-mediados-de-2022\/"},"modified":"2021-09-29T15:30:00","modified_gmt":"2021-09-29T15:30:00","slug":"francia-anuncio-que-extendera-el-uso-del-pasaporte-sanitario-hasta-mediados-de-2022","status":"publish","type":"post","link":"http:\/\/cordobadirecto.com\/index.php\/2021\/09\/29\/francia-anuncio-que-extendera-el-uso-del-pasaporte-sanitario-hasta-mediados-de-2022\/","title":{"rendered":"Francia anunci\u00f3 que extender\u00e1 el uso del pasaporte sanitario hasta mediados de 2022"},"content":{"rendered":"<div class=\"image\" id=\"image\" readability=\"8\"> <img src=\"http:\/\/cordobadirecto.com\/wp-content\/uploads\/2021\/09\/francia-anuncio-que-extendera-el-uso-del-pasaporte-sanitario-hasta-mediados-de-2022.jpg\" alt=\"El pasaporte sanitario es obligatorio desde el 21 de julio en lugares que acogen m\u00e1s de 50 personas. Foto: AFP. \" title=\"El pasaporte sanitario es obligatorio desde el 21 de julio en lugares que acogen m\u00e1s de 50 personas. Foto: AFP. \"><\/p>\n<p>El pasaporte sanitario es obligatorio desde el 21 de julio en lugares que acogen m\u00e1s de 50 personas. Foto: AFP. <\/p>\n<\/div>\n<p>El Gobierno franc\u00e9s anunci\u00f3 este mi\u00e9rcoles su intenci\u00f3n de extender el pasaporte sanitario -necesario para acceder a restaurantes, espacios culturales e incluso hospitales- hasta mediados de 2022, pese a que su uso deb\u00eda terminar el 15 de noviembre.<\/p>\n<p><strong>&#8220;Lo que vamos a proponer al Parlamento es mantener durante varios meses m\u00e1s, hasta el verano, la posibilidad de recurrir&#8221; al pase, indic\u00f3 a la prensa el vocero del Gobierno,<\/strong> Gabriel Attal, tras una reuni\u00f3n del Consejo de Ministros.<\/p>\n<p>Al elegir el verano boreal como plazo, el Gobierno franc\u00e9s deber\u00e1 presentar el 13 de octubre un proyecto de ley que ampl\u00ede el uso de este pase m\u00e1s all\u00e1 del final de los trabajos de los trabajos parlamentarios de febrero.<\/p>\n<div class=\"image\" id=\"image\" readability=\"11\"> <img src=\"http:\/\/cordobadirecto.com\/wp-content\/uploads\/2021\/09\/francia-anuncio-que-extendera-el-uso-del-pasaporte-sanitario-hasta-mediados-de-2022-1.jpg\" alt=\"La campa\u00f1a de vacunaci\u00f3n comenz\u00f3 a fines del a\u00f1o pasado, m\u00e1s del 76,98% de los ciudadanos franceses recibieron al menos una dosis de la vacuna y m\u00e1s de 67,49% recibieron la pauta completa.\" title=\"La campa\u00f1a de vacunaci\u00f3n comenz\u00f3 a fines del a\u00f1o pasado, m\u00e1s del 76,98% de los ciudadanos franceses recibieron al menos una dosis de la vacuna y m\u00e1s de 67,49% recibieron la pauta completa.\"><\/p>\n<p>La campa\u00f1a de vacunaci\u00f3n comenz\u00f3 a fines del a\u00f1o pasado, m\u00e1s del 76,98% de los ciudadanos franceses recibieron al menos una dosis de la vacuna y m\u00e1s de 67,49% recibieron la pauta completa.<\/p>\n<\/div>\n<p>El pasaporte sanitario es obligatorio desde el 21 de julio en lugares que acogen m\u00e1s de 50 personas, as\u00ed como en bares, restaurantes, hospitales (salvo urgencias) y grandes centros comerciales.<\/p>\n<p><strong>Su aplicaci\u00f3n gener\u00f3 protestas semanales y, si bien la movilizaci\u00f3n fue perdiendo fuerza, m\u00e1s de 60.000 personas se manifestaron en contra el s\u00e1bado pasado en Francia.<\/strong><\/p>\n<p>&#8220;Los \u00faltimos 18 meses nos han demostrado que hay que mantenerse prudentes y vigilantes&#8221;, dijo Attal, quien subray\u00f3 que el deseo de Par\u00eds es mantener las menores restricciones posibles.<\/p>\n<p>El vocero agreg\u00f3 este viernes en conferencia de prensa que &#8220;la salida de la cuarta ola de la epidemia de coronavirus va confirm\u00e1ndose d\u00eda a d\u00eda, el n\u00famero de casos diarios detectados ha disminuido un 23% en una semana&#8221;, hecho que se lo adjudic\u00f3 en gran medida a la vacunaci\u00f3n.<\/p>\n<blockquote readability=\"8\">\n<p>Desde el inicio de la pandemia se contabilizaron m\u00e1s de 7 millones de casos, 6,75 millones se recuperaron y m\u00e1s de 116.000 fallecieron<span class=\"comilla\">\u201d<\/span><\/p>\n<\/blockquote>\n<p>La campa\u00f1a de vacunaci\u00f3n comenz\u00f3 a fines del a\u00f1o pasado, m\u00e1s del 76,98% de los ciudadanos franceses recibieron al menos una dosis de la vacuna y m\u00e1s de 67,49% recibieron la pauta completa.<\/p>\n<p>Attal se\u00f1al\u00f3 que la situaci\u00f3n epidemiol\u00f3gica mejor\u00f3 en todo el territorio continental de Francia.<\/p>\n<p><strong>Solo un departamento, Bocas del R\u00f3dano, detect\u00f3 m\u00e1s de 100 casos de contagios por cada 100.000 personas.<\/strong><\/p>\n<p>En el 60% de los departamentos franceses, agreg\u00f3, el n\u00famero de casos por cada 100.000 habitantes es menor.<\/p>\n<p><strong>&#8220;Como saben, a partir de la pr\u00f3xima semana en estos departamentos ser\u00e1n abolidas los tapabocas en las escuelas&#8221;<\/strong>, indic\u00f3 Attal, inform\u00f3 la agencia de noticias Sputnik.<\/p>\n<p>Seg\u00fan la Agencia de Salud P\u00fablica de Francia, desde el inicio de la pandemia se contabilizaron m\u00e1s de 7 millones de casos, 6,75 millones se recuperaron y m\u00e1s de 116.000 fallecieron. <\/p>\n","protected":false},"excerpt":{"rendered":"<p>El pasaporte sanitario es obligatorio desde el 21 de julio en lugares que acogen m\u00e1s de 50 personas. Foto: AFP. El Gobierno franc\u00e9s anunci\u00f3 este mi\u00e9rcoles su intenci\u00f3n de extender el pasaporte sanitario -necesario para acceder a restaurantes, espacios culturales e incluso hospitales- hasta mediados de 2022, pese a que su uso deb\u00eda terminar el [&hellip;]<\/p>\n","protected":false},"author":1,"featured_media":20757,"comment_status":"closed","ping_status":"closed","sticky":false,"template":"","format":"standard","meta":[],"categories":[24],"tags":[],"_links":{"self":[{"href":"http:\/\/cordobadirecto.com\/index.php\/wp-json\/wp\/v2\/posts\/20756"}],"collection":[{"href":"http:\/\/cordobadirecto.com\/index.php\/wp-json\/wp\/v2\/posts"}],"about":[{"href":"http:\/\/cordobadirecto.com\/index.php\/wp-json\/wp\/v2\/types\/post"}],"author":[{"embeddable":true,"href":"http:\/\/cordobadirecto.com\/index.php\/wp-json\/wp\/v2\/users\/1"}],"replies":[{"embeddable":true,"href":"http:\/\/cordobadirecto.com\/index.php\/wp-json\/wp\/v2\/comments?post=20756"}],"version-history":[{"count":0,"href":"http:\/\/cordobadirecto.com\/index.php\/wp-json\/wp\/v2\/posts\/20756\/revisions"}],"wp:featuredmedia":[{"embeddable":true,"href":"http:\/\/cordobadirecto.com\/index.php\/wp-json\/wp\/v2\/media\/20757"}],"wp:attachment":[{"href":"http:\/\/cordobadirecto.com\/index.php\/wp-json\/wp\/v2\/media?parent=20756"}],"wp:term":[{"taxonomy":"category","embeddable":true,"href":"http:\/\/cordobadirecto.com\/index.php\/wp-json\/wp\/v2\/categories?post=20756"},{"taxonomy":"post_tag","embeddable":true,"href":"http:\/\/cordobadirecto.com\/index.php\/wp-json\/wp\/v2\/tags?post=20756"}],"curies":[{"name":"wp","href":"https:\/\/api.w.org\/{rel}","templated":true}]}}