{"id":20760,"date":"2021-09-29T15:52:32","date_gmt":"2021-09-29T15:52:32","guid":{"rendered":"https:\/\/www.cordoba.gob.ar\/?p=13871"},"modified":"2021-09-29T15:52:32","modified_gmt":"2021-09-29T15:52:32","slug":"en-octubrecordoba-sera-sede-de-la-feria-de-exposicion-y-comercializacion-de-cooperativas","status":"publish","type":"post","link":"http:\/\/cordobadirecto.com\/index.php\/2021\/09\/29\/en-octubrecordoba-sera-sede-de-la-feria-de-exposicion-y-comercializacion-de-cooperativas\/","title":{"rendered":"En octubre,C\u00f3rdoba ser\u00e1 sede de la feria de exposici\u00f3n y comercializaci\u00f3n de cooperativas"},"content":{"rendered":"<div><img src=\"http:\/\/cordobadirecto.com\/wp-content\/uploads\/2021\/09\/en-octubrecordoba-sera-sede-de-la-feria-de-exposicion-y-comercializacion-de-cooperativas.jpg\" class=\"ff-og-image-inserted\"><\/div>\n<ul>\n<li><strong>Se desarrollar\u00e1 durante los d\u00edas 1 y 2 del pr\u00f3ximo mes en la Supermanzana de la calle Caseros, en el horario de 11:00 a 19:00 hs.<\/strong><\/li>\n<li><strong>Reunir\u00e1 a m\u00e1s de 80 puestos.<\/strong><\/li>\n<\/ul>\n<hr>\n<p>En el marco del programa \u201cLa Ruta Productiva de las Cooperativas\u201d que lleva adelante el Gobierno Provincial, y en convenio con la Municipalidad de C\u00f3rdoba, en octubre se realizar\u00e1 una feria de exposici\u00f3n y comercializaci\u00f3n de productos propios de cooperativas de trabajo locales que se desempe\u00f1en en el rubro de producci\u00f3n de alimentos, artesan\u00edas, bienes y afines.<\/p>\n<p>La cita ser\u00e1 los d\u00edas 1 y 2 de octubre desde las 11:00 a las 19:00 horas, en la Supermanzana de la calle Caseros.<\/p>\n<p>El programa, tiene como objetivo visibilizar el trabajo del sector productivo cooperativo, su consolidaci\u00f3n en el mercado local, desarrollo y generaci\u00f3n de empleo y la comercializaci\u00f3n local.<\/p>\n<p>La iniciativa es desarrollada a trav\u00e9s de un convenio de cooperaci\u00f3n entre la Municipalidad de C\u00f3rdoba y el Ministerio de Industria, Comercio y Miner\u00eda, firmado esta tarde entre el Secretario de Gobierno municipal, Miguel Siciliano y el subsecretario de Cooperativas y Mutuales de la Provincia, Dar\u00edo Ranco.<\/p>\n<p>En la ocasi\u00f3n, el subsecretario de gobierno, Abraham Galo, destac\u00f3: <em>\u201cDesde el municipio es muy importante poner en valor y mostrar todo el potencial que tiene el sector cooperativo y el mutual, un sector que invierte y genera muchos puestos de trabajo en nuestra ciudad\u201d.<\/em><\/p>\n<p>A su tiempo, el subsecretario de Cooperativas y Mutuales del Gobierno Provincial, Dar\u00edo Ranco, expres\u00f3: <em>\u201cEstamos celebrando este convenio con la Municipalidad, articulando acciones en lo que es el asociativismo, reflejando a todos aquellos actores que forman parte de nuestra sociedad, otorg\u00e1ndoles la posibilidad de expresar y de mostrar lo que hacen a trav\u00e9s de \u00e9stos encuentros de la ruta del cooperativismo\u201d.<\/em><\/p>\n<p>Por su parte, la directora de Cooperativas y Mutuales de la Provincia, Carla Moreno, destac\u00f3 la importancia del convenio para posibilitar a las cooperativas la oportunidad de ofrecer sus productos y visualizar sus producciones.<\/p>\n","protected":false},"excerpt":{"rendered":"<p>Se desarrollar\u00e1 durante los d\u00edas 1 y 2 del pr\u00f3ximo mes en la Supermanzana de la calle Caseros, en el horario de 11:00 a 19:00 hs. Reunir\u00e1 a m\u00e1s de 80 puestos. En el marco del programa \u201cLa Ruta Productiva de las Cooperativas\u201d que lleva adelante el Gobierno Provincial, y en convenio con la Municipalidad [&hellip;]<\/p>\n","protected":false},"author":1,"featured_media":20761,"comment_status":"closed","ping_status":"closed","sticky":false,"template":"","format":"standard","meta":[],"categories":[44],"tags":[],"_links":{"self":[{"href":"http:\/\/cordobadirecto.com\/index.php\/wp-json\/wp\/v2\/posts\/20760"}],"collection":[{"href":"http:\/\/cordobadirecto.com\/index.php\/wp-json\/wp\/v2\/posts"}],"about":[{"href":"http:\/\/cordobadirecto.com\/index.php\/wp-json\/wp\/v2\/types\/post"}],"author":[{"embeddable":true,"href":"http:\/\/cordobadirecto.com\/index.php\/wp-json\/wp\/v2\/users\/1"}],"replies":[{"embeddable":true,"href":"http:\/\/cordobadirecto.com\/index.php\/wp-json\/wp\/v2\/comments?post=20760"}],"version-history":[{"count":0,"href":"http:\/\/cordobadirecto.com\/index.php\/wp-json\/wp\/v2\/posts\/20760\/revisions"}],"wp:featuredmedia":[{"embeddable":true,"href":"http:\/\/cordobadirecto.com\/index.php\/wp-json\/wp\/v2\/media\/20761"}],"wp:attachment":[{"href":"http:\/\/cordobadirecto.com\/index.php\/wp-json\/wp\/v2\/media?parent=20760"}],"wp:term":[{"taxonomy":"category","embeddable":true,"href":"http:\/\/cordobadirecto.com\/index.php\/wp-json\/wp\/v2\/categories?post=20760"},{"taxonomy":"post_tag","embeddable":true,"href":"http:\/\/cordobadirecto.com\/index.php\/wp-json\/wp\/v2\/tags?post=20760"}],"curies":[{"name":"wp","href":"https:\/\/api.w.org\/{rel}","templated":true}]}}