{"id":20762,"date":"2021-09-28T19:25:02","date_gmt":"2021-09-28T19:25:02","guid":{"rendered":"https:\/\/cordoba.gob.ar\/?p=13867"},"modified":"2021-09-28T19:25:02","modified_gmt":"2021-09-28T19:25:02","slug":"dia-de-san-jeronimo-este-jueves-sera-asueto-administrativo-en-el-ambito-municipal","status":"publish","type":"post","link":"http:\/\/cordobadirecto.com\/index.php\/2021\/09\/28\/dia-de-san-jeronimo-este-jueves-sera-asueto-administrativo-en-el-ambito-municipal\/","title":{"rendered":"D\u00eda de San Jer\u00f3nimo: este jueves ser\u00e1 asueto administrativo en el \u00e1mbito municipal"},"content":{"rendered":"<div><img src=\"http:\/\/cordobadirecto.com\/wp-content\/uploads\/2021\/09\/dia-de-san-jeronimo-este-jueves-sera-asueto-administrativo-en-el-ambito-municipal.jpg\" class=\"ff-og-image-inserted\"><\/div>\n<p>La Municipalidad de C\u00f3rdoba dispuso que este jueves 30 de septiembre, d\u00eda de San Jer\u00f3nimo, Patrono de la ciudad, ser\u00e1 asueto administrativo en el \u00e1mbito municipal.<\/p>\n<p>La medida except\u00faa a los servicios indispensables y esenciales.<\/p>\n<p>El Palacio 6 de Julio, los Centros de Participaci\u00f3n Comunal y dem\u00e1s oficinas descentralizadas permanecer\u00e1n cerrados.<\/p>\n","protected":false},"excerpt":{"rendered":"<p>La Municipalidad de C\u00f3rdoba dispuso que este jueves 30 de septiembre, d\u00eda de San Jer\u00f3nimo, Patrono de la ciudad, ser\u00e1 asueto administrativo en el \u00e1mbito municipal. La medida except\u00faa a los servicios indispensables y esenciales. El Palacio 6 de Julio, los Centros de Participaci\u00f3n Comunal y dem\u00e1s oficinas descentralizadas permanecer\u00e1n cerrados.<\/p>\n","protected":false},"author":1,"featured_media":20763,"comment_status":"closed","ping_status":"closed","sticky":false,"template":"","format":"standard","meta":[],"categories":[44],"tags":[],"_links":{"self":[{"href":"http:\/\/cordobadirecto.com\/index.php\/wp-json\/wp\/v2\/posts\/20762"}],"collection":[{"href":"http:\/\/cordobadirecto.com\/index.php\/wp-json\/wp\/v2\/posts"}],"about":[{"href":"http:\/\/cordobadirecto.com\/index.php\/wp-json\/wp\/v2\/types\/post"}],"author":[{"embeddable":true,"href":"http:\/\/cordobadirecto.com\/index.php\/wp-json\/wp\/v2\/users\/1"}],"replies":[{"embeddable":true,"href":"http:\/\/cordobadirecto.com\/index.php\/wp-json\/wp\/v2\/comments?post=20762"}],"version-history":[{"count":0,"href":"http:\/\/cordobadirecto.com\/index.php\/wp-json\/wp\/v2\/posts\/20762\/revisions"}],"wp:featuredmedia":[{"embeddable":true,"href":"http:\/\/cordobadirecto.com\/index.php\/wp-json\/wp\/v2\/media\/20763"}],"wp:attachment":[{"href":"http:\/\/cordobadirecto.com\/index.php\/wp-json\/wp\/v2\/media?parent=20762"}],"wp:term":[{"taxonomy":"category","embeddable":true,"href":"http:\/\/cordobadirecto.com\/index.php\/wp-json\/wp\/v2\/categories?post=20762"},{"taxonomy":"post_tag","embeddable":true,"href":"http:\/\/cordobadirecto.com\/index.php\/wp-json\/wp\/v2\/tags?post=20762"}],"curies":[{"name":"wp","href":"https:\/\/api.w.org\/{rel}","templated":true}]}}