{"id":20789,"date":"2021-09-30T01:19:49","date_gmt":"2021-09-30T01:19:49","guid":{"rendered":"https:\/\/www.bbc.com\/mundo\/noticias-america-latina-58730033"},"modified":"2021-09-30T01:19:49","modified_gmt":"2021-09-30T01:19:49","slug":"ecuador-al-menos-116-muertos-en-una-carcel-de-guayaquil-en-enfrentamientos-entre-bandas-rivales-con-granadas-y-decapitaciones","status":"publish","type":"post","link":"http:\/\/cordobadirecto.com\/index.php\/2021\/09\/30\/ecuador-al-menos-116-muertos-en-una-carcel-de-guayaquil-en-enfrentamientos-entre-bandas-rivales-con-granadas-y-decapitaciones\/","title":{"rendered":"Ecuador: al menos 116 muertos en una c\u00e1rcel de Guayaquil en enfrentamientos entre bandas rivales con granadas y decapitaciones"},"content":{"rendered":"<div dir=\"ltr\" class=\"e1j2237y5 bbc-q4ibpr e57qer20\">\n<div class=\"bbc-1atl7vu e1c9i7u14\">\n<ul role=\"list\" class=\"bbc-cdrraw e1c9i7u12\">\n<li role=\"listitem\" class=\"bbc-1a3w4ok e1c9i7u11\">Redacci\u00f3n <\/li>\n<li role=\"listitem\" class=\"bbc-1p92jtu e1c9i7u10\">BBC News Mundo<\/li>\n<\/ul>\n<\/div>\n<\/div>\n<div dir=\"ltr\" class=\"e1j2237y6 bbc-q4ibpr e57qer20\"><time datetime=\"2021-09-29\" class=\"bbc-14xtggo e4zesg50\">29 septiembre 2021<\/time><\/p>\n<p><time datetime=\"2021-09-30\" class=\"bbc-14xtggo e4zesg50\">Actualizado 47 minutos<\/time><\/p>\n<\/div>\n<div dir=\"ltr\" class=\"bbc-1ka88fa e57qer20\">\n<figure class=\"bbc-1qdcvv9 e6bmn90\">\n<div dir=\"ltr\" class=\"bbc-172p16q e57qer20\">\n<div dir=\"ltr\" class=\"bbc-189y18v e57qer20\">\n<div data-e2e=\"image-placeholder\" class=\"bbc-997y1y e1whu0\"><img loading=\"lazy\" srcset=\"http:\/\/cordobadirecto.com\/wp-content\/uploads\/2021\/09\/ecuador-al-menos-116-muertos-en-una-carcel-de-guayaquil-en-enfrentamientos-entre-bandas-rivales-con-granadas-y-decapitaciones-5.jpg 240w, http:\/\/cordobadirecto.com\/wp-content\/uploads\/2021\/09\/ecuador-al-menos-116-muertos-en-una-carcel-de-guayaquil-en-enfrentamientos-entre-bandas-rivales-con-granadas-y-decapitaciones-6.jpg 320w, http:\/\/cordobadirecto.com\/wp-content\/uploads\/2021\/09\/ecuador-al-menos-116-muertos-en-una-carcel-de-guayaquil-en-enfrentamientos-entre-bandas-rivales-con-granadas-y-decapitaciones-7.jpg 480w, http:\/\/cordobadirecto.com\/wp-content\/uploads\/2021\/09\/ecuador-al-menos-116-muertos-en-una-carcel-de-guayaquil-en-enfrentamientos-entre-bandas-rivales-con-granadas-y-decapitaciones-8.jpg 624w, http:\/\/cordobadirecto.com\/wp-content\/uploads\/2021\/09\/ecuador-al-menos-116-muertos-en-una-carcel-de-guayaquil-en-enfrentamientos-entre-bandas-rivales-con-granadas-y-decapitaciones-9.jpg 800w\" alt=\"Presos amotinados en una c\u00e1rcel de Guayaquil\" src=\"http:\/\/cordobadirecto.com\/wp-content\/uploads\/2021\/09\/ecuador-al-menos-116-muertos-en-una-carcel-de-guayaquil-en-enfrentamientos-entre-bandas-rivales-con-granadas-y-decapitaciones.jpg\" sizes=\"(min-width: 1008px) 645px, 100vw\" width=\"976\" height=\"549\" class=\"eehpdyc0 bbc-100dhyn e1enwo3v0\"><\/p>\n<p role=\"text\" class=\"bbc-1s1cxbv etq3yw90\"><span class=\"bbc-1gnhmg2 e1yt7oin0\">Fuente de la imagen, <\/span><span lang=\"en-GB\">EPA<\/span><\/p>\n<\/div>\n<\/div>\n<\/div>\n<\/figure>\n<\/div>\n<div dir=\"ltr\" class=\"bbc-19j92fr e57qer20\" readability=\"10\">\n<p dir=\"ltr\" class=\"bbc-bm53ic e1cc2ql70\"><b>Un enfrentamiento entre bandas rivales del Centro de Privaci\u00f3n de Libertad N\u00famero 1 en Guayaquil, en Ecuador, dej\u00f3 al menos 116 muertos y decenas de heridos.<\/b><\/p>\n<\/div>\n<div dir=\"ltr\" class=\"bbc-19j92fr e57qer20\" readability=\"11\">\n<p dir=\"ltr\" class=\"bbc-bm53ic e1cc2ql70\">La cifra de fallecidos fue confirmada en la tarde de este mi\u00e9rcoles por el presidente ecuatoriano, Guillermo Lasso, quien presidi\u00f3 en Guayaquil la reuni\u00f3n del comit\u00e9 de seguridad que eval\u00faa la situaci\u00f3n carcelaria tras la masacre en la Penitenciar\u00eda del Litoral. <\/p>\n<\/div>\n<div dir=\"ltr\" class=\"bbc-19j92fr e57qer20\" readability=\"8\">\n<p dir=\"ltr\" class=\"bbc-bm53ic e1cc2ql70\">Lo ocurrido llev\u00f3 a que Lasso declarara el <b>&#8220;estado de excepci\u00f3n nacional en todo el sistema carcelario&#8221;.<\/b><\/p>\n<\/div>\n<div dir=\"ltr\" class=\"bbc-19j92fr e57qer20\" readability=\"9\">\n<p dir=\"ltr\" class=\"bbc-bm53ic e1cc2ql70\">En rueda de prensa el mandatario inform\u00f3 de un total de 116 fallecidos y cerca de 80 heridos, todos presos.<\/p>\n<\/div>\n<div dir=\"ltr\" class=\"bbc-19j92fr e57qer20\" readability=\"13\">\n<p dir=\"ltr\" class=\"bbc-bm53ic e1cc2ql70\">&#8220;Es lamentable que las c\u00e1rceles se las pretenda convertir en un territorio de disputa del poder por parte de bandas delincuenciales. El Estado ecuatoriano va a actuar, debemos actuar, y la primera decisi\u00f3n que hemos tomado es declarar el estado de excepci\u00f3n del sistema carcelario de todo el territorio ecuatoriano&#8221;, dijo.<\/p>\n<\/div>\n<div dir=\"ltr\" class=\"bbc-19j92fr e57qer20\" readability=\"9\">\n<p dir=\"ltr\" class=\"bbc-bm53ic e1cc2ql70\">Lasso reconoci\u00f3 que las autoridades<b> a\u00fan no han retomado el control de la prisi\u00f3n<\/b> en la que ocurrieron los enfrentamientos, lo que esperan suceda en las pr\u00f3ximas horas.<\/p>\n<\/div>\n<div dir=\"ltr\" class=\"bbc-1ka88fa e57qer20\">\n<figure class=\"bbc-1qdcvv9 e6bmn90\">\n<div dir=\"ltr\" class=\"bbc-172p16q e57qer20\">\n<div dir=\"ltr\" class=\"bbc-189y18v e57qer20\" readability=\"6.5\">\n<div data-e2e=\"image-placeholder\" class=\"bbc-997y1y e1whu0\" readability=\"8\"><noscript><img loading=\"lazy\" srcset=\"http:\/\/cordobadirecto.com\/wp-content\/uploads\/2021\/09\/ecuador-al-menos-116-muertos-en-una-carcel-de-guayaquil-en-enfrentamientos-entre-bandas-rivales-con-granadas-y-decapitaciones-10.jpg 240w, http:\/\/cordobadirecto.com\/wp-content\/uploads\/2021\/09\/ecuador-al-menos-116-muertos-en-una-carcel-de-guayaquil-en-enfrentamientos-entre-bandas-rivales-con-granadas-y-decapitaciones-11.jpg 320w, http:\/\/cordobadirecto.com\/wp-content\/uploads\/2021\/09\/ecuador-al-menos-116-muertos-en-una-carcel-de-guayaquil-en-enfrentamientos-entre-bandas-rivales-con-granadas-y-decapitaciones-12.jpg 480w, http:\/\/cordobadirecto.com\/wp-content\/uploads\/2021\/09\/ecuador-al-menos-116-muertos-en-una-carcel-de-guayaquil-en-enfrentamientos-entre-bandas-rivales-con-granadas-y-decapitaciones-13.jpg 624w, http:\/\/cordobadirecto.com\/wp-content\/uploads\/2021\/09\/ecuador-al-menos-116-muertos-en-una-carcel-de-guayaquil-en-enfrentamientos-entre-bandas-rivales-con-granadas-y-decapitaciones-1.jpg 640w\" alt=\"Ecuador\" src=\"http:\/\/cordobadirecto.com\/wp-content\/uploads\/2021\/09\/ecuador-al-menos-116-muertos-en-una-carcel-de-guayaquil-en-enfrentamientos-entre-bandas-rivales-con-granadas-y-decapitaciones-1.jpg\" sizes=\"(min-width: 1008px) 645px, 100vw\" width=\"640\" height=\"360\" class=\"eehpdyc0 bbc-100dhyn e1enwo3v0\"><\/noscript><\/p>\n<p role=\"text\" class=\"bbc-1s1cxbv etq3yw90\"><span class=\"bbc-1gnhmg2 e1yt7oin0\">Fuente de la imagen, <\/span><span lang=\"en-GB\">Reuters<\/span><\/p>\n<\/div>\n<\/div>\n<div dir=\"ltr\" class=\"bbc-3edg7g e57qer20\" readability=\"6\"><figcaption dir=\"ltr\" class=\"bbc-1t9zlwf eede9f50\" readability=\"2\"><span class=\"bbc-1gnhmg2 e1yt7oin0\">Pie de foto, <\/span><\/p>\n<p>Los familiares de los presos acudieron a las puertas de la c\u00e1rcel.<\/p>\n<\/figcaption><\/div>\n<\/div>\n<\/figure>\n<\/div>\n<p><h2 id=\"Granadas-y-decapitaciones\" tabindex=\"-1\" class=\"bbc-l3e97o e14hemmw0\">Granadas y decapitaciones<\/h2>\n<\/p>\n<div dir=\"ltr\" class=\"bbc-19j92fr e57qer20\" readability=\"11\">\n<p dir=\"ltr\" class=\"bbc-bm53ic e1cc2ql70\">Fausto Buena\u00f1o, comandante de la polic\u00eda de la Zona 8, con sede en Guayaquil, detall\u00f3 el martes que las bandas que se enfrentaron buscaban tomar el control de un pabell\u00f3n del penal.<\/p>\n<\/div>\n<div dir=\"ltr\" class=\"bbc-19j92fr e57qer20\" readability=\"8\">\n<p dir=\"ltr\" class=\"bbc-bm53ic e1cc2ql70\"><b>Detonaciones de armas de fuego y explosiones en varios pabellones activaron las alertas de las autoridades<\/b>.<\/p>\n<\/div>\n<div dir=\"ltr\" class=\"bbc-19j92fr e57qer20\" readability=\"9\">\n<p dir=\"ltr\" class=\"bbc-bm53ic e1cc2ql70\">Durante la intervenci\u00f3n, <b>los agentes encontraron cad\u00e1veres con impactos de balas y efectos de granadas en los pabellones de la penitenciar\u00eda<\/b>.<\/p>\n<\/div>\n<div dir=\"ltr\" class=\"bbc-19j92fr e57qer20\" readability=\"9\">\n<p dir=\"ltr\" class=\"bbc-bm53ic e1cc2ql70\">El diario El Comercio inform\u00f3 que varias v\u00edctimas fueron mutiladas. En cinco casos hubo decapitaciones. En otros, cortes de extremidades.<\/p>\n<\/div>\n<div dir=\"ltr\" class=\"bbc-19j92fr e57qer20\" readability=\"11\">\n<p dir=\"ltr\" class=\"bbc-bm53ic e1cc2ql70\">&#8220;El incidente se habr\u00eda iniciado por ri\u00f1as entre bandas delictivas, en un pabell\u00f3n del centro penitenciario&#8221;, explic\u00f3 el martes el Servicio Nacional de Atenci\u00f3n Integral a Personas Adultas privadas de libertad y Adolescentes Infractores (SNAI).<\/p>\n<\/div>\n<div dir=\"ltr\" class=\"bbc-1ka88fa e57qer20\">\n<figure class=\"bbc-1qdcvv9 e6bmn90\">\n<div dir=\"ltr\" class=\"bbc-172p16q e57qer20\">\n<div dir=\"ltr\" class=\"bbc-189y18v e57qer20\" readability=\"6.5\">\n<div data-e2e=\"image-placeholder\" class=\"bbc-997y1y e1whu0\" readability=\"8\"><noscript><img loading=\"lazy\" srcset=\"http:\/\/cordobadirecto.com\/wp-content\/uploads\/2021\/09\/ecuador-al-menos-116-muertos-en-una-carcel-de-guayaquil-en-enfrentamientos-entre-bandas-rivales-con-granadas-y-decapitaciones-14.jpg 240w, http:\/\/cordobadirecto.com\/wp-content\/uploads\/2021\/09\/ecuador-al-menos-116-muertos-en-una-carcel-de-guayaquil-en-enfrentamientos-entre-bandas-rivales-con-granadas-y-decapitaciones-15.jpg 320w, http:\/\/cordobadirecto.com\/wp-content\/uploads\/2021\/09\/ecuador-al-menos-116-muertos-en-una-carcel-de-guayaquil-en-enfrentamientos-entre-bandas-rivales-con-granadas-y-decapitaciones-16.jpg 480w, http:\/\/cordobadirecto.com\/wp-content\/uploads\/2021\/09\/ecuador-al-menos-116-muertos-en-una-carcel-de-guayaquil-en-enfrentamientos-entre-bandas-rivales-con-granadas-y-decapitaciones-17.jpg 624w, http:\/\/cordobadirecto.com\/wp-content\/uploads\/2021\/09\/ecuador-al-menos-116-muertos-en-una-carcel-de-guayaquil-en-enfrentamientos-entre-bandas-rivales-con-granadas-y-decapitaciones-18.jpg 800w\" alt=\"Ecuador\" src=\"http:\/\/cordobadirecto.com\/wp-content\/uploads\/2021\/09\/ecuador-al-menos-116-muertos-en-una-carcel-de-guayaquil-en-enfrentamientos-entre-bandas-rivales-con-granadas-y-decapitaciones-2.jpg\" sizes=\"(min-width: 1008px) 645px, 100vw\" width=\"976\" height=\"549\" class=\"eehpdyc0 bbc-100dhyn e1enwo3v0\"><\/noscript><\/p>\n<p role=\"text\" class=\"bbc-1s1cxbv etq3yw90\"><span class=\"bbc-1gnhmg2 e1yt7oin0\">Fuente de la imagen, <\/span><span lang=\"en-GB\">Getty Images<\/span><\/p>\n<\/div>\n<\/div>\n<\/div>\n<\/figure>\n<\/div>\n<p><h2 id=\"Una-tragedia\" tabindex=\"-1\" class=\"bbc-l3e97o e14hemmw0\">&#8220;Una tragedia&#8221;<\/h2>\n<\/p>\n<div dir=\"ltr\" class=\"bbc-19j92fr e57qer20\" readability=\"8\">\n<p dir=\"ltr\" class=\"bbc-bm53ic e1cc2ql70\">Los familiares de los fallecidos acudieron este mi\u00e9rcoles a una morgue del sur de Guayaquil a la que se llevaron los cad\u00e1veres de los presos.<\/p>\n<\/div>\n<div dir=\"ltr\" class=\"bbc-19j92fr e57qer20\" readability=\"10\">\n<p dir=\"ltr\" class=\"bbc-bm53ic e1cc2ql70\">El Comercio informa tambi\u00e9n que a la c\u00e1rcel donde ocurrieron los violentos enfrentamientos tambi\u00e9n llegaron familiares de internos para <b>exigir informaci\u00f3n oficial de las v\u00edctimas,<\/b> un listado pormenorizado y la protecci\u00f3n para evitar m\u00e1s asesinatos.<\/p>\n<\/div>\n<div dir=\"ltr\" class=\"bbc-1ka88fa e57qer20\">\n<figure class=\"bbc-1qdcvv9 e6bmn90\">\n<div dir=\"ltr\" class=\"bbc-172p16q e57qer20\">\n<div dir=\"ltr\" class=\"bbc-189y18v e57qer20\">\n<div data-e2e=\"image-placeholder\" class=\"bbc-997y1y e1whu0\"><noscript><img loading=\"lazy\" srcset=\"http:\/\/cordobadirecto.com\/wp-content\/uploads\/2021\/09\/ecuador-al-menos-116-muertos-en-una-carcel-de-guayaquil-en-enfrentamientos-entre-bandas-rivales-con-granadas-y-decapitaciones-19.jpg 240w, http:\/\/cordobadirecto.com\/wp-content\/uploads\/2021\/09\/ecuador-al-menos-116-muertos-en-una-carcel-de-guayaquil-en-enfrentamientos-entre-bandas-rivales-con-granadas-y-decapitaciones-20.jpg 320w, http:\/\/cordobadirecto.com\/wp-content\/uploads\/2021\/09\/ecuador-al-menos-116-muertos-en-una-carcel-de-guayaquil-en-enfrentamientos-entre-bandas-rivales-con-granadas-y-decapitaciones-21.jpg 480w, http:\/\/cordobadirecto.com\/wp-content\/uploads\/2021\/09\/ecuador-al-menos-116-muertos-en-una-carcel-de-guayaquil-en-enfrentamientos-entre-bandas-rivales-con-granadas-y-decapitaciones-22.jpg 624w, http:\/\/cordobadirecto.com\/wp-content\/uploads\/2021\/09\/ecuador-al-menos-116-muertos-en-una-carcel-de-guayaquil-en-enfrentamientos-entre-bandas-rivales-con-granadas-y-decapitaciones-23.jpg 800w\" alt=\"Una ambulancia saliendo del centro penitenciario\" src=\"http:\/\/cordobadirecto.com\/wp-content\/uploads\/2021\/09\/ecuador-al-menos-116-muertos-en-una-carcel-de-guayaquil-en-enfrentamientos-entre-bandas-rivales-con-granadas-y-decapitaciones-3.jpg\" sizes=\"(min-width: 1008px) 645px, 100vw\" width=\"976\" height=\"549\" class=\"eehpdyc0 bbc-100dhyn e1enwo3v0\"><\/noscript><\/p>\n<p role=\"text\" class=\"bbc-1s1cxbv etq3yw90\"><span class=\"bbc-1gnhmg2 e1yt7oin0\">Fuente de la imagen, <\/span><span lang=\"en-GB\">EPA<\/span><\/p>\n<\/div>\n<\/div>\n<div dir=\"ltr\" class=\"bbc-3edg7g e57qer20\" readability=\"6\"><figcaption dir=\"ltr\" class=\"bbc-1t9zlwf eede9f50\" readability=\"2\"><span class=\"bbc-1gnhmg2 e1yt7oin0\">Pie de foto, <\/span><\/p>\n<p>Un ambulancia fuera del centro penitenciario.<\/p>\n<\/figcaption><\/div>\n<\/div>\n<\/figure>\n<\/div>\n<div dir=\"ltr\" class=\"bbc-19j92fr e57qer20\" readability=\"18\">\n<p dir=\"ltr\" class=\"bbc-bm53ic e1cc2ql70\">Bol\u00edvar Garz\u00f3n, director del SNAI, asegur\u00f3 en declaraciones a la cadena FM Mundo: &#8220;No ha sido f\u00e1cil, ayer (martes) la Polic\u00eda tom\u00f3 el control a las 14:00, pero anoche hubo otros tiroteos, cosas, explosiones, y hoy de ma\u00f1ana ya tomamos total control, estamos entrando a los pabellones del conflicto y descubriendo m\u00e1s cad\u00e1veres&#8221;.<\/p>\n<\/div>\n<div dir=\"ltr\" class=\"bbc-19j92fr e57qer20\" readability=\"13\">\n<p dir=\"ltr\" class=\"bbc-bm53ic e1cc2ql70\">&#8220;Realmente es una tragedia, algo tremendo lo que est\u00e1 pasando, esta pelea entre grupos delincuenciales organizados que en la b\u00fasqueda del poder interno llegan a estos niveles, realmente es terrible la situaci\u00f3n&#8221;, se\u00f1al\u00f3 el director del SNAI.<\/p>\n<\/div>\n<div dir=\"ltr\" class=\"bbc-19j92fr e57qer20\" readability=\"7\">\n<p dir=\"ltr\" class=\"bbc-bm53ic e1cc2ql70\"><b>Este es el tercer mot\u00edn que se registra en una c\u00e1rcel de Ecuador en lo que va de 2021.<\/b><\/p>\n<\/div>\n<div dir=\"ltr\" class=\"bbc-19j92fr e57qer20\" readability=\"8\">\n<p dir=\"ltr\" class=\"bbc-bm53ic e1cc2ql70\">Los dos anteriores ocurrieron en febrero y en julio y dejaron 79 y 22 muertos, respectivamente.<\/p>\n<\/div>\n<div dir=\"ltr\" class=\"bbc-19j92fr e57qer20\" readability=\"8\">\n<p dir=\"ltr\" class=\"bbc-bm53ic e1cc2ql70\">La organizaci\u00f3n Human Rights Watch le pidi\u00f3 al gobierno de Ecuador que investigara e identificara a los responsables de la violencia en las c\u00e1rceles.<\/p>\n<\/div>\n<div dir=\"ltr\" class=\"bbc-1ka88fa e57qer20\">\n<figure class=\"bbc-1qdcvv9 e6bmn90\">\n<div dir=\"ltr\" class=\"bbc-172p16q e57qer20\">\n<div dir=\"ltr\" class=\"bbc-189y18v e57qer20\">\n<div data-e2e=\"image-placeholder\" class=\"bbc-997y1y e1whu0\"><noscript><img loading=\"lazy\" srcset=\"http:\/\/cordobadirecto.com\/wp-content\/uploads\/2021\/09\/ecuador-al-menos-116-muertos-en-una-carcel-de-guayaquil-en-enfrentamientos-entre-bandas-rivales-con-granadas-y-decapitaciones-24.jpg 240w, http:\/\/cordobadirecto.com\/wp-content\/uploads\/2021\/09\/ecuador-al-menos-116-muertos-en-una-carcel-de-guayaquil-en-enfrentamientos-entre-bandas-rivales-con-granadas-y-decapitaciones-25.jpg 320w, http:\/\/cordobadirecto.com\/wp-content\/uploads\/2021\/09\/ecuador-al-menos-116-muertos-en-una-carcel-de-guayaquil-en-enfrentamientos-entre-bandas-rivales-con-granadas-y-decapitaciones-26.jpg 464w\" alt=\"L\u00ednea\" src=\"http:\/\/cordobadirecto.com\/wp-content\/uploads\/2021\/09\/ecuador-al-menos-116-muertos-en-una-carcel-de-guayaquil-en-enfrentamientos-entre-bandas-rivales-con-granadas-y-decapitaciones-4.jpg\" sizes=\"(min-width: 1008px) 645px, 100vw\" width=\"464\" height=\"2\" class=\"eehpdyc0 bbc-100dhyn e1enwo3v0\"><\/noscript><\/div>\n<\/div>\n<\/div>\n<\/figure>\n<\/div>\n<div dir=\"ltr\" class=\"bbc-19j92fr e57qer20\" readability=\"8\">\n<p dir=\"ltr\" class=\"bbc-bm53ic e1cc2ql70\"><i class=\"bbc-h1y5j7 ewc4zcb0\">Ahora puedes recibir notificaciones de BBC Mundo. Descarga la nueva versi\u00f3n de nuestra app y act\u00edvalas para no perderte nuestro mejor contenido.<\/i><\/p>\n<\/div>\n","protected":false},"excerpt":{"rendered":"<p>Redacci\u00f3n BBC News Mundo 29 septiembre 2021 Actualizado 47 minutos Fuente de la imagen, EPA Un enfrentamiento entre bandas rivales del Centro de Privaci\u00f3n de Libertad N\u00famero 1 en Guayaquil, en Ecuador, dej\u00f3 al menos 116 muertos y decenas de heridos. La cifra de fallecidos fue confirmada en la tarde de este mi\u00e9rcoles por el [&hellip;]<\/p>\n","protected":false},"author":1,"featured_media":20790,"comment_status":"closed","ping_status":"closed","sticky":false,"template":"","format":"standard","meta":[],"categories":[24],"tags":[],"_links":{"self":[{"href":"http:\/\/cordobadirecto.com\/index.php\/wp-json\/wp\/v2\/posts\/20789"}],"collection":[{"href":"http:\/\/cordobadirecto.com\/index.php\/wp-json\/wp\/v2\/posts"}],"about":[{"href":"http:\/\/cordobadirecto.com\/index.php\/wp-json\/wp\/v2\/types\/post"}],"author":[{"embeddable":true,"href":"http:\/\/cordobadirecto.com\/index.php\/wp-json\/wp\/v2\/users\/1"}],"replies":[{"embeddable":true,"href":"http:\/\/cordobadirecto.com\/index.php\/wp-json\/wp\/v2\/comments?post=20789"}],"version-history":[{"count":0,"href":"http:\/\/cordobadirecto.com\/index.php\/wp-json\/wp\/v2\/posts\/20789\/revisions"}],"wp:featuredmedia":[{"embeddable":true,"href":"http:\/\/cordobadirecto.com\/index.php\/wp-json\/wp\/v2\/media\/20790"}],"wp:attachment":[{"href":"http:\/\/cordobadirecto.com\/index.php\/wp-json\/wp\/v2\/media?parent=20789"}],"wp:term":[{"taxonomy":"category","embeddable":true,"href":"http:\/\/cordobadirecto.com\/index.php\/wp-json\/wp\/v2\/categories?post=20789"},{"taxonomy":"post_tag","embeddable":true,"href":"http:\/\/cordobadirecto.com\/index.php\/wp-json\/wp\/v2\/tags?post=20789"}],"curies":[{"name":"wp","href":"https:\/\/api.w.org\/{rel}","templated":true}]}}