{"id":20794,"date":"2021-09-28T19:26:00","date_gmt":"2021-09-28T19:26:00","guid":{"rendered":"https:\/\/lmdiario.com.ar\/contenido\/309513\/feria-de-editores-tendra-charlas-digitales-en-su-decima-edicion"},"modified":"2021-09-28T19:26:00","modified_gmt":"2021-09-28T19:26:00","slug":"feria-de-editores-tendra-charlas-digitales-en-su-decima-edicion","status":"publish","type":"post","link":"http:\/\/cordobadirecto.com\/index.php\/2021\/09\/28\/feria-de-editores-tendra-charlas-digitales-en-su-decima-edicion\/","title":{"rendered":"Feria de Editores tendr\u00e1 charlas digitales en su d\u00e9cima edici\u00f3n"},"content":{"rendered":"<div><img src=\"http:\/\/cordobadirecto.com\/wp-content\/uploads\/2021\/09\/feria-de-editores-tendra-charlas-digitales-en-su-decima-edicion.jpg\" class=\"ff-og-image-inserted\"><\/div>\n<p><strong>En su 10a. edici\u00f3n, la Feria de editores (FED)<\/strong> cuenta con una propuesta digital de acceso libre y gratuito a trav\u00e9s del canal de YouTube Feria de Editores, a desarrollarse de manera complementaria con las actividades presenciales de los<strong> d\u00edas 1, 2 y 3 de octubre, que se realizar\u00e1n en el Parque de la Estaci\u00f3n, sobre Per\u00f3n y Gallo, Ciudad de Buenos Aires.&nbsp;<\/strong><\/p>\n<p>Desde su creaci\u00f3n, la FED tuvo como objetivo ser un espacio de encuentro directo entre quienes leen y quienes editan, para compartir experiencias en torno a las lecturas. A trav\u00e9s de su versi\u00f3n digital busca expandir esta iniciativa y llegar al p\u00fablico de todo el pa\u00eds.&nbsp;<\/p>\n<p>Las charlas a cargo de destacadas personalidades y referentes del campo cultural son tambi\u00e9n caracter\u00edsticas de la FED. <strong>Este a\u00f1o ser\u00e1n parte el autor chileno Alejandro Zambra y el franc\u00e9s Olivier Marchon. Entre las y los participantes nacionales se destacan: Leila Guerriero, Mariana Enriquez, Ariana Harwicz, Clara Obligado, Pablo Stefanoni y Diego Golombek.&nbsp;<\/strong><\/p>\n<p>Adem\u00e1s, con la compra online de libros por m\u00e1s de 2.500 pesos, el env\u00edo a todo el pa\u00eds es gratuito, y se sumar\u00e1 de regalo una compilaci\u00f3n de textos. Las ventas las realizar\u00e1 C\u00e9spedes Libros: https:\/\/feriadeeditores.com.ar\/fed-digital\/<\/p>\n<p>Forman parte de la FED: Ediciones Godot, Sigilo, Caja negra, Entrop\u00eda, Gourmet Musical, Eterna Cadencia, Mardulce, Peque\u00f1o Editor, Limonero, Libros del Zorro Rojo, unaLuna, Blatt &amp; R\u00edos, Alto Pogo, Corregidor, Marea, A\u00f1os Luz, Gog &amp; Magog, Siglo XXI, Conejos, Chai, entre otras editoriales.<\/p>\n<p>El 1 de octubre se anunciar\u00e1 qui\u00e9n obtuvo el Premio a la librer\u00eda del a\u00f1o. Esta es la primera edici\u00f3n del certamen que entregar\u00e1 $350.000 para comprar libros y un 50% de descuento en los stands que participen en la FED 2021. El objetivo es reconocer el trabajo de las librer\u00edas, que m\u00e1s all\u00e1 de la venta de libros comprende la difusi\u00f3n y dinamizaci\u00f3n del pensamiento y la literatura.&nbsp;<\/p>\n<p>En el Parque de la Estaci\u00f3n, habr\u00e1 un stand de Impulso Cultura y la librer\u00eda Salvaje Federal (especializada en literatura escrita y editada en las provincias), en el que participar\u00e1n editoriales de Chaco, C\u00f3rdoba, Entre R\u00edos, La Rioja, Neuqu\u00e9n, San Luis, Santa Fe y Tucum\u00e1n,&nbsp;<\/p>\n<p>El evento cuenta con el apoyo del Ministerio de Cultura de la Ciudad de Buenos Aires, a trav\u00e9s de Impulso Cultural, Mecenazgo y la Fundaci\u00f3n Santander.<\/p>\n<h3><strong>Cronograma de charlas virtuales<\/strong><\/h3>\n<p><strong>Viernes 1 de octubre<\/strong><\/p>\n<p>14.30 a 16: Entre lo veros\u00edmil y lo quim\u00e9rico<\/p>\n<p>Las periodistas y escritoras Leila Guerriero y Mariana Enriquez debaten sobre el l\u00edmite donde se esfuma lo real y asoma la ficci\u00f3n. Con la moderaci\u00f3n de la periodista Lala Toutonian.<\/p>\n<p>16.30 a 18: Casas en el aire: escritoras, desplazamientos y traducci\u00f3n<\/p>\n<p>Conversaci\u00f3n entre Virginia Higa, Clara Obligado y Paloma Vidal acerca de los cruces entre escritura, viajes\/desplazamientos y traducci\u00f3n; sobre el rol de las escritoras como traductoras de otras escritoras; sobre la experiencia de escribir alejadas de la lengua materna y vivir \u201clejos de casa\u201d mientras se escribe.&nbsp;<\/p>\n<p>Editoriales: EME Editorial, Sigilo, Chai Editora.<\/p>\n<p>18:30 a 20: Imaginarios del Fin del Mundo<\/p>\n<p>Una conversaci\u00f3n feroz entre los autores Esteban Castrom\u00e1n, Francisco Moulia y Debret Viana sobre la obligaci\u00f3n del escritor contempor\u00e1neo de imaginar fines del mundo y apocalipsis variopintos, un poco por afici\u00f3n prof\u00e9tica y otro poco por una vocaci\u00f3n innata al fracaso: o sea, para que no pasen. Tambi\u00e9n se criticar\u00e1 al Covid por ser un escenario apocal\u00edptico aburrido.<\/p>\n<p>Editoriales: Marciana, Hojas del sur, Interzona.<\/p>\n<p><strong>S\u00e1bado 2 de octubre<\/strong><\/p>\n<p>14.30 a 16: \u00bfPor qu\u00e9 las bibliotecas son tan blancas?<\/p>\n<p>\u00bfQu\u00e9 alternativas y c\u00f3mo se manifiesta la literatura negra? \u00bfDe qu\u00e9 manera se hacen extensivas a la literatura las pr\u00e1cticas racistas?\u00bfC\u00f3mo opera en el canon literario y c\u00f3mo se manifiesta y articula en distintos pa\u00edses seg\u00fan la historia y pr\u00e1ctica de cada regi\u00f3n? \u00bfQu\u00e9 espacios ocupa y qu\u00e9 grado de visibilizaci\u00f3n alcanza? Responden desde sus experiencias y publicaciones, tres autoras afro: feminista afroind\u00edgena y activista comunitaria brasile\u00f1a Helena Silvestre; la ecuatoriana Yuliana Ortiz Ruano, la afrodescendiente Luciana De Mello y la editora argentina Marcela Carbajo.<\/p>\n<p>Editoriales, que publican autores africanos o afrodescendientes contempor\u00e1neos: Amauta&amp;Yaguar, Mandacaru, Empat\u00eda.&nbsp;<\/p>\n<p>16.30 a 18: Una cartograf\u00eda sin tiempo sobre lo inveros\u00edmil<\/p>\n<p>Una entrevista al autor, director de cine y f\u00edsico franc\u00e9s, Olivier Marchon, autor de 30 de febrero y otras curiosidades sobre la medici\u00f3n del tiempo y Rarezas geogr\u00e1ficas.<\/p>\n<p>\u00bfC\u00f3mo interpretar su decisi\u00f3n de enfrentarse a una serie de curiosidades sobre el tiempo y sobre la geograf\u00eda? \u00bfQu\u00e9 queda impl\u00edcito en cada experiencia relatada? \u00bfC\u00f3mo concebimos al tiempo y al espacio por donde transitan nuestras vidas? \u00bfQu\u00e9 dicen estas marcas curiosas sobre la historia y el funcionamiento humano? La entrevista estar\u00e1 a cargo del periodista Juan Gabriel Batalla.&nbsp;<\/p>\n<p>18:30 a 20: \u00bfLa rebeld\u00eda se volvi\u00f3 de derecha y el progresismo un poco bobo?<\/p>\n<p>En plena pandemia, la derecha avanza levantando las banderas de la indignaci\u00f3n, y la izquierda se encierra en la correcci\u00f3n pol\u00edtica. C\u00f3mo pensar y escribir hoy m\u00e1s all\u00e1 de la cultura de la cancelaci\u00f3n y el trolleo provocador en las redes. Participan &nbsp;la Licenciada en Ciencia Pol\u00edtica y Gobierno, Cata de Elia y el doctor en Historia Pablo Stefanoni y la autora y guionista, Ariana Harwicz.<\/p>\n<p>Editoriales: Siglo XXI y Mardulce.<\/p>\n<p><strong>Domingo 3 de octubre<\/strong><\/p>\n<p>14.30 a 16: Rock, mujeres e historia oficial<\/p>\n<p>Las nuevas narrativas se enfocan en el protagonismo que tuvieron las feminidades en la historia de la m\u00fasica. \u00bfCu\u00e1l es el aporte de las pioneras del rock para impulsar el circuito musical, los debates sobre el feminismo y los modelos autogestivos?<\/p>\n<p>Abordar\u00e1n el tema la periodista Romina Zanellato, la artista y productora musical Barbi Recanati y la profesora, productora y guionista Carolina Santos.&nbsp;<\/p>\n<p>Editoriales: Marea editorial, Ediciones Futurock, Gourmet Musical Ediciones<\/p>\n<p>16.30 a 18: \u00a1CUIR, PUNK, POES\u00cdA!<\/p>\n<p>Marico Carmona, poeta y autor de Futuro problema (Elemento disruptivo, 2019), dialoga con Mica Szyniak, autora de Mi cuerpo es un tributo (Trench Editora, 2018), en un tono que es como el de sus textos: delirante, juguet\u00f3n, ecl\u00e9ctico, fuego, fuegoooh. \u00bfLa solemnidad? No interesa.&nbsp;<\/p>\n<p>Editoriales: Elemento disruptivo y Trench Editora.&nbsp;<\/p>\n<p>18:30 a 20: Formas de volver a Zambra<\/p>\n<p>La plataforma Leamos.com y la FED invitan a conocer al escritor chileno Alejandro Zambra, una de las figuras m\u00e1s relevantes en el escenario literario contempor\u00e1neo. El recorrido del autor de &#8220;Bons\u00e1i&#8221;, &#8220;Formas de volver a casa&#8221; y &#8220;Poeta chileno&#8221;, entre otros t\u00edtulos, ser\u00e1n abordados en una entrevista con Patricio Zunini, autor y periodista argentino.<\/p>\n","protected":false},"excerpt":{"rendered":"<p>En su 10a. edici\u00f3n, la Feria de editores (FED) cuenta con una propuesta digital de acceso libre y gratuito a trav\u00e9s del canal de YouTube Feria de Editores, a desarrollarse de manera complementaria con las actividades presenciales de los d\u00edas 1, 2 y 3 de octubre, que se realizar\u00e1n en el Parque de la Estaci\u00f3n, [&hellip;]<\/p>\n","protected":false},"author":1,"featured_media":20795,"comment_status":"closed","ping_status":"closed","sticky":false,"template":"","format":"standard","meta":[],"categories":[20],"tags":[],"_links":{"self":[{"href":"http:\/\/cordobadirecto.com\/index.php\/wp-json\/wp\/v2\/posts\/20794"}],"collection":[{"href":"http:\/\/cordobadirecto.com\/index.php\/wp-json\/wp\/v2\/posts"}],"about":[{"href":"http:\/\/cordobadirecto.com\/index.php\/wp-json\/wp\/v2\/types\/post"}],"author":[{"embeddable":true,"href":"http:\/\/cordobadirecto.com\/index.php\/wp-json\/wp\/v2\/users\/1"}],"replies":[{"embeddable":true,"href":"http:\/\/cordobadirecto.com\/index.php\/wp-json\/wp\/v2\/comments?post=20794"}],"version-history":[{"count":0,"href":"http:\/\/cordobadirecto.com\/index.php\/wp-json\/wp\/v2\/posts\/20794\/revisions"}],"wp:featuredmedia":[{"embeddable":true,"href":"http:\/\/cordobadirecto.com\/index.php\/wp-json\/wp\/v2\/media\/20795"}],"wp:attachment":[{"href":"http:\/\/cordobadirecto.com\/index.php\/wp-json\/wp\/v2\/media?parent=20794"}],"wp:term":[{"taxonomy":"category","embeddable":true,"href":"http:\/\/cordobadirecto.com\/index.php\/wp-json\/wp\/v2\/categories?post=20794"},{"taxonomy":"post_tag","embeddable":true,"href":"http:\/\/cordobadirecto.com\/index.php\/wp-json\/wp\/v2\/tags?post=20794"}],"curies":[{"name":"wp","href":"https:\/\/api.w.org\/{rel}","templated":true}]}}