{"id":2083,"date":"2021-02-24T02:26:19","date_gmt":"2021-02-24T02:26:19","guid":{"rendered":"https:\/\/www.ole.com.ar\/futbol-ascenso\/chacarita-refuerzo_0_lCVR_MCxF.html"},"modified":"2021-02-24T02:26:19","modified_gmt":"2021-02-24T02:26:19","slug":"una-cara-nueva","status":"publish","type":"post","link":"http:\/\/cordobadirecto.com\/index.php\/2021\/02\/24\/una-cara-nueva\/","title":{"rendered":"Una cara nueva"},"content":{"rendered":"<div><img src=\"http:\/\/cordobadirecto.com\/wp-content\/uploads\/2021\/02\/una-cara-nueva.jpg\" class=\"ff-og-image-inserted\"><\/div>\n<p>El Funebrero sum\u00f3 un nuevo futbolista en este mercado de pases: Mat\u00edas Gallegos. El delantero de 23 a\u00f1os, quien viene de jugar en Uni\u00f3n de Santa Fe, firm\u00f3 contrato por un a\u00f1o sin cargo ni opci\u00f3n de compra. El punta ya est\u00e1 a disposici\u00f3n del Polaco Aldirico al igual que Emmanuel Ib\u00e1\u00f1ez y Federico Mazur, los otros dos refuerzos que arribaron al club.<\/p>\n<div class=\"sp__Normal htmlLibre\">\n<div class=\"embed-responsive-c\" readability=\"8.4873949579832\">\n<blockquote class=\"twitter-tweet\" readability=\"11.033613445378\">\n<p lang=\"es\" dir=\"ltr\">[F\u00fatbol Masculino] \u26bd\ud83c\uddfe\ud83c\uddea<\/p>\n<p>Chacarita Juniors informa que el jugador Mat\u00edas Gallegos se convirti\u00f3 en nuevo jugador del primer equipo. El contrato lo vincula a la instituci\u00f3n hasta el 31 de diciembre de 2021, sin cargo ni opci\u00f3n de compra.<\/p>\n<p>\u00a1\u00c9xitos, Mat\u00edas!<a href=\"https:\/\/twitter.com\/hashtag\/VamosChaca?src=hash&amp;ref_src=twsrc%5Etfw\">#VamosChaca<\/a> <a href=\"https:\/\/t.co\/xSx7pswAJr\">pic.twitter.com\/xSx7pswAJr<\/a><\/p>\n<p>\u2014 Chacarita Juniors (@ChacaOficial) <a href=\"https:\/\/twitter.com\/ChacaOficial\/status\/1363963729868713986?ref_src=twsrc%5Etfw\">February 22, 2021<\/a><\/p><\/blockquote><\/div>\n<\/div>\n<div class=\"entry-tags\">\n<h2>TEMAS QUE APARECEN EN ESTA NOTA<\/h2>\n<\/p><\/div>\n","protected":false},"excerpt":{"rendered":"<p>El Funebrero sum\u00f3 un nuevo futbolista en este mercado de pases: Mat\u00edas Gallegos. El delantero de 23 a\u00f1os, quien viene de jugar en Uni\u00f3n de Santa Fe, firm\u00f3 contrato por un a\u00f1o sin cargo ni opci\u00f3n de compra. El punta ya est\u00e1 a disposici\u00f3n del Polaco Aldirico al igual que Emmanuel Ib\u00e1\u00f1ez y Federico Mazur, [&hellip;]<\/p>\n","protected":false},"author":1,"featured_media":2084,"comment_status":"closed","ping_status":"closed","sticky":false,"template":"","format":"standard","meta":[],"categories":[21],"tags":[],"_links":{"self":[{"href":"http:\/\/cordobadirecto.com\/index.php\/wp-json\/wp\/v2\/posts\/2083"}],"collection":[{"href":"http:\/\/cordobadirecto.com\/index.php\/wp-json\/wp\/v2\/posts"}],"about":[{"href":"http:\/\/cordobadirecto.com\/index.php\/wp-json\/wp\/v2\/types\/post"}],"author":[{"embeddable":true,"href":"http:\/\/cordobadirecto.com\/index.php\/wp-json\/wp\/v2\/users\/1"}],"replies":[{"embeddable":true,"href":"http:\/\/cordobadirecto.com\/index.php\/wp-json\/wp\/v2\/comments?post=2083"}],"version-history":[{"count":0,"href":"http:\/\/cordobadirecto.com\/index.php\/wp-json\/wp\/v2\/posts\/2083\/revisions"}],"wp:featuredmedia":[{"embeddable":true,"href":"http:\/\/cordobadirecto.com\/index.php\/wp-json\/wp\/v2\/media\/2084"}],"wp:attachment":[{"href":"http:\/\/cordobadirecto.com\/index.php\/wp-json\/wp\/v2\/media?parent=2083"}],"wp:term":[{"taxonomy":"category","embeddable":true,"href":"http:\/\/cordobadirecto.com\/index.php\/wp-json\/wp\/v2\/categories?post=2083"},{"taxonomy":"post_tag","embeddable":true,"href":"http:\/\/cordobadirecto.com\/index.php\/wp-json\/wp\/v2\/tags?post=2083"}],"curies":[{"name":"wp","href":"https:\/\/api.w.org\/{rel}","templated":true}]}}