{"id":20877,"date":"2021-09-29T22:22:54","date_gmt":"2021-09-29T22:22:54","guid":{"rendered":"https:\/\/cordoba.gob.ar\/?p=13909"},"modified":"2021-09-29T22:22:54","modified_gmt":"2021-09-29T22:22:54","slug":"la-municipalidad-de-cordoba-anuncia-una-nueva-edicion-de-los-premios-jeronimo-luis-de-cabrera","status":"publish","type":"post","link":"http:\/\/cordobadirecto.com\/index.php\/2021\/09\/29\/la-municipalidad-de-cordoba-anuncia-una-nueva-edicion-de-los-premios-jeronimo-luis-de-cabrera\/","title":{"rendered":"La Municipalidad de C\u00f3rdoba anuncia una nueva edici\u00f3n de los premios \u201cJer\u00f3nimo Luis de Cabrera\u201d"},"content":{"rendered":"<div><img src=\"http:\/\/cordobadirecto.com\/wp-content\/uploads\/2021\/09\/la-municipalidad-de-cordoba-anuncia-una-nueva-edicion-de-los-premios-jeronimo-luis-de-cabrera.jpg\" class=\"ff-og-image-inserted\"><\/div>\n<ul>\n<li><strong>En octubre se dar\u00e1n a conocer las personalidades cordobesas distinguidas por su aporte a la ciudad.<\/strong><\/li>\n<li><strong>Desde el 30 de septiembre comenzar\u00e1 la votaci\u00f3n para elegir a las propuestas cordobesas para los \u201cJer\u00f3nimo de la Gente 2021\u201d.<\/strong><\/li>\n<\/ul>\n<hr>\n<p>Los \u201cJer\u00f3nimo Luis de Cabrera\u201d son el m\u00e1ximo galard\u00f3n que concede el Gobierno de la Ciudad a referentes locales que proyectan los valores de C\u00f3rdoba en actividades como la cultura, la salud, la educaci\u00f3n, el deporte, el periodismo, las comunidades barriales, el comercio, el emprendedurismo y lo institucional.<\/p>\n<p>Con el objetivo de visibilizar a los ciudadanos que se destacan por su aporte extraordinario a la Ciudad de C\u00f3rdoba, este a\u00f1o la Municipalidad renueva la n\u00f3mina de distinciones que ser\u00e1 anunciada en el mes de octubre.<\/p>\n<p>El jueves 30 de septiembre se abrir\u00e1 la votaci\u00f3n para elegir al \u201cJer\u00f3nimo de la Gente\u201d, la figura que se reedita desde 1992, y que permite a los vecinos y vecinas elegir a personas destacadas por su trabajo, servicio social y solidaridad hacia la comunidad.<\/p>\n<p>Desde el a\u00f1o 2020 y por disposici\u00f3n del intendente Mart\u00edn Llaryora, esta votaci\u00f3n cuenta con una comisi\u00f3n que le propone al ejecutivo municipal los posibles premiados.<\/p>\n<p><em>\u201cEs una alegr\u00eda poder volver a entregar este reconocimiento a personalidades de la ciudad que con compromiso llevan adelante causas que merecen ser distinguidas, un premio que celebra lo mejor de nosotros mismos. Y tambi\u00e9n un orgullo trabajar con una comisi\u00f3n integrada por personas distinguidas anteriormente, que garantiza la pluralidad de voces y representatividad de distintos sectores\u201d<\/em>, se\u00f1ala el secretario de Gobierno, Miguel Siciliano.<\/p>\n<p>VOTACI\u00d3N JER\u00d3NIMO DE LA GENTE 2021<\/p>\n<p>Durante quince d\u00edas se desarrollar\u00e1 la votaci\u00f3n para elegir al \u201cJer\u00f3nimo de la gente 2021\u201d, que ser\u00e1 distinguido por su compromiso con causas, problem\u00e1ticas y organizaciones.<\/p>\n<p>Cabe destacar que, m\u00e1s all\u00e1 de qui\u00e9n resulte elegido por el voto ciudadano, mediante esta iniciativa, la Municipalidad de C\u00f3rdoba promueve una instancia de reconocimiento y difusi\u00f3n de las causas que est\u00e1n siendo distinguidas.<\/p>\n<p>Los ciudadanos y ciudadanas interesados en participar podr\u00e1n hacerlo ingresando a este <strong><a href=\"http:\/\/premiosjeronimo.cordoba.gob.ar\">link<\/a><\/strong>, donde adem\u00e1s podr\u00e1n conocer m\u00e1s sobre los candidatos.<\/p>\n<p>La votaci\u00f3n estar\u00e1 disponible desde el jueves 30 de septiembre al 14 de octubre. Las estatuillas ser\u00e1n entregadas el d\u00eda 18 de octubre, junto a los Jer\u00f3nimo Luis de Cabrera 2021.<\/p>\n<p>LOS CANDIDATOS<\/p>\n<p>COMPARSA ALBERDI<br \/>Conformada por 80 integrantes que rescatan y ponen en valor el tradicional corso barrial comparsero-cuartetero desarrollado en la d\u00e9cada del 70. Continuando con la l\u00ednea de los corsos obreros originados en el barrio San Vicente, unen dos expresiones culturales de fuerte raigambre popular y familiar. Desde 2019 organizan los \u201cCorsos de Alberdi\u201d y participan en diversos eventos en C\u00f3rdoba y en otras ciudades. Durante la cuarentena estricta realizaron ollas populares para asistir a cientos de vecinos.<\/p>\n<p>ASOCIACI\u00d3N CIVIL COMEDOR COMUNITARIO T\u00cdA KUSI<br \/>Comedor Comunitario que brinda merienda y cena a m\u00e1s cientos de ni\u00f1os y ni\u00f1as de barrio La Toma, en la ciudad de C\u00f3rdoba. Actualmente atienden a m\u00e1s de 300 ni\u00f1os y se encuentran recaudando colaboraciones para rehacer el techo del comedor completo, y el ba\u00f1o lindero al comedor.<\/p>\n<p>HUGO QUI\u00d1ONES<br \/>Conductor del programa radial Reflexionemos juntos en FM providencia del Cottolengo Don Orione, en donde se abordan temas en torno al evangelio y lo acontecido en la semana. Dentro de su panel incluye a personas con discapacidad que lo acompa\u00f1an en todos estos a\u00f1os.<\/p>\n<p>COMEDOR SAN ROQUE<br \/>Inaugurado a fines de julio del a\u00f1o 2016, el Comedor brinda soporte a personas en situaci\u00f3n de calle, creando un espacio de fraternidad para todos lo que asisten Preparan comida para 250 personas por d\u00eda. El lugar, emplazado en el ex viejo archivo del Hospital San Roque cuenta con la ayuda solidaria de psiquiatras, psic\u00f3logos y param\u00e9dicos, quienes atienden enfermedades, hematomas, problemas de presi\u00f3n alta o llagas.<\/p>\n<p>FUNDACI\u00d3N C\u00d3RDOBA VOLUNTARIA<br \/>Fundaci\u00f3n sin fines de lucro que desde 2016 trabaja para promover el desarrollo y mejorar la calidad de vida de las personas, fomentando la uni\u00f3n del grupo familiar como pilar y base de la sociedad, desde una mirada multidimensional.<\/p>\n<p>Para ello promueve y desarrolla programas de ayuda donde atienden diferentes problemas que generan situaciones de vulnerabilidad social, como el desempleo, carencias alimenticias o de salud. El trabajo es realizado teniendo en cuenta el entorno donde se producen y los diferentes factores sociales y econ\u00f3micos que afectan la vida diaria de estas personas.<\/p>\n<p>MARYSEL SEGOVIA<br \/>Abogada egresada de la Universidad Nacional de C\u00f3rdoba en 1986, donde actualmente se desempe\u00f1a como docente.<\/p>\n<p>En su carrera acad\u00e9mica y militante se ha especializado en Derechos del ni\u00f1o, ni\u00f1a y adolescente y en Pol\u00edticas Sociales referidas a las infancias. Actualmente se desempe\u00f1a como presidenta electa en 2do mandato del SEHAS (Servicio Habitacional y de Acci\u00f3n Social), organizaci\u00f3n donde trabaja desde 2006 en la promoci\u00f3n y defensa de los derechos sociales de poblaciones vulnerables.<\/p>\n<p><strong>JER\u00d3NIMO DE LA GENTE 2020<\/strong><\/p>\n<p>Cabe destacar que en su edici\u00f3n anterior, las personas y causas distinguidas fueron las siguientes: Veronica Yorio, creadora de la Fundaci\u00f3n Muchos Milagritos Hacen un Milagro, Amigos de la Plaza Lavalle, el conjunto de vecinos unidos en el objetivo com\u00fan de mantener la rica historia de la Rep\u00fablica de San Vicente; Sonia Daniel, junto al Centro Cultural Mar\u00eda Casta\u00f1a; Chuni Arnaudo, no vidente de nacimiento, periodista, locutor y operador, creador de Radio Cadena Alegr\u00eda; y Osmany Estopi\u00f1\u00e1n Vazquez, quien se convirti\u00f3 en el donante r\u00e9cord de plasma durante la coyuntura Covid-19.<\/p>\n<p>La votaci\u00f3n se desarroll\u00f3 durante 15 d\u00edas y los galardonados como \u201cJer\u00f3nimo de la gente 2020\u201d fueron Chuni Arnaudo y Sonia Daniel.<\/p>\n<p>COMISI\u00d3N MUNICIPAL JER\u00d3NIMOS 2021<\/p>\n<p>La comisi\u00f3n est\u00e1 compuesta por cordobeses distinguidos anteriormente con un \u201cJer\u00f3nimo\u201d, dos concejales en representaci\u00f3n de la mayor\u00eda, un concejal en nombre de las minor\u00edas legislativas.<\/p>\n<p>Actualmente la integran Virginia Guevara, Editorialista y Jefa de pol\u00edtica de La Voz del interior; Gerardo Lopez, Periodista de Telefe; Elena Perez, Ling\u00fc\u00edsta, decana de la Facultad de Leng\u00fcas de la UNC; Germ\u00e1n Laborda Soler, Presidente y fundador de Fundaci\u00f3n Empate; Reyna Carranza, Escritora y conferencista; Mar\u00eda Cristina Tinti Iriondo, trabajadora social de extendida trayectoria; Mariano Oberlin, P\u00e1rroco social, Cordob\u00e9s del a\u00f1o; Sebasti\u00e1n Parra, Empresario, presidente de la C\u00e1mara de Concesionarios; Nelson Specchia, Pol\u00edt\u00f3logo, docente y director del Diario Hoy D\u00eda C\u00f3rdoba; P\u00eda Arrigoni, Productora de espect\u00e1culos; los concejales Sandra Trigo, Bernardo Knipscheer, Juan Negri en representaci\u00f3n del poder legislativo; y la coordinaci\u00f3n del secretario de Gobierno, Miguel Siciliano.<\/p>\n","protected":false},"excerpt":{"rendered":"<p>En octubre se dar\u00e1n a conocer las personalidades cordobesas distinguidas por su aporte a la ciudad. Desde el 30 de septiembre comenzar\u00e1 la votaci\u00f3n para elegir a las propuestas cordobesas para los \u201cJer\u00f3nimo de la Gente 2021\u201d. Los \u201cJer\u00f3nimo Luis de Cabrera\u201d son el m\u00e1ximo galard\u00f3n que concede el Gobierno de la Ciudad a referentes [&hellip;]<\/p>\n","protected":false},"author":1,"featured_media":20878,"comment_status":"closed","ping_status":"closed","sticky":false,"template":"","format":"standard","meta":[],"categories":[44],"tags":[],"_links":{"self":[{"href":"http:\/\/cordobadirecto.com\/index.php\/wp-json\/wp\/v2\/posts\/20877"}],"collection":[{"href":"http:\/\/cordobadirecto.com\/index.php\/wp-json\/wp\/v2\/posts"}],"about":[{"href":"http:\/\/cordobadirecto.com\/index.php\/wp-json\/wp\/v2\/types\/post"}],"author":[{"embeddable":true,"href":"http:\/\/cordobadirecto.com\/index.php\/wp-json\/wp\/v2\/users\/1"}],"replies":[{"embeddable":true,"href":"http:\/\/cordobadirecto.com\/index.php\/wp-json\/wp\/v2\/comments?post=20877"}],"version-history":[{"count":0,"href":"http:\/\/cordobadirecto.com\/index.php\/wp-json\/wp\/v2\/posts\/20877\/revisions"}],"wp:featuredmedia":[{"embeddable":true,"href":"http:\/\/cordobadirecto.com\/index.php\/wp-json\/wp\/v2\/media\/20878"}],"wp:attachment":[{"href":"http:\/\/cordobadirecto.com\/index.php\/wp-json\/wp\/v2\/media?parent=20877"}],"wp:term":[{"taxonomy":"category","embeddable":true,"href":"http:\/\/cordobadirecto.com\/index.php\/wp-json\/wp\/v2\/categories?post=20877"},{"taxonomy":"post_tag","embeddable":true,"href":"http:\/\/cordobadirecto.com\/index.php\/wp-json\/wp\/v2\/tags?post=20877"}],"curies":[{"name":"wp","href":"https:\/\/api.w.org\/{rel}","templated":true}]}}