{"id":20886,"date":"2021-09-30T14:45:26","date_gmt":"2021-09-30T14:45:26","guid":{"rendered":"http:\/\/estaciontrip.com.ar\/?p=6236"},"modified":"2021-09-30T14:45:26","modified_gmt":"2021-09-30T14:45:26","slug":"cordoba-participo-del-congreso-de-faevyt-y-de-la-reunion-del-cft","status":"publish","type":"post","link":"http:\/\/cordobadirecto.com\/index.php\/2021\/09\/30\/cordoba-participo-del-congreso-de-faevyt-y-de-la-reunion-del-cft\/","title":{"rendered":"C\u00f3rdoba particip\u00f3 del congreso de FAEVYT y de la reuni\u00f3n del CFT"},"content":{"rendered":"<div><img src=\"http:\/\/cordobadirecto.com\/wp-content\/uploads\/2021\/09\/cordoba-participo-del-congreso-de-faevyt-y-de-la-reunion-del-cft.jpg\" class=\"ff-og-image-inserted\"><\/div>\n<p><em>En la ocasi\u00f3n donde se concentraron ministros y secretarios de Turismo de todo el pa\u00eds y m\u00e1s de mil operadores, se hizo hincapi\u00b4e en la recuperaci\u00f3n del hub C\u00f3rdoba.<\/em><\/p>\n<p>C\u00f3rdoba particip\u00f3 del 46\u00b0 Congreso de Agentes de Viajes, organizado por la Federaci\u00f3n Argentina de Asociaciones de Empresas de Viajes y Turismo.<\/p>\n<p>El encuentro en forma presencial se desarroll\u00f3 en la provincia de Tucum\u00e1n, con m\u00e1s de 1.000 representantes del sector privado, con el objetivo de trabajar de manera conjunta en la reactivaci\u00f3n del turismo. <\/p>\n<p>En ese marco, el presidente de la Agencia C\u00f3rdoba Turismo, Esteban Avil\u00e9s, Adem\u00e1s, tambi\u00e9n particip\u00f3 de una nueva reuni\u00f3n del Consejo Federal de Turismo en el que todos los destinos plantearon la importancia de potenciar la conectividad a\u00e9rea.<\/p>\n<p>Avil\u00e9s dijo que \u00abel turismo es una actividad clave en nuestra provincia y C\u00f3rdoba se convirti\u00f3 en uno de los destinos m\u00e1s elegidos de la pospandemia. Seguiremos trabajando juntos para potenciar un turismo familiar, aprovechando nuestros entornos naturales, los servicios y la cordialidad que nos caracteriza a los cordobeses\u00bb.<\/p>\n","protected":false},"excerpt":{"rendered":"<p>En la ocasi\u00f3n donde se concentraron ministros y secretarios de Turismo de todo el pa\u00eds y m\u00e1s de mil operadores, se hizo hincapi\u00b4e en la recuperaci\u00f3n del hub C\u00f3rdoba. C\u00f3rdoba particip\u00f3 del 46\u00b0 Congreso de Agentes de Viajes, organizado por la Federaci\u00f3n Argentina de Asociaciones de Empresas de Viajes y Turismo. El encuentro en forma [&hellip;]<\/p>\n","protected":false},"author":1,"featured_media":20887,"comment_status":"closed","ping_status":"closed","sticky":false,"template":"","format":"standard","meta":[],"categories":[22],"tags":[],"_links":{"self":[{"href":"http:\/\/cordobadirecto.com\/index.php\/wp-json\/wp\/v2\/posts\/20886"}],"collection":[{"href":"http:\/\/cordobadirecto.com\/index.php\/wp-json\/wp\/v2\/posts"}],"about":[{"href":"http:\/\/cordobadirecto.com\/index.php\/wp-json\/wp\/v2\/types\/post"}],"author":[{"embeddable":true,"href":"http:\/\/cordobadirecto.com\/index.php\/wp-json\/wp\/v2\/users\/1"}],"replies":[{"embeddable":true,"href":"http:\/\/cordobadirecto.com\/index.php\/wp-json\/wp\/v2\/comments?post=20886"}],"version-history":[{"count":0,"href":"http:\/\/cordobadirecto.com\/index.php\/wp-json\/wp\/v2\/posts\/20886\/revisions"}],"wp:featuredmedia":[{"embeddable":true,"href":"http:\/\/cordobadirecto.com\/index.php\/wp-json\/wp\/v2\/media\/20887"}],"wp:attachment":[{"href":"http:\/\/cordobadirecto.com\/index.php\/wp-json\/wp\/v2\/media?parent=20886"}],"wp:term":[{"taxonomy":"category","embeddable":true,"href":"http:\/\/cordobadirecto.com\/index.php\/wp-json\/wp\/v2\/categories?post=20886"},{"taxonomy":"post_tag","embeddable":true,"href":"http:\/\/cordobadirecto.com\/index.php\/wp-json\/wp\/v2\/tags?post=20886"}],"curies":[{"name":"wp","href":"https:\/\/api.w.org\/{rel}","templated":true}]}}