{"id":20920,"date":"2021-09-30T17:16:41","date_gmt":"2021-09-30T17:16:41","guid":{"rendered":"https:\/\/cordoba.gob.ar\/?p=13954"},"modified":"2021-09-30T17:16:41","modified_gmt":"2021-09-30T17:16:41","slug":"feria-del-libro-cordoba-2021-el-espacio-baron-biza-presenta-las-editoriales-locales","status":"publish","type":"post","link":"http:\/\/cordobadirecto.com\/index.php\/2021\/09\/30\/feria-del-libro-cordoba-2021-el-espacio-baron-biza-presenta-las-editoriales-locales\/","title":{"rendered":"Feria del Libro C\u00f3rdoba 2021: el espacio Baron Biza presenta las editoriales locales"},"content":{"rendered":"<div><img src=\"http:\/\/cordobadirecto.com\/wp-content\/uploads\/2021\/09\/feria-del-libro-cordoba-2021-el-espacio-baron-biza-presenta-las-editoriales-locales.jpg\" class=\"ff-og-image-inserted\"><\/div>\n<ul>\n<li><strong>Se compone de 15 stands en el Cabildo, y una grilla con actividades presenciales que se pueden conocer a trav\u00e9s de este <a href=\"https:\/\/bit.ly\/BBiza21\">link.<\/a><\/strong><\/li>\n<li><strong>Es un ciclo coordinado por Barbi Couto y Mauricio Micheloud, que apunta a visibilizar el quehacer de 34 editoriales cordobeses.<\/strong><\/li>\n<\/ul>\n<hr>\n<p>La Municipalidad propone otro a\u00f1o m\u00e1s, el espacio Baron Biza como uno de los ciclos centrales de la 35\u00ba edici\u00f3n de la Feria del Libro C\u00f3rdoba.<\/p>\n<p>Apunta a resumir la escena actual de la producci\u00f3n editorial independiente con participaci\u00f3n de m\u00e1s de 34 referentes locales.<\/p>\n<p>La actividad es coordinada por Barbi Couto y Mauricio Micheloud y en esta oportunidad el espacio se ampl\u00eda al contar con 15 stands gratuitos para las editoriales convocadas, instalados en el Cabildo de C\u00f3rdoba del 1 al 11 de octubre, de 15 a 20 hs.<\/p>\n<p>Se trata de un ciclo donde cada editorial comparte sus colecciones, publicaciones y propuestas, entre ellos se destaca Antolog\u00eda Baron Biza: es un libro realizado entre los editores participantes de la Feria en coedici\u00f3n con la Editorial Municipal y que se obsequiar\u00e1 con las ventas del espacio durante el evento.<\/p>\n<p>Para este a\u00f1o, la programaci\u00f3n contempla 19 actividades presenciales que van desde el s\u00e1bado 2 al domingo 10 de octubre. La grilla se puede conocer ingresando en este <strong><a href=\"https:\/\/bit.ly\/BBiza21\">link.<\/a><\/strong><\/p>\n<p>ESPACIO BARON BIZA<\/p>\n<p>La Subsecretar\u00eda de Cultura de la Municipalidad de C\u00f3rdoba, dependiente de la Secretar\u00eda de Gobierno, apoya especialmente el ciclo Baron Biza, trabajando para la ampliaci\u00f3n y desarrollo de la profesionalizaci\u00f3n de proyectos y personas editoras, y la visibilizaci\u00f3n de su producci\u00f3n; comprendiendo estas actividades como un s\u00edmbolo que potencia la actividad cultural cordobesa.<\/p>\n<p>En este sentido, es un \u00e1mbito de construcci\u00f3n colectiva donde se trabaja desde hace a\u00f1os para fortalecer las redes que hacen posible la producci\u00f3n editorial local, una apuesta que el Municipio sigue construyendo y proyectando.<\/p>\n<p>Dentro de la pol\u00edtica p\u00fablica de fortalecimiento al sector cultural y en el marco de la Feria del Libro C\u00f3rdoba, durante los meses de agosto y septiembre la Subsecretar\u00eda de Cultura municipal otorg\u00f3 siete becas a referentes de Baron Biza para realizar formaciones en la Universidad Nacional de San Mart\u00edn (UNSAM) que giran en torno a la distribuci\u00f3n y comercializaci\u00f3n de libros en Am\u00e9rica Latina.<\/p>\n<p>Baron Biza es uno de los seis ciclos de programaci\u00f3n espec\u00edfica de la Feria junto a C\u00f3rdoba Mata, Antena, Espacio Poes\u00eda, Subte y El Brote.<\/p>\n<p>Para este a\u00f1o, el ciclo est\u00e1 integrado por Buen Gusto, Cuervolobo Editorial, Caballo negro editora, Buena Vista, Borde Perdido Editora, LOS R\u00cdOS EDITORIAL, Artilugio, Ediciones de la Terraza, Fruto de Drag\u00f3n, Ediciones del Boulevard, Hiedra Editora, Prebanda, Superpoder, Cielo Invertido Ediciones, Deriva, Ap\u00f3crifa, APulm\u00f3n Editorial, El Mens\u00fa Ediciones, Mascar\u00f3n de proa, a.t.e.o. (astr\u00f3nomo turco ediciones orientadas), editorial grafica 29 de mayo, Colectivo de escritores de San Marcos Sierras, Taller Perronautas, Vilnius, Ediciones Documenta, Editorial detodoslosmares, Narvaja editor, Babel, Ediciones del Corredor Austral, Comunicarte, El Espejo Ediciones, Postales Japonesas, Dinamo Editorial, LaTita Editora.<\/p>\n","protected":false},"excerpt":{"rendered":"<p>Se compone de 15 stands en el Cabildo, y una grilla con actividades presenciales que se pueden conocer a trav\u00e9s de este link. Es un ciclo coordinado por Barbi Couto y Mauricio Micheloud, que apunta a visibilizar el quehacer de 34 editoriales cordobeses. La Municipalidad propone otro a\u00f1o m\u00e1s, el espacio Baron Biza como uno [&hellip;]<\/p>\n","protected":false},"author":1,"featured_media":20921,"comment_status":"closed","ping_status":"closed","sticky":false,"template":"","format":"standard","meta":[],"categories":[44],"tags":[],"_links":{"self":[{"href":"http:\/\/cordobadirecto.com\/index.php\/wp-json\/wp\/v2\/posts\/20920"}],"collection":[{"href":"http:\/\/cordobadirecto.com\/index.php\/wp-json\/wp\/v2\/posts"}],"about":[{"href":"http:\/\/cordobadirecto.com\/index.php\/wp-json\/wp\/v2\/types\/post"}],"author":[{"embeddable":true,"href":"http:\/\/cordobadirecto.com\/index.php\/wp-json\/wp\/v2\/users\/1"}],"replies":[{"embeddable":true,"href":"http:\/\/cordobadirecto.com\/index.php\/wp-json\/wp\/v2\/comments?post=20920"}],"version-history":[{"count":0,"href":"http:\/\/cordobadirecto.com\/index.php\/wp-json\/wp\/v2\/posts\/20920\/revisions"}],"wp:featuredmedia":[{"embeddable":true,"href":"http:\/\/cordobadirecto.com\/index.php\/wp-json\/wp\/v2\/media\/20921"}],"wp:attachment":[{"href":"http:\/\/cordobadirecto.com\/index.php\/wp-json\/wp\/v2\/media?parent=20920"}],"wp:term":[{"taxonomy":"category","embeddable":true,"href":"http:\/\/cordobadirecto.com\/index.php\/wp-json\/wp\/v2\/categories?post=20920"},{"taxonomy":"post_tag","embeddable":true,"href":"http:\/\/cordobadirecto.com\/index.php\/wp-json\/wp\/v2\/tags?post=20920"}],"curies":[{"name":"wp","href":"https:\/\/api.w.org\/{rel}","templated":true}]}}