{"id":20948,"date":"2021-09-30T17:10:31","date_gmt":"2021-09-30T17:10:31","guid":{"rendered":"https:\/\/www.bbc.com\/mundo\/noticias-america-latina-58748756"},"modified":"2021-09-30T17:10:31","modified_gmt":"2021-09-30T17:10:31","slug":"ecuador-4-claves-que-explican-que-hay-detras-de-la-masacre-carcelaria-que-dejo-al-menos-116-muertos-la-peor-de-la-historia-del-pais","status":"publish","type":"post","link":"http:\/\/cordobadirecto.com\/index.php\/2021\/09\/30\/ecuador-4-claves-que-explican-que-hay-detras-de-la-masacre-carcelaria-que-dejo-al-menos-116-muertos-la-peor-de-la-historia-del-pais\/","title":{"rendered":"Ecuador: 4 claves que explican qu\u00e9 hay detr\u00e1s de la masacre carcelaria que dej\u00f3 al menos 116 muertos, la peor de la historia del pa\u00eds"},"content":{"rendered":"<div dir=\"ltr\" class=\"e1j2237y5 bbc-q4ibpr e57qer20\">\n<div class=\"bbc-1atl7vu e1c9i7u14\">\n<ul role=\"list\" class=\"bbc-cdrraw e1c9i7u12\">\n<li role=\"listitem\" class=\"bbc-1a3w4ok e1c9i7u11\">Norberto Paredes @norbertparedes<\/li>\n<li role=\"listitem\" class=\"bbc-1p92jtu e1c9i7u10\">BBC News Mundo<\/li>\n<\/ul>\n<\/div>\n<\/div>\n<p><time datetime=\"2021-09-30\" class=\"bbc-14xtggo e4zesg50\">9 horas<\/time><\/p>\n<div dir=\"ltr\" class=\"bbc-1ka88fa e57qer20\">\n<figure class=\"bbc-1qdcvv9 e6bmn90\">\n<div dir=\"ltr\" class=\"bbc-172p16q e57qer20\">\n<div dir=\"ltr\" class=\"bbc-189y18v e57qer20\" readability=\"6.5\">\n<div data-e2e=\"image-placeholder\" class=\"bbc-997y1y e1whu0\" readability=\"8\"><img loading=\"lazy\" srcset=\"http:\/\/cordobadirecto.com\/wp-content\/uploads\/2021\/10\/ecuador-4-claves-que-explican-que-hay-detras-de-la-masacre-carcelaria-que-dejo-al-menos-116-muertos-la-peor-de-la-historia-del-pais-8.jpg 240w, http:\/\/cordobadirecto.com\/wp-content\/uploads\/2021\/10\/ecuador-4-claves-que-explican-que-hay-detras-de-la-masacre-carcelaria-que-dejo-al-menos-116-muertos-la-peor-de-la-historia-del-pais-9.jpg 320w, http:\/\/cordobadirecto.com\/wp-content\/uploads\/2021\/10\/ecuador-4-claves-que-explican-que-hay-detras-de-la-masacre-carcelaria-que-dejo-al-menos-116-muertos-la-peor-de-la-historia-del-pais-10.jpg 480w, http:\/\/cordobadirecto.com\/wp-content\/uploads\/2021\/10\/ecuador-4-claves-que-explican-que-hay-detras-de-la-masacre-carcelaria-que-dejo-al-menos-116-muertos-la-peor-de-la-historia-del-pais-11.jpg 624w, http:\/\/cordobadirecto.com\/wp-content\/uploads\/2021\/10\/ecuador-4-claves-que-explican-que-hay-detras-de-la-masacre-carcelaria-que-dejo-al-menos-116-muertos-la-peor-de-la-historia-del-pais-12.jpg 800w\" alt=\"Una mujer afuera de la prisi\u00f3n de Guayaquil\" src=\"http:\/\/cordobadirecto.com\/wp-content\/uploads\/2021\/10\/ecuador-4-claves-que-explican-que-hay-detras-de-la-masacre-carcelaria-que-dejo-al-menos-116-muertos-la-peor-de-la-historia-del-pais.jpg\" sizes=\"(min-width: 1008px) 645px, 100vw\" width=\"976\" height=\"549\" class=\"eehpdyc0 bbc-100dhyn e1enwo3v0\"><\/p>\n<p role=\"text\" class=\"bbc-1s1cxbv etq3yw90\"><span class=\"bbc-1gnhmg2 e1yt7oin0\">Fuente de la imagen, <\/span><span lang=\"en-GB\">Getty Images<\/span><\/p>\n<\/div>\n<\/div>\n<\/div>\n<\/figure>\n<\/div>\n<div dir=\"ltr\" class=\"bbc-19j92fr e57qer20\" readability=\"8\">\n<p dir=\"ltr\" class=\"bbc-bm53ic e1cc2ql70\"><b>Al menos 116 fallecidos y cerca de 80 heridos, todos presos.<\/b><\/p>\n<\/div>\n<div dir=\"ltr\" class=\"bbc-19j92fr e57qer20\" readability=\"11\">\n<p dir=\"ltr\" class=\"bbc-bm53ic e1cc2ql70\">Ese fue el saldo que dej\u00f3 este mi\u00e9rcoles el \u00faltimo enfrentamiento entre bandas rivales en el Centro de Privaci\u00f3n de Libertad N\u00famero 1 en Guayaquil, Ecuador, un evento que se convirti\u00f3 en el m\u00e1s sangriento de la historia carcelaria del pa\u00eds. <\/p>\n<\/div>\n<div dir=\"ltr\" class=\"bbc-19j92fr e57qer20\" readability=\"8\">\n<p dir=\"ltr\" class=\"bbc-bm53ic e1cc2ql70\">La ma\u00f1ana del martes un gran n\u00famero de detonaciones de armas de fuego y <b>explosiones en varios pabellones<\/b> del recinto activaron las alertas de las autoridades. <\/p>\n<\/div>\n<div dir=\"ltr\" class=\"bbc-19j92fr e57qer20\" readability=\"9\">\n<p dir=\"ltr\" class=\"bbc-bm53ic e1cc2ql70\">Tras una intervenci\u00f3n policial, los agentes encontraron cad\u00e1veres tiroteados y huellas dejadas por granadas en los pabellones de la penitenciar\u00eda.<\/p>\n<\/div>\n<div dir=\"ltr\" class=\"bbc-1ka88fa e57qer20\">\n<figure class=\"bbc-1qdcvv9 e6bmn90\">\n<div dir=\"ltr\" class=\"bbc-172p16q e57qer20\">\n<div dir=\"ltr\" class=\"bbc-189y18v e57qer20\">\n<div data-e2e=\"image-placeholder\" class=\"bbc-997y1y e1whu0\"><noscript><img loading=\"lazy\" srcset=\"http:\/\/cordobadirecto.com\/wp-content\/uploads\/2021\/10\/ecuador-4-claves-que-explican-que-hay-detras-de-la-masacre-carcelaria-que-dejo-al-menos-116-muertos-la-peor-de-la-historia-del-pais-13.jpg 240w, http:\/\/cordobadirecto.com\/wp-content\/uploads\/2021\/10\/ecuador-4-claves-que-explican-que-hay-detras-de-la-masacre-carcelaria-que-dejo-al-menos-116-muertos-la-peor-de-la-historia-del-pais-14.jpg 320w, http:\/\/cordobadirecto.com\/wp-content\/uploads\/2021\/10\/ecuador-4-claves-que-explican-que-hay-detras-de-la-masacre-carcelaria-que-dejo-al-menos-116-muertos-la-peor-de-la-historia-del-pais-15.jpg 480w, http:\/\/cordobadirecto.com\/wp-content\/uploads\/2021\/10\/ecuador-4-claves-que-explican-que-hay-detras-de-la-masacre-carcelaria-que-dejo-al-menos-116-muertos-la-peor-de-la-historia-del-pais-16.jpg 624w, http:\/\/cordobadirecto.com\/wp-content\/uploads\/2021\/10\/ecuador-4-claves-que-explican-que-hay-detras-de-la-masacre-carcelaria-que-dejo-al-menos-116-muertos-la-peor-de-la-historia-del-pais-1.jpg 640w\" alt=\"Ecuador\" src=\"http:\/\/cordobadirecto.com\/wp-content\/uploads\/2021\/10\/ecuador-4-claves-que-explican-que-hay-detras-de-la-masacre-carcelaria-que-dejo-al-menos-116-muertos-la-peor-de-la-historia-del-pais-1.jpg\" sizes=\"(min-width: 1008px) 645px, 100vw\" width=\"640\" height=\"360\" class=\"eehpdyc0 bbc-100dhyn e1enwo3v0\"><\/noscript><\/p>\n<p role=\"text\" class=\"bbc-1s1cxbv etq3yw90\"><span class=\"bbc-1gnhmg2 e1yt7oin0\">Fuente de la imagen, <\/span><span lang=\"en-GB\">EPA<\/span><\/p>\n<\/div>\n<\/div>\n<\/div>\n<\/figure>\n<\/div>\n<div dir=\"ltr\" class=\"bbc-19j92fr e57qer20\" readability=\"10\">\n<p dir=\"ltr\" class=\"bbc-bm53ic e1cc2ql70\">Seg\u00fan la prensa local, varias v\u00edctimas fueron mutiladas. En cinco casos hubo <b>decapitaciones<\/b>. En otros, cortes de extremidades.<\/p>\n<\/div>\n<div dir=\"ltr\" class=\"bbc-19j92fr e57qer20\" readability=\"9\">\n<p dir=\"ltr\" class=\"bbc-bm53ic e1cc2ql70\">En la ma\u00f1ana de este jueves las autoridades retomaron el control &#8220;total&#8221;, seg\u00fan el Servicio Nacional de Atenci\u00f3n Integral a Personas Adultas privadas de libertad y Adolescentes Infractores (SNAI).<\/p>\n<\/div>\n<div dir=\"ltr\" class=\"bbc-19j92fr e57qer20\" readability=\"11\">\n<p dir=\"ltr\" class=\"bbc-bm53ic e1cc2ql70\">Este es el tercer mot\u00edn que se registra en una c\u00e1rcel ecuatoriana en lo que va de 2021, tras los ocurridos en febrero y en julio, que dejaron 79 y 22 muertos, respectivamente.<\/p>\n<\/div>\n<div dir=\"ltr\" class=\"bbc-1ka88fa e57qer20\">\n<figure class=\"bbc-1qdcvv9 e6bmn90\">\n<div dir=\"ltr\" class=\"bbc-172p16q e57qer20\">\n<div dir=\"ltr\" class=\"bbc-189y18v e57qer20\">\n<div data-e2e=\"image-placeholder\" class=\"bbc-997y1y e1whu0\"><noscript><img loading=\"lazy\" srcset=\"http:\/\/cordobadirecto.com\/wp-content\/uploads\/2021\/10\/ecuador-4-claves-que-explican-que-hay-detras-de-la-masacre-carcelaria-que-dejo-al-menos-116-muertos-la-peor-de-la-historia-del-pais-17.jpg 240w, http:\/\/cordobadirecto.com\/wp-content\/uploads\/2021\/10\/ecuador-4-claves-que-explican-que-hay-detras-de-la-masacre-carcelaria-que-dejo-al-menos-116-muertos-la-peor-de-la-historia-del-pais-18.jpg 320w, http:\/\/cordobadirecto.com\/wp-content\/uploads\/2021\/10\/ecuador-4-claves-que-explican-que-hay-detras-de-la-masacre-carcelaria-que-dejo-al-menos-116-muertos-la-peor-de-la-historia-del-pais-19.jpg 480w, http:\/\/cordobadirecto.com\/wp-content\/uploads\/2021\/10\/ecuador-4-claves-que-explican-que-hay-detras-de-la-masacre-carcelaria-que-dejo-al-menos-116-muertos-la-peor-de-la-historia-del-pais-20.jpg 624w, http:\/\/cordobadirecto.com\/wp-content\/uploads\/2021\/10\/ecuador-4-claves-que-explican-que-hay-detras-de-la-masacre-carcelaria-que-dejo-al-menos-116-muertos-la-peor-de-la-historia-del-pais-21.jpg 800w\" alt=\"Familiares de los presos afiera de la c\u00e1rcel de Guayaquil\" src=\"http:\/\/cordobadirecto.com\/wp-content\/uploads\/2021\/10\/ecuador-4-claves-que-explican-que-hay-detras-de-la-masacre-carcelaria-que-dejo-al-menos-116-muertos-la-peor-de-la-historia-del-pais-2.jpg\" sizes=\"(min-width: 1008px) 645px, 100vw\" width=\"976\" height=\"549\" class=\"eehpdyc0 bbc-100dhyn e1enwo3v0\"><\/noscript><\/p>\n<p role=\"text\" class=\"bbc-1s1cxbv etq3yw90\"><span class=\"bbc-1gnhmg2 e1yt7oin0\">Fuente de la imagen, <\/span><span lang=\"en-GB\">EPA<\/span><\/p>\n<\/div>\n<\/div>\n<div dir=\"ltr\" class=\"bbc-3edg7g e57qer20\" readability=\"6\"><figcaption dir=\"ltr\" class=\"bbc-1t9zlwf eede9f50\" readability=\"2\"><span class=\"bbc-1gnhmg2 e1yt7oin0\">Pie de foto, <\/span><\/p>\n<p>Los familiares de los prisioneros esperaban noticias a las afueras de la c\u00e1rcel.<\/p>\n<\/figcaption><\/div>\n<\/div>\n<\/figure>\n<\/div>\n<div dir=\"ltr\" class=\"bbc-19j92fr e57qer20\" readability=\"7\">\n<p dir=\"ltr\" class=\"bbc-bm53ic e1cc2ql70\">En este art\u00edculo te explicamos 4 claves que explican qu\u00e9 hay detr\u00e1s esta nueva masacre. <\/p>\n<\/div>\n<p><h2 id=\"1-Lucha-de-poder\" tabindex=\"-1\" class=\"bbc-l3e97o e14hemmw0\">1. Lucha de poder<\/h2>\n<\/p>\n<div dir=\"ltr\" class=\"bbc-19j92fr e57qer20\" readability=\"10\">\n<p dir=\"ltr\" class=\"bbc-bm53ic e1cc2ql70\">El presidente <b>Guillermo Lasso<\/b> calific\u00f3 de &#8220;lamentable&#8221; que las bandas delincuenciales &#8220;pretendan convertir las c\u00e1rceles en un territorio de disputa del poder&#8221;, antes de decretar el estado de excepci\u00f3n nacional en las prisiones. <\/p>\n<\/div>\n<div dir=\"ltr\" class=\"bbc-19j92fr e57qer20\" readability=\"10\">\n<p dir=\"ltr\" class=\"bbc-bm53ic e1cc2ql70\">Luego, la fiscal\u00eda confirm\u00f3 que los principales detonantes de los enfrentamientos habr\u00edan sido la lucha &#8220;por <b>ostentar el poder<\/b>&#8221; en el recinto penitenciario y la intenci\u00f3n de las autoridades de trasladar a los cabecillas de organizaciones delictivas a otros centros penitenciarios del pa\u00eds. <\/p>\n<\/div>\n<div dir=\"ltr\" class=\"bbc-19j92fr e57qer20\" readability=\"8\">\n<p dir=\"ltr\" class=\"bbc-bm53ic e1cc2ql70\">En los centros carcelarios ecuatorianos operan varias bandas delictivas y cada una de ellas busca hacerse con el m\u00e1ximo poder de las c\u00e1rceles y est\u00e1n ligadas al narco mexicano. <\/p>\n<\/div>\n<div dir=\"ltr\" class=\"bbc-19j92fr e57qer20\" readability=\"15\">\n<p dir=\"ltr\" class=\"bbc-bm53ic e1cc2ql70\">&#8220;Una es la megabanda de Los Choneros, que est\u00e1 ligada al C\u00e1rtel de Sinaloa; otras son los Tiguerones, Los Lobos y Los Largartos, que est\u00e1n ligadas al C\u00e1rtel de Jalisco Nueva Generaci\u00f3n&#8221;, le dice a BBC Mundo el coronel <b>Mario Pazmi\u00f1o<\/b>, exdirector de inteligencia militar y ahora analista en seguridad y defensa. <\/p>\n<\/div>\n<div dir=\"ltr\" class=\"bbc-19j92fr e57qer20\" readability=\"11\">\n<p dir=\"ltr\" class=\"bbc-bm53ic e1cc2ql70\">&#8220;Estas bandas se enfrentaron entre s\u00ed por un control territorial. Trataron de tomar el Pabell\u00f3n 5, en el que ya estaba una estructura delictiva. Esto desencaden\u00f3 un enfrentamiento. Mataron a algunos inicialmente y luego vino la represalia&#8221;, resumi\u00f3. <\/p>\n<\/div>\n<div dir=\"ltr\" class=\"bbc-1ka88fa e57qer20\">\n<figure class=\"bbc-1qdcvv9 e6bmn90\">\n<div dir=\"ltr\" class=\"bbc-172p16q e57qer20\">\n<div dir=\"ltr\" class=\"bbc-189y18v e57qer20\">\n<div data-e2e=\"image-placeholder\" class=\"bbc-997y1y e1whu0\"><noscript><img loading=\"lazy\" srcset=\"http:\/\/cordobadirecto.com\/wp-content\/uploads\/2021\/10\/ecuador-4-claves-que-explican-que-hay-detras-de-la-masacre-carcelaria-que-dejo-al-menos-116-muertos-la-peor-de-la-historia-del-pais-22.jpg 240w, http:\/\/cordobadirecto.com\/wp-content\/uploads\/2021\/10\/ecuador-4-claves-que-explican-que-hay-detras-de-la-masacre-carcelaria-que-dejo-al-menos-116-muertos-la-peor-de-la-historia-del-pais-23.jpg 320w, http:\/\/cordobadirecto.com\/wp-content\/uploads\/2021\/10\/ecuador-4-claves-que-explican-que-hay-detras-de-la-masacre-carcelaria-que-dejo-al-menos-116-muertos-la-peor-de-la-historia-del-pais-24.jpg 480w, http:\/\/cordobadirecto.com\/wp-content\/uploads\/2021\/10\/ecuador-4-claves-que-explican-que-hay-detras-de-la-masacre-carcelaria-que-dejo-al-menos-116-muertos-la-peor-de-la-historia-del-pais-25.jpg 624w, http:\/\/cordobadirecto.com\/wp-content\/uploads\/2021\/10\/ecuador-4-claves-que-explican-que-hay-detras-de-la-masacre-carcelaria-que-dejo-al-menos-116-muertos-la-peor-de-la-historia-del-pais-26.jpg 800w\" alt=\"Presos amotinados en una c\u00e1rcel de Guayaquil\" src=\"http:\/\/cordobadirecto.com\/wp-content\/uploads\/2021\/10\/ecuador-4-claves-que-explican-que-hay-detras-de-la-masacre-carcelaria-que-dejo-al-menos-116-muertos-la-peor-de-la-historia-del-pais-3.jpg\" sizes=\"(min-width: 1008px) 645px, 100vw\" width=\"976\" height=\"549\" class=\"eehpdyc0 bbc-100dhyn e1enwo3v0\"><\/noscript><\/p>\n<p role=\"text\" class=\"bbc-1s1cxbv etq3yw90\"><span class=\"bbc-1gnhmg2 e1yt7oin0\">Fuente de la imagen, <\/span><span lang=\"en-GB\">EPA<\/span><\/p>\n<\/div>\n<\/div>\n<div dir=\"ltr\" class=\"bbc-3edg7g e57qer20\" readability=\"6\"><figcaption dir=\"ltr\" class=\"bbc-1t9zlwf eede9f50\" readability=\"2\"><span class=\"bbc-1gnhmg2 e1yt7oin0\">Pie de foto, <\/span><\/p>\n<p>Desde el exterior se observaban algunos de los presos que se amotinaron.<\/p>\n<\/figcaption><\/div>\n<\/div>\n<\/figure>\n<\/div>\n<div dir=\"ltr\" class=\"bbc-19j92fr e57qer20\" readability=\"8\">\n<p dir=\"ltr\" class=\"bbc-bm53ic e1cc2ql70\">S\u00f3lo en el Pabell\u00f3n 5 hubo m\u00e1s de 60 muertos. Pero la violencia se extendi\u00f3 r\u00e1pidamente a otros puntos del Centro de Privaci\u00f3n de Libertad N\u00famero 1. <\/p>\n<\/div>\n<p><h2 id=\"2-Narcotr\u00e1fico\" tabindex=\"-1\" class=\"bbc-l3e97o e14hemmw0\">2. Narcotr\u00e1fico<\/h2>\n<\/p>\n<div dir=\"ltr\" class=\"bbc-19j92fr e57qer20\" readability=\"11\">\n<p dir=\"ltr\" class=\"bbc-bm53ic e1cc2ql70\">Los Choneros, Los Lobos y Los Largartos, entre otras bandas, no s\u00f3lo se disputan el liderazgo de la c\u00e1rcel. <\/p>\n<\/div>\n<div dir=\"ltr\" class=\"bbc-19j92fr e57qer20\" readability=\"10\">\n<p dir=\"ltr\" class=\"bbc-bm53ic e1cc2ql70\">El portal especializado <i class=\"bbc-h1y5j7 ewc4zcb0\">Insight Crime<\/i> explica que los grupos criminales ecuatorianos tradicionalmente operan de manera fragmentada, actuando fundamentalmente como subcontratistas de organizaciones criminales extranjeras.<\/p>\n<\/div>\n<div dir=\"ltr\" class=\"bbc-19j92fr e57qer20\" readability=\"11\">\n<p dir=\"ltr\" class=\"bbc-bm53ic e1cc2ql70\">El director del Centro de Inteligencia Estrat\u00e9gica de Ecuador, Fausto Cobo, dijo a Reuters que la violencia est\u00e1 &#8220;conectada con otros temas graves&#8221; al ser consultado si los enfrentamientos estaban relacionado con el narcotr\u00e1fico.<\/p>\n<\/div>\n<div dir=\"ltr\" class=\"bbc-19j92fr e57qer20\" readability=\"9\">\n<p dir=\"ltr\" class=\"bbc-bm53ic e1cc2ql70\">&#8220;Este es un tema que va m\u00e1s all\u00e1 del asunto penitenciario, \u00e9sta es una amenaza contra el Estado ecuatoriano&#8221;.<\/p>\n<\/div>\n<div dir=\"ltr\" class=\"bbc-19j92fr e57qer20\" readability=\"10\">\n<p dir=\"ltr\" class=\"bbc-bm53ic e1cc2ql70\">Lo que se disputan las bandas ecuatorianas no es cualquier cosa. Como tambi\u00e9n destaca <i class=\"bbc-h1y5j7 ewc4zcb0\">Insight Crime<\/i>, en los \u00faltimos a\u00f1os Ecuador se ha convertido en la &#8220;<b>autopista de la coca\u00edna<\/b> hacia Estados Unidos y Europa.&#8221;<\/p>\n<\/div>\n<div dir=\"ltr\" class=\"bbc-19j92fr e57qer20\" readability=\"11\">\n<p dir=\"ltr\" class=\"bbc-bm53ic e1cc2ql70\">Seg\u00fan fuentes de antinarc\u00f3ticos citadas por el portal, como resultado de los cambios de estrategia de los narcotraficantes colombianos, &#8220;m\u00e1s de un tercio de la creciente producci\u00f3n de coca\u00edna en Colombia llega actualmente a Ecuador&#8221;.<\/p>\n<\/div>\n<div dir=\"ltr\" class=\"bbc-1ka88fa e57qer20\">\n<figure class=\"bbc-1qdcvv9 e6bmn90\">\n<div dir=\"ltr\" class=\"bbc-172p16q e57qer20\">\n<div dir=\"ltr\" class=\"bbc-189y18v e57qer20\" readability=\"6.5\">\n<div data-e2e=\"image-placeholder\" class=\"bbc-997y1y e1whu0\" readability=\"8\"><noscript><img loading=\"lazy\" srcset=\"http:\/\/cordobadirecto.com\/wp-content\/uploads\/2021\/10\/ecuador-4-claves-que-explican-que-hay-detras-de-la-masacre-carcelaria-que-dejo-al-menos-116-muertos-la-peor-de-la-historia-del-pais-27.jpg 240w, http:\/\/cordobadirecto.com\/wp-content\/uploads\/2021\/10\/ecuador-4-claves-que-explican-que-hay-detras-de-la-masacre-carcelaria-que-dejo-al-menos-116-muertos-la-peor-de-la-historia-del-pais-28.jpg 320w, http:\/\/cordobadirecto.com\/wp-content\/uploads\/2021\/10\/ecuador-4-claves-que-explican-que-hay-detras-de-la-masacre-carcelaria-que-dejo-al-menos-116-muertos-la-peor-de-la-historia-del-pais-29.jpg 480w, http:\/\/cordobadirecto.com\/wp-content\/uploads\/2021\/10\/ecuador-4-claves-que-explican-que-hay-detras-de-la-masacre-carcelaria-que-dejo-al-menos-116-muertos-la-peor-de-la-historia-del-pais-30.jpg 624w, http:\/\/cordobadirecto.com\/wp-content\/uploads\/2021\/10\/ecuador-4-claves-que-explican-que-hay-detras-de-la-masacre-carcelaria-que-dejo-al-menos-116-muertos-la-peor-de-la-historia-del-pais-31.jpg 800w\" alt=\"Familiares de los presos afiera de la c\u00e1rcel de Guayaquil\" src=\"http:\/\/cordobadirecto.com\/wp-content\/uploads\/2021\/10\/ecuador-4-claves-que-explican-que-hay-detras-de-la-masacre-carcelaria-que-dejo-al-menos-116-muertos-la-peor-de-la-historia-del-pais-4.jpg\" sizes=\"(min-width: 1008px) 645px, 100vw\" width=\"976\" height=\"549\" class=\"eehpdyc0 bbc-100dhyn e1enwo3v0\"><\/noscript><\/p>\n<p role=\"text\" class=\"bbc-1s1cxbv etq3yw90\"><span class=\"bbc-1gnhmg2 e1yt7oin0\">Fuente de la imagen, <\/span><span lang=\"en-GB\">Reuters<\/span><\/p>\n<\/div>\n<\/div>\n<div dir=\"ltr\" class=\"bbc-3edg7g e57qer20\" readability=\"6.5\"><figcaption dir=\"ltr\" class=\"bbc-1t9zlwf eede9f50\" readability=\"3\"><span class=\"bbc-1gnhmg2 e1yt7oin0\">Pie de foto, <\/span><\/p>\n<p>Ecuador hab\u00eda visto otros incidentes en las c\u00e1rceles, pero este ha sido el m\u00e1s mortal.<\/p>\n<\/figcaption><\/div>\n<\/div>\n<\/figure>\n<\/div>\n<div dir=\"ltr\" class=\"bbc-19j92fr e57qer20\" readability=\"12\">\n<p dir=\"ltr\" class=\"bbc-bm53ic e1cc2ql70\">El a\u00f1o pasado, la Polic\u00eda Nacional decomis\u00f3 <b>128,4 toneladas de droga<\/b>, la mayor incautaci\u00f3n en la \u00faltima d\u00e9cada, seg\u00fan datos del Ministerio de Gobierno ecuatoriano. <\/p>\n<\/div>\n<div dir=\"ltr\" class=\"bbc-19j92fr e57qer20\" readability=\"7\">\n<p dir=\"ltr\" class=\"bbc-bm53ic e1cc2ql70\">Estas cifras muestran que el narcotr\u00e1fico en Ecuador est\u00e1 en aumento. <\/p>\n<\/div>\n<div dir=\"ltr\" class=\"bbc-19j92fr e57qer20\" readability=\"12\">\n<p dir=\"ltr\" class=\"bbc-bm53ic e1cc2ql70\">&#8220;Las bandas necesitan mantener el control, especialmente en<b> las c\u00e1rceles de Guayaquil<\/b>, pues ah\u00ed est\u00e1 la principal ruta y el punto de partida: el Golfo de Guayaquil y el Puerto de Guayaquil&#8221;, explica el exjefe de inteligencia Pazmi\u00f1o. <\/p>\n<\/div>\n<div dir=\"ltr\" class=\"bbc-19j92fr e57qer20\" readability=\"8\">\n<p dir=\"ltr\" class=\"bbc-bm53ic e1cc2ql70\">&#8220;De all\u00ed sale m\u00e1s de la mitad de toda la coca\u00edna que ingresa desde Colombia&#8221;, a\u00f1ade. <\/p>\n<\/div>\n<div dir=\"ltr\" class=\"bbc-19j92fr e57qer20\" readability=\"9\">\n<p dir=\"ltr\" class=\"bbc-bm53ic e1cc2ql70\">Pazmi\u00f1o recuerda que como en Guayaquil operan tanto el C\u00e1rtel de Sinaloa como el de Jalisco Nueva Generaci\u00f3n, cada banda asociada &#8220;necesita atemorizar&#8221; a su rival. <\/p>\n<\/div>\n<div dir=\"ltr\" class=\"bbc-19j92fr e57qer20\" readability=\"12\">\n<p dir=\"ltr\" class=\"bbc-bm53ic e1cc2ql70\">&#8220;Necesitan establecer un control territorial y eso lo hacen <b>a base de fuego y sangre<\/b>. Esta situaci\u00f3n no s\u00f3lo se ve en las c\u00e1rceles, sino que es un reflejo palpable de lo que se vive en algunos barrios de la ciudad de Guayaquil, en los que se ven combates permanente por el otro problema: el microtr\u00e1fico&#8221;. <\/p>\n<\/div>\n<p><h2 id=\"3-Corrupci\u00f3n\" tabindex=\"-1\" class=\"bbc-l3e97o e14hemmw0\">3. Corrupci\u00f3n<\/h2>\n<\/p>\n<div dir=\"ltr\" class=\"bbc-19j92fr e57qer20\" readability=\"11\">\n<p dir=\"ltr\" class=\"bbc-bm53ic e1cc2ql70\">Seg\u00fan el informe &#8220;La crisis del sistema penitenciario en Ecuador&#8221;, publicado en 2006 por la Facultad Latinoamericana de Ciencias Sociales <b>(FLACSO)<\/b>, en las c\u00e1rceles ecuatorianas opera un sistema de corrupci\u00f3n fundado en una relaci\u00f3n personalista entre funcionarios e internos. <\/p>\n<\/div>\n<div dir=\"ltr\" class=\"bbc-19j92fr e57qer20\" readability=\"11\">\n<p dir=\"ltr\" class=\"bbc-bm53ic e1cc2ql70\">El coronel Mario Pazmi\u00f1o asegura que, 15 a\u00f1os despu\u00e9s, no s\u00f3lo todav\u00eda es as\u00ed, sino que la corrupci\u00f3n se ha intensificado. <\/p>\n<\/div>\n<div dir=\"ltr\" class=\"bbc-19j92fr e57qer20\" readability=\"10\">\n<p dir=\"ltr\" class=\"bbc-bm53ic e1cc2ql70\">&#8220;Hace 15 a\u00f1os no hab\u00eda una penetraci\u00f3n tan grande del crimen organizado transnacional en el pa\u00eds. Creo que este tipo de acci\u00f3n en el sistema carcelario se ha incrementado por la presencia de las megabandas que <b>controlan directamente el sistema carcelario<\/b>&#8220;, afirma. <\/p>\n<\/div>\n<div dir=\"ltr\" class=\"bbc-19j92fr e57qer20\" readability=\"13\">\n<p dir=\"ltr\" class=\"bbc-bm53ic e1cc2ql70\">Seg\u00fan el experto, las bandas manejan un primer c\u00edrculo, en el que est\u00e1 la Polic\u00eda Nacional, pero tambi\u00e9n c\u00edrculos que involucran a los gu\u00edas penitenciarios y a los mismos administradores de estos centros &#8220;amenazados por las megabandas&#8221;, precisa. <\/p>\n<\/div>\n<div dir=\"ltr\" class=\"bbc-19j92fr e57qer20\" readability=\"13\">\n<p dir=\"ltr\" class=\"bbc-bm53ic e1cc2ql70\">En julio pasado, Fausto Cobo, entonces director del SNAI, la instituci\u00f3n que rige todas las c\u00e1rceles en Ecuador, advert\u00eda que la crisis en las prisiones del pa\u00eds es efecto de la influencia e infiltraci\u00f3n del narcotr\u00e1fico en todas las instancias del Estado.<\/p>\n<\/div>\n<div dir=\"ltr\" class=\"bbc-19j92fr e57qer20\" readability=\"8\">\n<p dir=\"ltr\" class=\"bbc-bm53ic e1cc2ql70\">Una de las formas de la corrupci\u00f3n en las c\u00e1rceles ecuatorianas se da a trav\u00e9s del contrabando de mercanc\u00edas. <\/p>\n<\/div>\n<div dir=\"ltr\" class=\"bbc-19j92fr e57qer20\" readability=\"9\">\n<p dir=\"ltr\" class=\"bbc-bm53ic e1cc2ql70\">Como la comida que se reparte en los centros es t\u00edpicamente de mala calidad, muchos reclusos dependen de sus familias para alimentarse. <\/p>\n<\/div>\n<div dir=\"ltr\" class=\"bbc-1ka88fa e57qer20\">\n<figure class=\"bbc-1qdcvv9 e6bmn90\">\n<div dir=\"ltr\" class=\"bbc-172p16q e57qer20\">\n<div dir=\"ltr\" class=\"bbc-189y18v e57qer20\" readability=\"6.5\">\n<div data-e2e=\"image-placeholder\" class=\"bbc-997y1y e1whu0\" readability=\"8\"><noscript><img loading=\"lazy\" srcset=\"http:\/\/cordobadirecto.com\/wp-content\/uploads\/2021\/10\/ecuador-4-claves-que-explican-que-hay-detras-de-la-masacre-carcelaria-que-dejo-al-menos-116-muertos-la-peor-de-la-historia-del-pais-32.jpg 240w, http:\/\/cordobadirecto.com\/wp-content\/uploads\/2021\/10\/ecuador-4-claves-que-explican-que-hay-detras-de-la-masacre-carcelaria-que-dejo-al-menos-116-muertos-la-peor-de-la-historia-del-pais-33.jpg 320w, http:\/\/cordobadirecto.com\/wp-content\/uploads\/2021\/10\/ecuador-4-claves-que-explican-que-hay-detras-de-la-masacre-carcelaria-que-dejo-al-menos-116-muertos-la-peor-de-la-historia-del-pais-34.jpg 480w, http:\/\/cordobadirecto.com\/wp-content\/uploads\/2021\/10\/ecuador-4-claves-que-explican-que-hay-detras-de-la-masacre-carcelaria-que-dejo-al-menos-116-muertos-la-peor-de-la-historia-del-pais-35.jpg 624w, http:\/\/cordobadirecto.com\/wp-content\/uploads\/2021\/10\/ecuador-4-claves-que-explican-que-hay-detras-de-la-masacre-carcelaria-que-dejo-al-menos-116-muertos-la-peor-de-la-historia-del-pais-36.jpg 800w\" alt=\"Guardias aufera de la c\u00e1rcel de Guayaquil\" src=\"http:\/\/cordobadirecto.com\/wp-content\/uploads\/2021\/10\/ecuador-4-claves-que-explican-que-hay-detras-de-la-masacre-carcelaria-que-dejo-al-menos-116-muertos-la-peor-de-la-historia-del-pais-5.jpg\" sizes=\"(min-width: 1008px) 645px, 100vw\" width=\"976\" height=\"549\" class=\"eehpdyc0 bbc-100dhyn e1enwo3v0\"><\/noscript><\/p>\n<p role=\"text\" class=\"bbc-1s1cxbv etq3yw90\"><span class=\"bbc-1gnhmg2 e1yt7oin0\">Fuente de la imagen, <\/span><span lang=\"en-GB\">Reuters<\/span><\/p>\n<\/div>\n<\/div>\n<div dir=\"ltr\" class=\"bbc-3edg7g e57qer20\" readability=\"6\"><figcaption dir=\"ltr\" class=\"bbc-1t9zlwf eede9f50\" readability=\"2\"><span class=\"bbc-1gnhmg2 e1yt7oin0\">Pie de foto, <\/span><\/p>\n<p>La falta de control en la prisi\u00f3n es una de las posibles causas del incidente.<\/p>\n<\/figcaption><\/div>\n<\/div>\n<\/figure>\n<\/div>\n<div dir=\"ltr\" class=\"bbc-19j92fr e57qer20\" readability=\"7\">\n<p dir=\"ltr\" class=\"bbc-bm53ic e1cc2ql70\">Pero el ingreso de los alimentos no es gratis. <\/p>\n<\/div>\n<div dir=\"ltr\" class=\"bbc-19j92fr e57qer20\" readability=\"8\">\n<p dir=\"ltr\" class=\"bbc-bm53ic e1cc2ql70\">&#8220;Hacer pasar una botella de agua puede costar cerca de US$4&#8221;, explica Pazmi\u00f1o.<\/p>\n<\/div>\n<div dir=\"ltr\" class=\"bbc-19j92fr e57qer20\" readability=\"12\">\n<p dir=\"ltr\" class=\"bbc-bm53ic e1cc2ql70\">Y el comercio no se limita a productos alimenticios: &#8220;Un cartucho puede costar hasta US$5, <b>un revolver hasta US$4.000<\/b>, un fusil puede estar sobre los US$15.000 y un tel\u00e9fono US$500. En fin, todo tiene un precio&#8221;. <\/p>\n<\/div>\n<p><h2 id=\"4-Hacinamiento\" tabindex=\"-1\" class=\"bbc-l3e97o e14hemmw0\">4. Hacinamiento<\/h2>\n<\/p>\n<div dir=\"ltr\" class=\"bbc-19j92fr e57qer20\" readability=\"9\">\n<p dir=\"ltr\" class=\"bbc-bm53ic e1cc2ql70\">Si bien se ha reducido con respecto a a\u00f1os anteriores, el hacinamiento sigue dificultando la adecuada gesti\u00f3n de las c\u00e1rceles ecuatorianas.<\/p>\n<\/div>\n<div dir=\"ltr\" class=\"bbc-19j92fr e57qer20\" readability=\"9\">\n<p dir=\"ltr\" class=\"bbc-bm53ic e1cc2ql70\">Seg\u00fan el Comit\u00e9 Permanente por la Defensa de los Derechos Humanos (CDH), la capacidad carcelaria ecuatoriana es de <b>28.500 personas<\/b>.<\/p>\n<\/div>\n<div dir=\"ltr\" class=\"bbc-19j92fr e57qer20\" readability=\"11\">\n<p dir=\"ltr\" class=\"bbc-bm53ic e1cc2ql70\">Pero en mayo de 2019, cuando el gobierno decret\u00f3 el primer estado de excepci\u00f3n, el n\u00famero de reos sumaba 41.836, un hacinamiento del 42%.<\/p>\n<\/div>\n<div dir=\"ltr\" class=\"bbc-19j92fr e57qer20\" readability=\"9\">\n<p dir=\"ltr\" class=\"bbc-bm53ic e1cc2ql70\">Desde entonces, el n\u00famero se ha reducido, pero no lo suficiente. <\/p>\n<\/div>\n<div dir=\"ltr\" class=\"bbc-19j92fr e57qer20\" readability=\"9\">\n<p dir=\"ltr\" class=\"bbc-bm53ic e1cc2ql70\">Seg\u00fan cifras del SNAI, los aproximadamente <b>38.000 presos <\/b>en el sistema actual suponen un hacinamiento del 33%.<\/p>\n<\/div>\n<div dir=\"ltr\" class=\"bbc-1ka88fa e57qer20\">\n<figure class=\"bbc-1qdcvv9 e6bmn90\">\n<div dir=\"ltr\" class=\"bbc-172p16q e57qer20\">\n<div dir=\"ltr\" class=\"bbc-189y18v e57qer20\">\n<div data-e2e=\"image-placeholder\" class=\"bbc-997y1y e1whu0\"><noscript><img loading=\"lazy\" srcset=\"http:\/\/cordobadirecto.com\/wp-content\/uploads\/2021\/10\/ecuador-4-claves-que-explican-que-hay-detras-de-la-masacre-carcelaria-que-dejo-al-menos-116-muertos-la-peor-de-la-historia-del-pais-37.jpg 240w, http:\/\/cordobadirecto.com\/wp-content\/uploads\/2021\/10\/ecuador-4-claves-que-explican-que-hay-detras-de-la-masacre-carcelaria-que-dejo-al-menos-116-muertos-la-peor-de-la-historia-del-pais-38.jpg 320w, http:\/\/cordobadirecto.com\/wp-content\/uploads\/2021\/10\/ecuador-4-claves-que-explican-que-hay-detras-de-la-masacre-carcelaria-que-dejo-al-menos-116-muertos-la-peor-de-la-historia-del-pais-39.jpg 480w, http:\/\/cordobadirecto.com\/wp-content\/uploads\/2021\/10\/ecuador-4-claves-que-explican-que-hay-detras-de-la-masacre-carcelaria-que-dejo-al-menos-116-muertos-la-peor-de-la-historia-del-pais-40.jpg 624w, http:\/\/cordobadirecto.com\/wp-content\/uploads\/2021\/10\/ecuador-4-claves-que-explican-que-hay-detras-de-la-masacre-carcelaria-que-dejo-al-menos-116-muertos-la-peor-de-la-historia-del-pais-41.jpg 800w\" alt=\"Una ambulancia saliendo del centro penitenciario\" src=\"http:\/\/cordobadirecto.com\/wp-content\/uploads\/2021\/10\/ecuador-4-claves-que-explican-que-hay-detras-de-la-masacre-carcelaria-que-dejo-al-menos-116-muertos-la-peor-de-la-historia-del-pais-6.jpg\" sizes=\"(min-width: 1008px) 645px, 100vw\" width=\"976\" height=\"549\" class=\"eehpdyc0 bbc-100dhyn e1enwo3v0\"><\/noscript><\/p>\n<p role=\"text\" class=\"bbc-1s1cxbv etq3yw90\"><span class=\"bbc-1gnhmg2 e1yt7oin0\">Fuente de la imagen, <\/span><span lang=\"en-GB\">EPA<\/span><\/p>\n<\/div>\n<\/div>\n<div dir=\"ltr\" class=\"bbc-3edg7g e57qer20\" readability=\"6\"><figcaption dir=\"ltr\" class=\"bbc-1t9zlwf eede9f50\" readability=\"2\"><span class=\"bbc-1gnhmg2 e1yt7oin0\">Pie de foto, <\/span><\/p>\n<p>Un ambulancia fuera del centro penitenciario.<\/p>\n<\/figcaption><\/div>\n<\/div>\n<\/figure>\n<\/div>\n<div dir=\"ltr\" class=\"bbc-19j92fr e57qer20\" readability=\"8\">\n<p dir=\"ltr\" class=\"bbc-bm53ic e1cc2ql70\">Y las c\u00e1rceles de Cuenca, Guayaquil y Latacunga concentran el 70% de todos esos reos.<\/p>\n<\/div>\n<div dir=\"ltr\" class=\"bbc-19j92fr e57qer20\" readability=\"10\">\n<p dir=\"ltr\" class=\"bbc-bm53ic e1cc2ql70\">Como explica el sitio especializado <i class=\"bbc-h1y5j7 ewc4zcb0\">Insight Crime<\/i>, la superpoblaci\u00f3n de las c\u00e1rceles es un fen\u00f3meno regional que resulta en problemas de derechos humanos y en la <b>falta de control<\/b> sobre los sistemas penitenciarios.<\/p>\n<\/div>\n<div dir=\"ltr\" class=\"bbc-1ka88fa e57qer20\">\n<figure class=\"bbc-1qdcvv9 e6bmn90\">\n<div dir=\"ltr\" class=\"bbc-172p16q e57qer20\">\n<div dir=\"ltr\" class=\"bbc-189y18v e57qer20\">\n<div data-e2e=\"image-placeholder\" class=\"bbc-997y1y e1whu0\"><noscript><img loading=\"lazy\" srcset=\"http:\/\/cordobadirecto.com\/wp-content\/uploads\/2021\/10\/ecuador-4-claves-que-explican-que-hay-detras-de-la-masacre-carcelaria-que-dejo-al-menos-116-muertos-la-peor-de-la-historia-del-pais-42.jpg 240w, http:\/\/cordobadirecto.com\/wp-content\/uploads\/2021\/10\/ecuador-4-claves-que-explican-que-hay-detras-de-la-masacre-carcelaria-que-dejo-al-menos-116-muertos-la-peor-de-la-historia-del-pais-43.jpg 320w, http:\/\/cordobadirecto.com\/wp-content\/uploads\/2021\/10\/ecuador-4-claves-que-explican-que-hay-detras-de-la-masacre-carcelaria-que-dejo-al-menos-116-muertos-la-peor-de-la-historia-del-pais-44.jpg 464w\" alt=\"Rayita\" src=\"http:\/\/cordobadirecto.com\/wp-content\/uploads\/2021\/10\/ecuador-4-claves-que-explican-que-hay-detras-de-la-masacre-carcelaria-que-dejo-al-menos-116-muertos-la-peor-de-la-historia-del-pais-7.jpg\" sizes=\"(min-width: 1008px) 645px, 100vw\" width=\"464\" height=\"2\" class=\"eehpdyc0 bbc-100dhyn e1enwo3v0\"><\/noscript><\/div>\n<\/div>\n<\/div>\n<\/figure>\n<\/div>\n<div dir=\"ltr\" class=\"bbc-19j92fr e57qer20\" readability=\"8\">\n<p dir=\"ltr\" class=\"bbc-bm53ic e1cc2ql70\"><i class=\"bbc-h1y5j7 ewc4zcb0\">Ahora puedes recibir notificaciones de BBC News Mundo. Descarga la nueva versi\u00f3n de nuestra app y act\u00edvalas para no perderte nuestro mejor contenido.<\/i><\/p>\n<\/div>\n","protected":false},"excerpt":{"rendered":"<p>Norberto Paredes @norbertparedes BBC News Mundo 9 horas Fuente de la imagen, Getty Images Al menos 116 fallecidos y cerca de 80 heridos, todos presos. Ese fue el saldo que dej\u00f3 este mi\u00e9rcoles el \u00faltimo enfrentamiento entre bandas rivales en el Centro de Privaci\u00f3n de Libertad N\u00famero 1 en Guayaquil, Ecuador, un evento que se [&hellip;]<\/p>\n","protected":false},"author":1,"featured_media":20949,"comment_status":"closed","ping_status":"closed","sticky":false,"template":"","format":"standard","meta":[],"categories":[24],"tags":[],"_links":{"self":[{"href":"http:\/\/cordobadirecto.com\/index.php\/wp-json\/wp\/v2\/posts\/20948"}],"collection":[{"href":"http:\/\/cordobadirecto.com\/index.php\/wp-json\/wp\/v2\/posts"}],"about":[{"href":"http:\/\/cordobadirecto.com\/index.php\/wp-json\/wp\/v2\/types\/post"}],"author":[{"embeddable":true,"href":"http:\/\/cordobadirecto.com\/index.php\/wp-json\/wp\/v2\/users\/1"}],"replies":[{"embeddable":true,"href":"http:\/\/cordobadirecto.com\/index.php\/wp-json\/wp\/v2\/comments?post=20948"}],"version-history":[{"count":0,"href":"http:\/\/cordobadirecto.com\/index.php\/wp-json\/wp\/v2\/posts\/20948\/revisions"}],"wp:featuredmedia":[{"embeddable":true,"href":"http:\/\/cordobadirecto.com\/index.php\/wp-json\/wp\/v2\/media\/20949"}],"wp:attachment":[{"href":"http:\/\/cordobadirecto.com\/index.php\/wp-json\/wp\/v2\/media?parent=20948"}],"wp:term":[{"taxonomy":"category","embeddable":true,"href":"http:\/\/cordobadirecto.com\/index.php\/wp-json\/wp\/v2\/categories?post=20948"},{"taxonomy":"post_tag","embeddable":true,"href":"http:\/\/cordobadirecto.com\/index.php\/wp-json\/wp\/v2\/tags?post=20948"}],"curies":[{"name":"wp","href":"https:\/\/api.w.org\/{rel}","templated":true}]}}