{"id":2095,"date":"2021-02-24T02:52:06","date_gmt":"2021-02-24T02:52:06","guid":{"rendered":"http:\/\/www.bbc.com\/mundo\/noticias-america-latina-56176635"},"modified":"2021-02-24T02:52:06","modified_gmt":"2021-02-24T02:52:06","slug":"amotinamientos-en-ecuador-al-menos-75-muertos-en-una-ola-de-violencia-en-varias-carceles-del-pais","status":"publish","type":"post","link":"http:\/\/cordobadirecto.com\/index.php\/2021\/02\/24\/amotinamientos-en-ecuador-al-menos-75-muertos-en-una-ola-de-violencia-en-varias-carceles-del-pais\/","title":{"rendered":"Amotinamientos en Ecuador: al menos 75 muertos en una ola de violencia en varias c\u00e1rceles del pa\u00eds"},"content":{"rendered":"<div dir=\"ltr\" class=\"e1j2237y6 bbc-1amf61q-GridComponent e57qer20\">\n<div class=\"bbc-um5zo-Container e1c9i7u14\">\n<ul role=\"list\" class=\"bbc-182pkjt-Person e1c9i7u12\">\n<li role=\"listitem\" class=\"bbc-dvly96-Name e1c9i7u11\">Redacci\u00f3n <\/li>\n<li role=\"listitem\" class=\"bbc-1942rtw-Title e1c9i7u10\">BBC News Mundo<\/li>\n<\/ul>\n<\/div>\n<\/div>\n<div dir=\"ltr\" class=\"e1j2237y7 bbc-1amf61q-GridComponent e57qer20\"><time datetime=\"2021-02-23\" class=\"bbc-eihuha-StyledTimestamp e4zesg50\">23 febrero 2021<\/time><\/p>\n<p><time datetime=\"2021-02-24\" class=\"bbc-eihuha-StyledTimestamp e4zesg50\">Actualizado 3 horas<\/time><\/p>\n<\/div>\n<div dir=\"ltr\" class=\"bbc-1ufkmt5-GridComponent e57qer20\">\n<figure class=\"bbc-m91nxa-Figure e6bmn90\">\n<div dir=\"ltr\" class=\"bbc-1gx5b6l-GridComponent e57qer20\">\n<div dir=\"ltr\" class=\"bbc-bqg5er-GridComponent e57qer20\" readability=\"6.5\">\n<div class=\"bbc-8q39gi-ImagePlaceholder e1whu0\" readability=\"8\"><img srcset=\"http:\/\/cordobadirecto.com\/wp-content\/uploads\/2021\/02\/amotinamientos-en-ecuador-al-menos-75-muertos-en-una-ola-de-violencia-en-varias-carceles-del-pais-4.jpg 240w, http:\/\/cordobadirecto.com\/wp-content\/uploads\/2021\/02\/amotinamientos-en-ecuador-al-menos-75-muertos-en-una-ola-de-violencia-en-varias-carceles-del-pais-5.jpg 320w, http:\/\/cordobadirecto.com\/wp-content\/uploads\/2021\/02\/amotinamientos-en-ecuador-al-menos-75-muertos-en-una-ola-de-violencia-en-varias-carceles-del-pais-6.jpg 480w, http:\/\/cordobadirecto.com\/wp-content\/uploads\/2021\/02\/amotinamientos-en-ecuador-al-menos-75-muertos-en-una-ola-de-violencia-en-varias-carceles-del-pais-7.jpg 624w, http:\/\/cordobadirecto.com\/wp-content\/uploads\/2021\/02\/amotinamientos-en-ecuador-al-menos-75-muertos-en-una-ola-de-violencia-en-varias-carceles-del-pais-8.jpg 800w\" alt=\"Mujeres lloran ante una c\u00e1rcel de Ecuador tras la noticia de los amotinamientos\" src=\"http:\/\/cordobadirecto.com\/wp-content\/uploads\/2021\/02\/amotinamientos-en-ecuador-al-menos-75-muertos-en-una-ola-de-violencia-en-varias-carceles-del-pais.jpg\" width=\"976\" class=\"bbc-1suxhxy-StyledImg e1enwo3v0\"><\/p>\n<p role=\"text\" class=\"bbc-iif8qe-Copyright etq3yw90\"><span class=\"bbc-ow3j0s-VisuallyHiddenText e1yt7oin0\">Fuente de la imagen, <\/span><span lang=\"en-GB\">Getty Images<\/span><\/p>\n<\/div>\n<\/div>\n<div dir=\"ltr\" class=\"bbc-1cx6mr7-GridComponent e57qer20\" readability=\"6.5\"><figcaption dir=\"ltr\" class=\"bbc-1mhipbm-Caption eede9f50\" readability=\"3\"><span class=\"bbc-ow3j0s-VisuallyHiddenText e1yt7oin0\">Pie de foto, <\/span><\/p>\n<p>Familiares de los reclusos de las c\u00e1rceles afectadas se dirigieron a los centros en busca de informaci\u00f3n.<\/p>\n<\/figcaption><\/div>\n<\/div>\n<\/figure>\n<\/div>\n<div dir=\"ltr\" class=\"bbc-1unnq9o-GridComponent e57qer20\" readability=\"9\">\n<p dir=\"ltr\" class=\"bbc-1kju7ke-Paragraph e1cc2ql70\"><b>Varios amotinamientos simult\u00e1neos en distintas c\u00e1rceles de Ecuador causaron al menos 75 muertos este martes, seg\u00fan confirmaron las autoridades ecuatorianas.<\/b><\/p>\n<\/div>\n<div dir=\"ltr\" class=\"bbc-1unnq9o-GridComponent e57qer20\" readability=\"10\">\n<p dir=\"ltr\" class=\"bbc-1kju7ke-Paragraph e1cc2ql70\">Los incidentes se registraron en <b>c\u00e1rceles de las provincias de Guayas y Cotopaxi, adem\u00e1s de<\/b><b> la prisi\u00f3n de Turi, <\/b><b>en la provincia de Azuay.<\/b><\/p>\n<\/div>\n<div dir=\"ltr\" class=\"bbc-1unnq9o-GridComponent e57qer20\" readability=\"7\">\n<p dir=\"ltr\" class=\"bbc-1kju7ke-Paragraph e1cc2ql70\">En esos 3 centros se encuentra el 70% de toda la poblaci\u00f3n penitenciaria de Ecuador.<\/p>\n<\/div>\n<div dir=\"ltr\" class=\"bbc-1unnq9o-GridComponent e57qer20\" readability=\"14\">\n<p dir=\"ltr\" class=\"bbc-1kju7ke-Paragraph e1cc2ql70\">En rueda de prensa, el director del Servicio Nacional de Atenci\u00f3n Integral a las Personas Privadas de Libertad (SNAI), Edmundo Moncayo, inform\u00f3 que, adem\u00e1s de las 33 v\u00edctimas mortales en el centro de Turi, 8 reclusos murieron en el de Latacunga (Cotopaxi) y 21 en el de Guayaquil (Guayas).<\/p>\n<\/div>\n<div dir=\"ltr\" class=\"bbc-1unnq9o-GridComponent e57qer20\" readability=\"9\">\n<p dir=\"ltr\" class=\"bbc-1kju7ke-Paragraph e1cc2ql70\">M\u00e1s tarde las autoridades informaron que en Guayas se produjeron 13 nuevos asesinatos, por la que la cifra total de fallecidos aument\u00f3 a 75.<\/p>\n<\/div>\n<div dir=\"ltr\" class=\"bbc-1unnq9o-GridComponent e57qer20\" readability=\"8\">\n<p dir=\"ltr\" class=\"bbc-1kju7ke-Paragraph e1cc2ql70\">Moncayo atribuy\u00f3 los motines al <b>choque entre organizaciones delictivas<\/b> por tomar el liderazgo que qued\u00f3 vacante tras el asesinato de un ciudadano en la ciudad de Manta el pasado diciembre.<\/p>\n<\/div>\n<div dir=\"ltr\" class=\"bbc-1unnq9o-GridComponent e57qer20\" readability=\"12\">\n<p dir=\"ltr\" class=\"bbc-1kju7ke-Paragraph e1cc2ql70\">&#8220;En ese momento esper\u00e1bamos una reacci\u00f3n inmediata; sin embargo, la reacci\u00f3n ha demorado, es la que se ha producido hoy: dos grupos intentando encontrar un liderazgo delictivo al interior de los centros de privaci\u00f3n de libertad&#8221;, explic\u00f3 el jefe del SNAI.<\/p>\n<\/div>\n<div dir=\"ltr\" class=\"bbc-1unnq9o-GridComponent e57qer20\" readability=\"8\">\n<p dir=\"ltr\" class=\"bbc-1kju7ke-Paragraph e1cc2ql70\">Familiares de los reclusos de los tres centros se congregaron a las afueras de los mismos para intentar obtener m\u00e1s informaci\u00f3n.<\/p>\n<\/div>\n<p><h2 id=\"Una-acci\u00f3n-concertada\" tabindex=\"-1\" class=\"bbc-4qzrek-SubHeading e14hemmw0\">&#8220;Una acci\u00f3n concertada&#8221;<\/h2>\n<\/p>\n<div dir=\"ltr\" class=\"bbc-1unnq9o-GridComponent e57qer20\" readability=\"11\">\n<p dir=\"ltr\" class=\"bbc-1kju7ke-Paragraph e1cc2ql70\">En una primera reacci\u00f3n, el presidente de Ecuador, Lenin Moreno, responsabiliz\u00f3 de los incidentes a organizaciones criminales:<\/p>\n<\/div>\n<div dir=\"ltr\" class=\"bbc-1unnq9o-GridComponent e57qer20\" readability=\"10\">\n<p dir=\"ltr\" class=\"bbc-1kju7ke-Paragraph e1cc2ql70\">Posteriormente, Moreno comunic\u00f3 que instruy\u00f3 al Ministerio de Defensa &#8220;ejercer un <b>estricto control de armas, municiones y explosivos en los per\u00edmetros exteriores de los centros penitenciarios<\/b>&#8220;.<\/p>\n<\/div>\n<div dir=\"ltr\" class=\"bbc-1unnq9o-GridComponent e57qer20\" readability=\"11\">\n<p dir=\"ltr\" class=\"bbc-1kju7ke-Paragraph e1cc2ql70\">Por su parte, el ministro de Gobierno, Patricio Pazmi\u00f1o, tambi\u00e9n habl\u00f3 de una acci\u00f3n criminal conjunta.<\/p>\n<\/div>\n<div dir=\"ltr\" class=\"bbc-1unnq9o-GridComponent e57qer20\" readability=\"12\">\n<p dir=\"ltr\" class=\"bbc-1kju7ke-Paragraph e1cc2ql70\">&#8220;Ante la acci\u00f3n concertada de organizaciones criminales para generar violencia en centros penitenciarios del pa\u00eds, desde el Puesto de Mando Unificado conjuntamente con mando policial gestionamos acciones, para recuperar el control&#8221;, escribi\u00f3 Pazmi\u00f1o en su cuenta de Twitter.<\/p>\n<\/div>\n<div dir=\"ltr\" class=\"bbc-1ufkmt5-GridComponent e57qer20\">\n<figure class=\"bbc-m91nxa-Figure e6bmn90\">\n<div dir=\"ltr\" class=\"bbc-1gx5b6l-GridComponent e57qer20\">\n<div dir=\"ltr\" class=\"bbc-bqg5er-GridComponent e57qer20\" readability=\"6.5\">\n<div class=\"bbc-8q39gi-ImagePlaceholder e1whu0\" readability=\"8\"><noscript><img srcset=\"http:\/\/cordobadirecto.com\/wp-content\/uploads\/2021\/02\/amotinamientos-en-ecuador-al-menos-75-muertos-en-una-ola-de-violencia-en-varias-carceles-del-pais-9.jpg 240w, http:\/\/cordobadirecto.com\/wp-content\/uploads\/2021\/02\/amotinamientos-en-ecuador-al-menos-75-muertos-en-una-ola-de-violencia-en-varias-carceles-del-pais-10.jpg 320w, http:\/\/cordobadirecto.com\/wp-content\/uploads\/2021\/02\/amotinamientos-en-ecuador-al-menos-75-muertos-en-una-ola-de-violencia-en-varias-carceles-del-pais-11.jpg 480w, http:\/\/cordobadirecto.com\/wp-content\/uploads\/2021\/02\/amotinamientos-en-ecuador-al-menos-75-muertos-en-una-ola-de-violencia-en-varias-carceles-del-pais-12.jpg 624w, http:\/\/cordobadirecto.com\/wp-content\/uploads\/2021\/02\/amotinamientos-en-ecuador-al-menos-75-muertos-en-una-ola-de-violencia-en-varias-carceles-del-pais-13.jpg 800w\" alt=\"Soldados y una ambulancia a las afueras de una c\u00e1rcel de Ecuador\" src=\"http:\/\/cordobadirecto.com\/wp-content\/uploads\/2021\/02\/amotinamientos-en-ecuador-al-menos-75-muertos-en-una-ola-de-violencia-en-varias-carceles-del-pais-1.jpg\" width=\"976\" class=\"bbc-1suxhxy-StyledImg e1enwo3v0\"><\/noscript><\/p>\n<p role=\"text\" class=\"bbc-iif8qe-Copyright etq3yw90\"><span class=\"bbc-ow3j0s-VisuallyHiddenText e1yt7oin0\">Fuente de la imagen, <\/span><span lang=\"en-GB\">Getty Images<\/span><\/p>\n<\/div>\n<\/div>\n<div dir=\"ltr\" class=\"bbc-1cx6mr7-GridComponent e57qer20\" readability=\"6.5\"><figcaption dir=\"ltr\" class=\"bbc-1mhipbm-Caption eede9f50\" readability=\"3\"><span class=\"bbc-ow3j0s-VisuallyHiddenText e1yt7oin0\">Pie de foto, <\/span><\/p>\n<p>Personal militar se traslad\u00f3 hasta los exteriores de las c\u00e1rceles para dar apoyo en las operaciones.<\/p>\n<\/figcaption><\/div>\n<\/div>\n<\/figure>\n<\/div>\n<div dir=\"ltr\" class=\"bbc-1unnq9o-GridComponent e57qer20\" readability=\"7\">\n<p dir=\"ltr\" class=\"bbc-1kju7ke-Paragraph e1cc2ql70\">Grupos especiales de la polic\u00eda entraron en los centros para contener la violencia interna.<\/p>\n<\/div>\n<div dir=\"ltr\" class=\"bbc-1unnq9o-GridComponent e57qer20\" readability=\"8\">\n<p dir=\"ltr\" class=\"bbc-1kju7ke-Paragraph e1cc2ql70\">El comandante Patricio Carrillo habl\u00f3 de disturbios en varias prisiones y calific\u00f3 la situaci\u00f3n de &#8220;cr\u00edtica&#8221;.<\/p>\n<\/div>\n<div dir=\"ltr\" class=\"bbc-1unnq9o-GridComponent e57qer20\" readability=\"9\">\n<p dir=\"ltr\" class=\"bbc-1kju7ke-Paragraph e1cc2ql70\">El Ministerio de Defensa inform\u00f3 de la colaboraci\u00f3n de las Fuerzas Armadas, desplegadas en el per\u00edmetro del Centro de Rehabilitaci\u00f3n Social de Turi.<\/p>\n<\/div>\n<div dir=\"ltr\" class=\"bbc-1ufkmt5-GridComponent e57qer20\">\n<figure class=\"bbc-m91nxa-Figure e6bmn90\">\n<div dir=\"ltr\" class=\"bbc-1gx5b6l-GridComponent e57qer20\">\n<div dir=\"ltr\" class=\"bbc-bqg5er-GridComponent e57qer20\">\n<div class=\"bbc-8q39gi-ImagePlaceholder e1whu0\"><noscript><img srcset=\"http:\/\/cordobadirecto.com\/wp-content\/uploads\/2021\/02\/amotinamientos-en-ecuador-al-menos-75-muertos-en-una-ola-de-violencia-en-varias-carceles-del-pais-14.jpg 240w, http:\/\/cordobadirecto.com\/wp-content\/uploads\/2021\/02\/amotinamientos-en-ecuador-al-menos-75-muertos-en-una-ola-de-violencia-en-varias-carceles-del-pais-15.jpg 320w, http:\/\/cordobadirecto.com\/wp-content\/uploads\/2021\/02\/amotinamientos-en-ecuador-al-menos-75-muertos-en-una-ola-de-violencia-en-varias-carceles-del-pais-16.jpg 480w, http:\/\/cordobadirecto.com\/wp-content\/uploads\/2021\/02\/amotinamientos-en-ecuador-al-menos-75-muertos-en-una-ola-de-violencia-en-varias-carceles-del-pais-17.jpg 624w, http:\/\/cordobadirecto.com\/wp-content\/uploads\/2021\/02\/amotinamientos-en-ecuador-al-menos-75-muertos-en-una-ola-de-violencia-en-varias-carceles-del-pais-18.jpg 800w\" alt=\"Ecuador\" src=\"http:\/\/cordobadirecto.com\/wp-content\/uploads\/2021\/02\/amotinamientos-en-ecuador-al-menos-75-muertos-en-una-ola-de-violencia-en-varias-carceles-del-pais-2.jpg\" width=\"976\" class=\"bbc-1suxhxy-StyledImg e1enwo3v0\"><\/noscript><\/p>\n<p role=\"text\" class=\"bbc-iif8qe-Copyright etq3yw90\"><span class=\"bbc-ow3j0s-VisuallyHiddenText e1yt7oin0\">Fuente de la imagen, <\/span><span lang=\"en-GB\">EPA<\/span><\/p>\n<\/div>\n<\/div>\n<div dir=\"ltr\" class=\"bbc-1cx6mr7-GridComponent e57qer20\" readability=\"6.5\"><figcaption dir=\"ltr\" class=\"bbc-1mhipbm-Caption eede9f50\" readability=\"3\"><span class=\"bbc-ow3j0s-VisuallyHiddenText e1yt7oin0\">Pie de foto, <\/span><\/p>\n<p>Los familiares de los presos no pod\u00edan contener la emoci\u00f3n ante las noticias que llegaban desde los penales.<\/p>\n<\/figcaption><\/div>\n<\/div>\n<\/figure>\n<\/div>\n<div dir=\"ltr\" class=\"bbc-1unnq9o-GridComponent e57qer20\" readability=\"11\">\n<p dir=\"ltr\" class=\"bbc-1kju7ke-Paragraph e1cc2ql70\">Sobre el estado de la investigaci\u00f3n, el director del SNAI dijo: &#8220;Estamos trabajando en este momento para <b>poder determinar que nuestra hip\u00f3tesis tenga las premisas fuertes que nos ayuden a que Fiscal\u00eda Nacional pueda tener la mayor informaci\u00f3n<\/b> que permita poner a \u00f3rdenes de las autoridades judiciales a quienes idearon esta acci\u00f3n&#8221;.<\/p>\n<\/div>\n<div dir=\"ltr\" class=\"bbc-1unnq9o-GridComponent e57qer20\" readability=\"9\">\n<p dir=\"ltr\" class=\"bbc-1kju7ke-Paragraph e1cc2ql70\">Moncayo lament\u00f3 la p\u00e9rdida de vidas humanas y habl\u00f3 de la necesidad de hacer &#8220;mayores esfuerzos financieros y en el marco legal&#8221; para lidiar con el desaf\u00edo de la violencia en los centros de reclusi\u00f3n.<\/p>\n<\/div>\n<p><h2 id=\"Violencia-en-las-c\u00e1rceles\" tabindex=\"-1\" class=\"bbc-4qzrek-SubHeading e14hemmw0\">Violencia en las c\u00e1rceles<\/h2>\n<\/p>\n<div dir=\"ltr\" class=\"bbc-1unnq9o-GridComponent e57qer20\" readability=\"9\">\n<p dir=\"ltr\" class=\"bbc-1kju7ke-Paragraph e1cc2ql70\">El pasado diciembre, enfrentamientos en c\u00e1rceles ecuatorianas desencadenados por pandillas rivales dejaron 11 reclusos muertos y siete heridos.<\/p>\n<\/div>\n<div dir=\"ltr\" class=\"bbc-1unnq9o-GridComponent e57qer20\" readability=\"9\">\n<p dir=\"ltr\" class=\"bbc-1kju7ke-Paragraph e1cc2ql70\">En noviembre se hab\u00eda levantado el estado de emergencia de 90 d\u00edas declarado por Moreno para los centros penitenciarios del pa\u00eds con el objetivo de &#8220;controlar a grupos mafiosos&#8221; para reducir la violencia.<\/p>\n<\/div>\n<div dir=\"ltr\" class=\"bbc-1unnq9o-GridComponent e57qer20\" readability=\"8\">\n<p dir=\"ltr\" class=\"bbc-1kju7ke-Paragraph e1cc2ql70\">Hay unos <b>38.000 presos en Ecuador<\/b>, un pa\u00eds de 17 millones de habitantes.<\/p>\n<\/div>\n<div dir=\"ltr\" class=\"bbc-1unnq9o-GridComponent e57qer20\" readability=\"11\">\n<p dir=\"ltr\" class=\"bbc-1kju7ke-Paragraph e1cc2ql70\">Para reducir el n\u00famero de reclusos en medio de la pandemia de covid-19, <b>el gobierno conmut\u00f3 las sentencias de personas condenadas por delitos menores<\/b>, con lo que la superpoblaci\u00f3n de los centros disminuy\u00f3 de un 42% a un 30%.<\/p>\n<\/div>\n<div dir=\"ltr\" class=\"bbc-1ufkmt5-GridComponent e57qer20\">\n<figure class=\"bbc-m91nxa-Figure e6bmn90\">\n<div dir=\"ltr\" class=\"bbc-1gx5b6l-GridComponent e57qer20\">\n<div dir=\"ltr\" class=\"bbc-bqg5er-GridComponent e57qer20\">\n<div class=\"bbc-2bz91w-ImagePlaceholder e1whu0\"><noscript><img srcset=\"http:\/\/cordobadirecto.com\/wp-content\/uploads\/2021\/02\/amotinamientos-en-ecuador-al-menos-75-muertos-en-una-ola-de-violencia-en-varias-carceles-del-pais-19.jpg 240w, http:\/\/cordobadirecto.com\/wp-content\/uploads\/2021\/02\/amotinamientos-en-ecuador-al-menos-75-muertos-en-una-ola-de-violencia-en-varias-carceles-del-pais-20.jpg 320w, http:\/\/cordobadirecto.com\/wp-content\/uploads\/2021\/02\/amotinamientos-en-ecuador-al-menos-75-muertos-en-una-ola-de-violencia-en-varias-carceles-del-pais-21.jpg 464w\" alt=\"L\u00ednea\" src=\"http:\/\/cordobadirecto.com\/wp-content\/uploads\/2021\/02\/amotinamientos-en-ecuador-al-menos-75-muertos-en-una-ola-de-violencia-en-varias-carceles-del-pais-3.jpg\" width=\"464\" class=\"bbc-1suxhxy-StyledImg e1enwo3v0\"><\/noscript><\/div>\n<\/div>\n<\/div>\n<\/figure>\n<\/div>\n<div dir=\"ltr\" class=\"bbc-1unnq9o-GridComponent e57qer20\" readability=\"8\">\n<p dir=\"ltr\" class=\"bbc-1kju7ke-Paragraph e1cc2ql70\"><i class=\"bbc-h1y5j7 ewc4zcb0\">Ahora puedes recibir notificaciones de BBC Mundo. Descarga la nueva versi\u00f3n de nuestra app y act\u00edvalas para no perderte nuestro mejor contenido.<\/i><\/p>\n<\/div>\n","protected":false},"excerpt":{"rendered":"<p>Redacci\u00f3n BBC News Mundo 23 febrero 2021 Actualizado 3 horas Fuente de la imagen, Getty Images Pie de foto, Familiares de los reclusos de las c\u00e1rceles afectadas se dirigieron a los centros en busca de informaci\u00f3n. Varios amotinamientos simult\u00e1neos en distintas c\u00e1rceles de Ecuador causaron al menos 75 muertos este martes, seg\u00fan confirmaron las autoridades [&hellip;]<\/p>\n","protected":false},"author":1,"featured_media":2096,"comment_status":"closed","ping_status":"closed","sticky":false,"template":"","format":"standard","meta":[],"categories":[24],"tags":[],"_links":{"self":[{"href":"http:\/\/cordobadirecto.com\/index.php\/wp-json\/wp\/v2\/posts\/2095"}],"collection":[{"href":"http:\/\/cordobadirecto.com\/index.php\/wp-json\/wp\/v2\/posts"}],"about":[{"href":"http:\/\/cordobadirecto.com\/index.php\/wp-json\/wp\/v2\/types\/post"}],"author":[{"embeddable":true,"href":"http:\/\/cordobadirecto.com\/index.php\/wp-json\/wp\/v2\/users\/1"}],"replies":[{"embeddable":true,"href":"http:\/\/cordobadirecto.com\/index.php\/wp-json\/wp\/v2\/comments?post=2095"}],"version-history":[{"count":0,"href":"http:\/\/cordobadirecto.com\/index.php\/wp-json\/wp\/v2\/posts\/2095\/revisions"}],"wp:featuredmedia":[{"embeddable":true,"href":"http:\/\/cordobadirecto.com\/index.php\/wp-json\/wp\/v2\/media\/2096"}],"wp:attachment":[{"href":"http:\/\/cordobadirecto.com\/index.php\/wp-json\/wp\/v2\/media?parent=2095"}],"wp:term":[{"taxonomy":"category","embeddable":true,"href":"http:\/\/cordobadirecto.com\/index.php\/wp-json\/wp\/v2\/categories?post=2095"},{"taxonomy":"post_tag","embeddable":true,"href":"http:\/\/cordobadirecto.com\/index.php\/wp-json\/wp\/v2\/tags?post=2095"}],"curies":[{"name":"wp","href":"https:\/\/api.w.org\/{rel}","templated":true}]}}