{"id":2097,"date":"2021-02-24T03:11:15","date_gmt":"2021-02-24T03:11:15","guid":{"rendered":"http:\/\/cordobadirecto.com\/index.php\/2021\/02\/24\/el-presidente-se-reunio-con-el-magnate-carlos-slim\/"},"modified":"2021-02-24T03:11:15","modified_gmt":"2021-02-24T03:11:15","slug":"el-presidente-se-reunio-con-el-magnate-carlos-slim","status":"publish","type":"post","link":"http:\/\/cordobadirecto.com\/index.php\/2021\/02\/24\/el-presidente-se-reunio-con-el-magnate-carlos-slim\/","title":{"rendered":"El Presidente se reuni\u00f3 con el magnate Carlos Slim"},"content":{"rendered":"<p>&#8230; futuro de la <b>econom\u00eda<\/b> argentina y destac\u00f3 a los funcionarios del Gobierno. Por otro lado, se\u00f1al\u00f3 que \u201cla Argentina entr\u00f3 en un problema <b>econ\u00f3mico<\/b>&nbsp;&#8230; <\/p>\n","protected":false},"excerpt":{"rendered":"<p>&#8230; futuro de la econom\u00eda argentina y destac\u00f3 a los funcionarios del Gobierno. Por otro lado, se\u00f1al\u00f3 que \u201cla Argentina entr\u00f3 en un problema econ\u00f3mico&nbsp;&#8230;<\/p>\n","protected":false},"author":1,"featured_media":0,"comment_status":"closed","ping_status":"closed","sticky":false,"template":"","format":"standard","meta":[],"categories":[40],"tags":[],"_links":{"self":[{"href":"http:\/\/cordobadirecto.com\/index.php\/wp-json\/wp\/v2\/posts\/2097"}],"collection":[{"href":"http:\/\/cordobadirecto.com\/index.php\/wp-json\/wp\/v2\/posts"}],"about":[{"href":"http:\/\/cordobadirecto.com\/index.php\/wp-json\/wp\/v2\/types\/post"}],"author":[{"embeddable":true,"href":"http:\/\/cordobadirecto.com\/index.php\/wp-json\/wp\/v2\/users\/1"}],"replies":[{"embeddable":true,"href":"http:\/\/cordobadirecto.com\/index.php\/wp-json\/wp\/v2\/comments?post=2097"}],"version-history":[{"count":0,"href":"http:\/\/cordobadirecto.com\/index.php\/wp-json\/wp\/v2\/posts\/2097\/revisions"}],"wp:attachment":[{"href":"http:\/\/cordobadirecto.com\/index.php\/wp-json\/wp\/v2\/media?parent=2097"}],"wp:term":[{"taxonomy":"category","embeddable":true,"href":"http:\/\/cordobadirecto.com\/index.php\/wp-json\/wp\/v2\/categories?post=2097"},{"taxonomy":"post_tag","embeddable":true,"href":"http:\/\/cordobadirecto.com\/index.php\/wp-json\/wp\/v2\/tags?post=2097"}],"curies":[{"name":"wp","href":"https:\/\/api.w.org\/{rel}","templated":true}]}}