{"id":21023,"date":"2021-10-01T02:17:56","date_gmt":"2021-10-01T02:17:56","guid":{"rendered":"http:\/\/cordobadirecto.com\/index.php\/2021\/10\/01\/el-indio-solari-publico-temas-ineditos-de-los-redondos-que-quedaron-afuera-de-luzbelito\/"},"modified":"2021-10-01T02:17:56","modified_gmt":"2021-10-01T02:17:56","slug":"el-indio-solari-publico-temas-ineditos-de-los-redondos-que-quedaron-afuera-de-luzbelito","status":"publish","type":"post","link":"http:\/\/cordobadirecto.com\/index.php\/2021\/10\/01\/el-indio-solari-publico-temas-ineditos-de-los-redondos-que-quedaron-afuera-de-luzbelito\/","title":{"rendered":"El &#8220;Indio&#8221; Solari public\u00f3 temas in\u00e9ditos de Los Redondos que quedaron afuera de Luzbelito"},"content":{"rendered":"<div class=\"image\" id=\"image\" readability=\"8\"> <img src=\"http:\/\/cordobadirecto.com\/wp-content\/uploads\/2021\/10\/el-indio-solari-publico-temas-ineditos-de-los-redondos-que-quedaron-afuera-de-luzbelito.jpg\" alt=\"Solari anunci\u00f3 la publicaci\u00f3n en sus redes sociales y luego subi\u00f3 las dos canciones in\u00e9ditas a su canal oficial de YouTube\" title=\"Solari anunci\u00f3 la publicaci\u00f3n en sus redes sociales y luego subi\u00f3 las dos canciones in\u00e9ditas a su canal oficial de YouTube\"><\/p>\n<p>Solari anunci\u00f3 la publicaci\u00f3n en sus redes sociales y luego subi\u00f3 las dos canciones in\u00e9ditas a su canal oficial de YouTube<\/p>\n<\/div>\n<p>El m\u00fasico <strong>Carlos &#8220;Indio&#8221; Solari<\/strong> public\u00f3 dos temas in\u00e9ditos de la banda <strong>Patricio Rey y sus Redonditos de Ricota<\/strong>, <strong>&#8220;Quema el celo&#8221; <\/strong>y<strong> &#8220;Rock de las abejas&#8221;<\/strong>, grabados en las sesiones del disco &#8220;Luzbelito&#8221;, editado en 1996, que hab\u00edan quedado afuera del \u00e1lbum.<\/p>\n<p>Solari anunci\u00f3 la publicaci\u00f3n en sus redes sociales y luego subi\u00f3 las dos canciones in\u00e9ditas a su canal oficial de YouTube, sumando m\u00e1s de 4700 vistas en una hora.<\/p>\n<p> <iframe width=\"560\" height=\"315\" src=\"https:\/\/www.youtube.com\/embed\/tdv9i32BNGk?wmode=transparent&amp;showinfo=0&amp;autohide=1&amp;rel=0\" frameborder=\"0\" allowfullscreen>[embedded content]<\/iframe> <\/p>\n<p>&#8220;Quema el cielo&#8221; &#8211; Patricio Rey sus redonditos de ricota y La Metalera Mantequeira<\/p>\n<p>En 1995, Los Redondos se hab\u00edan instalado en Brasil para trabajar en <strong>&#8220;Luzbelito&#8221;<\/strong> y utilizaron canciones compuestas a\u00f1os o d\u00e9cadas atr\u00e1s y que, aunque nunca hab\u00edan llegado a ser grabadas, eran parte del repertorio de sus shows.<\/p>\n<p><strong>&#8220;Quema el celo&#8221;<\/strong> fue interpretada en un recital en 1982 y tambi\u00e9n en shows de 1988 y 1994, mientras que <strong>&#8220;Rock de las abejas&#8221;<\/strong> debut\u00f3 en 1986 y su \u00faltima interpretaci\u00f3n se dio en 1998.<\/p>\n<p> <iframe width=\"560\" height=\"315\" src=\"https:\/\/www.youtube.com\/embed\/6UgTWj3IEwQ?wmode=transparent&amp;showinfo=0&amp;autohide=1&amp;rel=0\" frameborder=\"0\" allowfullscreen>[embedded content]<\/iframe> <\/p>\n<p>&#8220;Rock de las abejas&#8221; &#8211; Patricio Rey y sus redonditos de ricota y La Metaleira Mantequeira<\/p>\n<p>Durante este a\u00f1o, Solari ya hab\u00eda comparti\u00f3 en redes material in\u00e9dito de Los Redondos: <strong>en marzo public\u00f3 un show en el Centro Municipal de Exposiciones filmado en 1992 y a mediados de septiembre difundi\u00f3 una de las primeras presentaciones de la banda en Montevideo, en 1989.<\/strong> <\/p>\n","protected":false},"excerpt":{"rendered":"<p>Solari anunci\u00f3 la publicaci\u00f3n en sus redes sociales y luego subi\u00f3 las dos canciones in\u00e9ditas a su canal oficial de YouTube El m\u00fasico Carlos &#8220;Indio&#8221; Solari public\u00f3 dos temas in\u00e9ditos de la banda Patricio Rey y sus Redonditos de Ricota, &#8220;Quema el celo&#8221; y &#8220;Rock de las abejas&#8221;, grabados en las sesiones del disco &#8220;Luzbelito&#8221;, [&hellip;]<\/p>\n","protected":false},"author":1,"featured_media":21024,"comment_status":"closed","ping_status":"closed","sticky":false,"template":"","format":"standard","meta":[],"categories":[20],"tags":[],"_links":{"self":[{"href":"http:\/\/cordobadirecto.com\/index.php\/wp-json\/wp\/v2\/posts\/21023"}],"collection":[{"href":"http:\/\/cordobadirecto.com\/index.php\/wp-json\/wp\/v2\/posts"}],"about":[{"href":"http:\/\/cordobadirecto.com\/index.php\/wp-json\/wp\/v2\/types\/post"}],"author":[{"embeddable":true,"href":"http:\/\/cordobadirecto.com\/index.php\/wp-json\/wp\/v2\/users\/1"}],"replies":[{"embeddable":true,"href":"http:\/\/cordobadirecto.com\/index.php\/wp-json\/wp\/v2\/comments?post=21023"}],"version-history":[{"count":0,"href":"http:\/\/cordobadirecto.com\/index.php\/wp-json\/wp\/v2\/posts\/21023\/revisions"}],"wp:featuredmedia":[{"embeddable":true,"href":"http:\/\/cordobadirecto.com\/index.php\/wp-json\/wp\/v2\/media\/21024"}],"wp:attachment":[{"href":"http:\/\/cordobadirecto.com\/index.php\/wp-json\/wp\/v2\/media?parent=21023"}],"wp:term":[{"taxonomy":"category","embeddable":true,"href":"http:\/\/cordobadirecto.com\/index.php\/wp-json\/wp\/v2\/categories?post=21023"},{"taxonomy":"post_tag","embeddable":true,"href":"http:\/\/cordobadirecto.com\/index.php\/wp-json\/wp\/v2\/tags?post=21023"}],"curies":[{"name":"wp","href":"https:\/\/api.w.org\/{rel}","templated":true}]}}