{"id":21067,"date":"2021-09-30T19:40:00","date_gmt":"2021-09-30T19:40:00","guid":{"rendered":"http:\/\/cordobadirecto.com\/index.php\/2021\/09\/30\/una-sospechosa-de-crimenes-nazis-de-96-anos-intento-huir-pero-fue-recapturada\/"},"modified":"2021-09-30T19:40:00","modified_gmt":"2021-09-30T19:40:00","slug":"una-sospechosa-de-crimenes-nazis-de-96-anos-intento-huir-pero-fue-recapturada","status":"publish","type":"post","link":"http:\/\/cordobadirecto.com\/index.php\/2021\/09\/30\/una-sospechosa-de-crimenes-nazis-de-96-anos-intento-huir-pero-fue-recapturada\/","title":{"rendered":"Una sospechosa de cr\u00edmenes nazis de 96 a\u00f1os intent\u00f3 huir pero fue recapturada"},"content":{"rendered":"<div class=\"image\" id=\"image\" readability=\"9\"> <img src=\"http:\/\/cordobadirecto.com\/wp-content\/uploads\/2021\/10\/una-sospechosa-de-crimenes-nazis-de-96-anos-intento-huir-pero-fue-recapturada.jpg\" alt=\"Irmgard Furchner iba a ser juzgada por el tribunal especial para j\u00f3venes de Itzeohe, porque en el momento de los hechos ten\u00eda entre 18 y 19 a\u00f1os.\" title=\"Irmgard Furchner iba a ser juzgada por el tribunal especial para j\u00f3venes de Itzeohe, porque en el momento de los hechos ten\u00eda entre 18 y 19 a\u00f1os.\"><\/p>\n<p>Irmgard Furchner iba a ser juzgada por el tribunal especial para j\u00f3venes de Itzeohe, porque en el momento de los hechos ten\u00eda entre 18 y 19 a\u00f1os.<\/p>\n<\/div>\n<p>Una exsecretaria de un campo de concentraci\u00f3n nazi de 96 a\u00f1os que iba a ser juzgada este jueves en Alemania se dio a la fuga antes de comparecer, pero fue encontrada pocas horas despu\u00e9s y puesta en prisi\u00f3n preventiva, inform\u00f3 este jueves la justicia.<\/p>\n<p>De esta forma el juicio contra Irmgard Furchner, juzgada por complicidad en el asesinato de m\u00e1s de 11.000 personas, se reanudar\u00e1 el 19 de octubre, dijo el tribunal de la localidad de Itzehoe en un comunicado.<\/p>\n<p>La justicia emiti\u00f3 una orden de detenci\u00f3n contra la acusada, luego de que la exsecretaria sali\u00f3 del asilo donde se encontraba con destino desconocido en lugar de dirigirse al tribunal.<\/p>\n<p><strong>&#8220;Tom\u00f3 un taxi&#8221;<\/strong>, dijo la vocera Frederike Milhoffer, al explicar que la acusada se dirigi\u00f3 a una estaci\u00f3n de subte en Norderstedt, en las afueras de la ciudad de Hamburgo.<\/p>\n<p>El abogado de la anciana, Wolf Molkentin, s\u00ed estaba presente en la sala, pero no hizo ninguna declaraci\u00f3n.<\/p>\n<p>La Fiscal\u00eda acusa a la mujer, que se desempe\u00f1\u00f3 como <strong>taqu\u00edgrafa y mecan\u00f3grafa en la oficina del comandante del campo de concentraci\u00f3n de Stutthof <\/strong>(cerca de la ciudad polaca de Gdansk), de ayudar a los responsables del campo en el asesinato sistem\u00e1tico de m\u00e1s de 11.000 prisioneros entre junio de 1943 y abril de 1945.<\/p>\n<p>M\u00e1s de 50 periodistas y asistentes, as\u00ed como 12 representantes de los 30 demandantes, los abogados defensores y otras personas implicadas en el juicio esperaban en la sala de vistas instalada en una nave industrial.<\/p>\n<p>Estaba previsto que el juicio comenzara con la lectura del acta de acusaci\u00f3n.<\/p>\n<blockquote readability=\"6\">\n<p>La Fiscal\u00eda acusa a la mujer de ayudar a los responsables del campo en el asesinato sistem\u00e1tico de m\u00e1s de 11.000 prisioneros entre junio de 1943 y abril de 1945<span class=\"comilla\">\u201d<\/span><\/p>\n<\/blockquote>\n<p>Seg\u00fan la Oficina Central encargada de la investigaci\u00f3n de los cr\u00edmenes nazis, unas 65.000 personas murieron en el campo de concentraci\u00f3n alem\u00e1n de Stutthof y sus instalaciones aleda\u00f1as, as\u00ed como en las llamadas marchas de la muerte organizadas all\u00ed al final de la Segunda Guerra Mundial.<\/p>\n<p>Furchner ten\u00eda en el momento de los hechos entre 18 y 19 a\u00f1os y por ello iba a ser juzgada por el tribunal especial para j\u00f3venes de Itzeohe.<\/p>\n<p>En la actualidad, <strong>vive en una residencia de ancianos de Hamburgo<\/strong>.<\/p>\n<p>Este juicio preceder\u00e1 al de un centenario, un exguardia del campo de concentraci\u00f3n nazi de Sachsenhausen, cerca de Berl\u00edn, que comenzar\u00e1 dentro de una semana. <\/p>\n","protected":false},"excerpt":{"rendered":"<p>Irmgard Furchner iba a ser juzgada por el tribunal especial para j\u00f3venes de Itzeohe, porque en el momento de los hechos ten\u00eda entre 18 y 19 a\u00f1os. Una exsecretaria de un campo de concentraci\u00f3n nazi de 96 a\u00f1os que iba a ser juzgada este jueves en Alemania se dio a la fuga antes de comparecer, [&hellip;]<\/p>\n","protected":false},"author":1,"featured_media":21068,"comment_status":"closed","ping_status":"closed","sticky":false,"template":"","format":"standard","meta":[],"categories":[24],"tags":[],"_links":{"self":[{"href":"http:\/\/cordobadirecto.com\/index.php\/wp-json\/wp\/v2\/posts\/21067"}],"collection":[{"href":"http:\/\/cordobadirecto.com\/index.php\/wp-json\/wp\/v2\/posts"}],"about":[{"href":"http:\/\/cordobadirecto.com\/index.php\/wp-json\/wp\/v2\/types\/post"}],"author":[{"embeddable":true,"href":"http:\/\/cordobadirecto.com\/index.php\/wp-json\/wp\/v2\/users\/1"}],"replies":[{"embeddable":true,"href":"http:\/\/cordobadirecto.com\/index.php\/wp-json\/wp\/v2\/comments?post=21067"}],"version-history":[{"count":0,"href":"http:\/\/cordobadirecto.com\/index.php\/wp-json\/wp\/v2\/posts\/21067\/revisions"}],"wp:featuredmedia":[{"embeddable":true,"href":"http:\/\/cordobadirecto.com\/index.php\/wp-json\/wp\/v2\/media\/21068"}],"wp:attachment":[{"href":"http:\/\/cordobadirecto.com\/index.php\/wp-json\/wp\/v2\/media?parent=21067"}],"wp:term":[{"taxonomy":"category","embeddable":true,"href":"http:\/\/cordobadirecto.com\/index.php\/wp-json\/wp\/v2\/categories?post=21067"},{"taxonomy":"post_tag","embeddable":true,"href":"http:\/\/cordobadirecto.com\/index.php\/wp-json\/wp\/v2\/tags?post=21067"}],"curies":[{"name":"wp","href":"https:\/\/api.w.org\/{rel}","templated":true}]}}