{"id":21069,"date":"2021-09-30T22:30:00","date_gmt":"2021-09-30T22:30:00","guid":{"rendered":"http:\/\/cordobadirecto.com\/index.php\/2021\/09\/30\/el-sector-de-la-salud-en-un-nuevo-taller-por-la-matriz-productiva-2030-prensa-cba\/"},"modified":"2021-09-30T22:30:00","modified_gmt":"2021-09-30T22:30:00","slug":"el-sector-de-la-salud-en-un-nuevo-taller-por-la-matriz-productiva-2030-prensa-cba","status":"publish","type":"post","link":"http:\/\/cordobadirecto.com\/index.php\/2021\/09\/30\/el-sector-de-la-salud-en-un-nuevo-taller-por-la-matriz-productiva-2030-prensa-cba\/","title":{"rendered":"El sector de la salud, en un <b>nuevo<\/b> taller por la matriz productiva 2030 &#8211; Prensa Cba"},"content":{"rendered":"<p>La industria de la salud es uno de los sectores industriales estrat\u00e9gicos de la <b>econom\u00eda<\/b> provincial, colocando a <b>C\u00f3rdoba<\/b> como la segunda provincia que&nbsp;&#8230; <\/p>\n","protected":false},"excerpt":{"rendered":"<p>La industria de la salud es uno de los sectores industriales estrat\u00e9gicos de la econom\u00eda provincial, colocando a C\u00f3rdoba como la segunda provincia que&nbsp;&#8230;<\/p>\n","protected":false},"author":1,"featured_media":0,"comment_status":"closed","ping_status":"closed","sticky":false,"template":"","format":"standard","meta":[],"categories":[40],"tags":[],"_links":{"self":[{"href":"http:\/\/cordobadirecto.com\/index.php\/wp-json\/wp\/v2\/posts\/21069"}],"collection":[{"href":"http:\/\/cordobadirecto.com\/index.php\/wp-json\/wp\/v2\/posts"}],"about":[{"href":"http:\/\/cordobadirecto.com\/index.php\/wp-json\/wp\/v2\/types\/post"}],"author":[{"embeddable":true,"href":"http:\/\/cordobadirecto.com\/index.php\/wp-json\/wp\/v2\/users\/1"}],"replies":[{"embeddable":true,"href":"http:\/\/cordobadirecto.com\/index.php\/wp-json\/wp\/v2\/comments?post=21069"}],"version-history":[{"count":0,"href":"http:\/\/cordobadirecto.com\/index.php\/wp-json\/wp\/v2\/posts\/21069\/revisions"}],"wp:attachment":[{"href":"http:\/\/cordobadirecto.com\/index.php\/wp-json\/wp\/v2\/media?parent=21069"}],"wp:term":[{"taxonomy":"category","embeddable":true,"href":"http:\/\/cordobadirecto.com\/index.php\/wp-json\/wp\/v2\/categories?post=21069"},{"taxonomy":"post_tag","embeddable":true,"href":"http:\/\/cordobadirecto.com\/index.php\/wp-json\/wp\/v2\/tags?post=21069"}],"curies":[{"name":"wp","href":"https:\/\/api.w.org\/{rel}","templated":true}]}}