{"id":21071,"date":"2021-09-30T17:10:13","date_gmt":"2021-09-30T17:10:13","guid":{"rendered":"https:\/\/cordoba.gob.ar\/?p=13957"},"modified":"2021-09-30T17:10:13","modified_gmt":"2021-09-30T17:10:13","slug":"llaryora-inauguro-el-cuarto-centro-operativo-de-la-ciudad","status":"publish","type":"post","link":"http:\/\/cordobadirecto.com\/index.php\/2021\/09\/30\/llaryora-inauguro-el-cuarto-centro-operativo-de-la-ciudad\/","title":{"rendered":"Llaryora inaugur\u00f3 el cuarto Centro Operativo de la ciudad"},"content":{"rendered":"<div><img src=\"http:\/\/cordobadirecto.com\/wp-content\/uploads\/2021\/10\/llaryora-inauguro-el-cuarto-centro-operativo-de-la-ciudad.jpg\" class=\"ff-og-image-inserted\"><\/div>\n<ul>\n<li><strong>Llevar\u00e1 soluciones a los 28 barrios bajo jurisdicci\u00f3n del CPC Pueyrred\u00f3n.<\/strong><\/li>\n<\/ul>\n<hr>\n<p>Al igual que los tres Centros Operativos que ya est\u00e1n en funcionamiento, realizar\u00e1 la reparaci\u00f3n de luminarias, limpieza de basurales, poda y diversas tareas de mantenimiento.<\/p>\n<p>El intendente Mart\u00edn Llaryora inaugur\u00f3 este jueves el cuarto Centro Operativo de la ciudad, el cual depender\u00e1 del Centro de Participaci\u00f3n Comunal Pueyrred\u00f3n y atender\u00e1 reclamos de vecinos de los 28 barrios que componen su jurisdicci\u00f3n.<\/p>\n<p>Esta nueva base de operaciones est\u00e1 ubicada en el sector este de la ciudad, en la calle Suipacha 1129 de barrio Pueyrred\u00f3n.<\/p>\n<p>Su puesta en marcha es parte del proceso de descentralizaci\u00f3n y desconcentraci\u00f3n operativa que la actual gesti\u00f3n municipal impulsa luego de m\u00e1s de 25 a\u00f1os sin avances en esa materia tras la creaci\u00f3n de los Centros de Participaci\u00f3n Comunal.<\/p>\n<p>Al igual que los Centros Operativos de Empalme, Chalet San Felipe y Ruta 20, inaugurados recientemente, esta nueva base de operaciones est\u00e1 dotada de herramientas y maquinarias para la atenci\u00f3n r\u00e1pida y \u00e1gil a las necesidades de los vecinos.<\/p>\n<p><em>\u201cEsta era una deuda pendiente del Municipio, parece incre\u00edble, pero pasaron 25 a\u00f1os hasta que finalmente estamos avanzando con la descentralizaci\u00f3n operativa, que no es otra cosa que posibilidad concreta por parte del Municipio de mejorar la calidad de vida de todos nuestros vecinos\u201d<\/em>, explic\u00f3 Llaryora.<\/p>\n<p>El intendente resalt\u00f3 la decisi\u00f3n pol\u00edtica de avanzar en un proyecto clave para mejorar la postergada infraestructura de los barrios. <em>\u201cTuvimos el coraje, somos hacedores, estamos gestionando la ciudad a favor de los vecinos\u201d<\/em>, agreg\u00f3 el intendente.<\/p>\n<p>Los Centros Operativos estar\u00e1n distribuidos en toda la ciudad, con una inversi\u00f3n total en maquinarias, camiones y herramientas de $ 415 millones.<\/p>\n<p>Las cuadrillas de este nuevo Centro Operativo Pueyrred\u00f3n ejecutar\u00e1n trabajos de reparaci\u00f3n de luminarias; limpieza de micro basurales; poda baja y alta; mantenimiento de espacios verdes secundarios y canteros centrales de arterias principales; reparaci\u00f3n y pintura de cordones cuneta, ciclov\u00edas, rampas de discapacitados; control y retiro de carteler\u00eda irregular; alba\u00f1iler\u00eda general en espacios y edificios p\u00fablicos; mantenimiento de calles de tierra y bacheo a peque\u00f1a escala.<\/p>\n<p><em>\u201dCon el intendente definimos un plan, nada de esto es casualidad, hay decisi\u00f3n pol\u00edtica y todos los d\u00edas vamos dando un nuevo paso para la ejecuci\u00f3n del mismo\u201d<\/em>, resalt\u00f3 a su turno el secretario de Participaci\u00f3n Ciudadana, Juan Domingo Viola.<\/p>\n<p>Cada Centro Operativo est\u00e1 equipado con hormigoneras, motosierras, carretillas, desmalezadoras, hidrolavadora, sopladoras, soldadoras el\u00e9ctrica, m\u00e1quinas pinta cordones, cortadora de cemento, generador de corriente y grupo electr\u00f3geno, rastrillos con rienda, palas anchas, palas de punta, barredores industriales, fajas lumbares, escaleras, guantes de seguridad, guantes descartables, esp\u00e1tulas industriales, machetes desmalezadoras, protectores faciales transparentes con arn\u00e9s, tanza, delantales largos de protecci\u00f3n, bidones para combustible, kit de seguridad COVID-19 y carretillas.<\/p>\n<p>El viceintendente, Daniel Passerini, celebr\u00f3 la inauguraci\u00f3n del cuarto Centro Operativo de la ciudad y record\u00f3 que <em>\u201cpasaron 25 a\u00f1os de intendentes que se dedicaron a pelearse con el gobierno provincial, a darle la espalda a la realidad, a no hacer las obras y a todos los d\u00edas buscar excusas. Hoy hay un gobierno que escucha a la gente, un Estado presente, que trabaja con la comunidad y que en vez de dar explicaciones da las soluciones que la gente necesita\u201d.<\/em><\/p>\n<p>La sede de este nuevo Centro Operativo tiene una superficie de mil metros cuadrados donde habr\u00e1 oficinas para la recepci\u00f3n de consultas y reclamos que funcionar\u00e1n de lunes a viernes de 8 a 14 hs., mientras que las cuadrillas lo har\u00e1n 8 a 20 hs.<\/p>\n<p>Adem\u00e1s, el nuevo CO albergara oficinas de Obras y Servicios P\u00fablicos e Inspecci\u00f3n General.<\/p>\n<p>Bernardo Berbotto, director del Centro de Participaci\u00f3n Comunal Pueyrred\u00f3n, destac\u00f3 que el nuevo Centro Operativo permitir\u00e1 dar soluciones concretas <em>\u201ca m\u00e1s de 80 mil ciudadanos de la ciudad, son ellos los protagonistas de cada cambio y podemos mirarnos cara a cara y porque creemos que esta es la manera de cambiar la ciudad, una ciudad m\u00e1s inclusiva, comunitaria y sincera con sus vecinos\u201d.<\/em><\/p>\n<p>El Centro Operativo Pueyrred\u00f3n trabajar\u00e1 en los siguientes barrios: Ampliaci\u00f3n Palmar, Ampliaci\u00f3n Pueyrred\u00f3n, Bajada de Piedra, Bajo General Paz, Chacra de la Merced, Ciudad Mi Esperanza, General Paz, General Pueyrred\u00f3n, Hogar Propio (Alto Gral Paz), Juniors, La Floresta, La Floresta Norte, Los Pinos, Nuestro Hogar II, Palmar, Parque del Este, Patria, Villa Claudina, Villa La Merced, Yapey\u00fa, Yofre I, Yofre Sud, Zepa A, Zepa B, Parque 9 de Julio, Costa Canal, Yapey\u00fa Anexo y Barranca Yaco.<\/p>\n<p>Tom\u00e1s G\u00f3mez, presidente del Centro Vecinal de barrio Pueyrred\u00f3n, destac\u00f3 el trabajo de la Municipalidad de C\u00f3rdoba y <em>\u201cla presencia de los funcionarios municipales en la calle, que recorren los barrios para ver cu\u00e1les son las mejoras que las vecinas y vecinos est\u00e1n demandando\u201d.<\/em><\/p>\n","protected":false},"excerpt":{"rendered":"<p>Llevar\u00e1 soluciones a los 28 barrios bajo jurisdicci\u00f3n del CPC Pueyrred\u00f3n. Al igual que los tres Centros Operativos que ya est\u00e1n en funcionamiento, realizar\u00e1 la reparaci\u00f3n de luminarias, limpieza de basurales, poda y diversas tareas de mantenimiento. El intendente Mart\u00edn Llaryora inaugur\u00f3 este jueves el cuarto Centro Operativo de la ciudad, el cual depender\u00e1 del [&hellip;]<\/p>\n","protected":false},"author":1,"featured_media":21072,"comment_status":"closed","ping_status":"closed","sticky":false,"template":"","format":"standard","meta":[],"categories":[44],"tags":[],"_links":{"self":[{"href":"http:\/\/cordobadirecto.com\/index.php\/wp-json\/wp\/v2\/posts\/21071"}],"collection":[{"href":"http:\/\/cordobadirecto.com\/index.php\/wp-json\/wp\/v2\/posts"}],"about":[{"href":"http:\/\/cordobadirecto.com\/index.php\/wp-json\/wp\/v2\/types\/post"}],"author":[{"embeddable":true,"href":"http:\/\/cordobadirecto.com\/index.php\/wp-json\/wp\/v2\/users\/1"}],"replies":[{"embeddable":true,"href":"http:\/\/cordobadirecto.com\/index.php\/wp-json\/wp\/v2\/comments?post=21071"}],"version-history":[{"count":0,"href":"http:\/\/cordobadirecto.com\/index.php\/wp-json\/wp\/v2\/posts\/21071\/revisions"}],"wp:featuredmedia":[{"embeddable":true,"href":"http:\/\/cordobadirecto.com\/index.php\/wp-json\/wp\/v2\/media\/21072"}],"wp:attachment":[{"href":"http:\/\/cordobadirecto.com\/index.php\/wp-json\/wp\/v2\/media?parent=21071"}],"wp:term":[{"taxonomy":"category","embeddable":true,"href":"http:\/\/cordobadirecto.com\/index.php\/wp-json\/wp\/v2\/categories?post=21071"},{"taxonomy":"post_tag","embeddable":true,"href":"http:\/\/cordobadirecto.com\/index.php\/wp-json\/wp\/v2\/tags?post=21071"}],"curies":[{"name":"wp","href":"https:\/\/api.w.org\/{rel}","templated":true}]}}