{"id":21073,"date":"2021-09-30T17:09:51","date_gmt":"2021-09-30T17:09:51","guid":{"rendered":"https:\/\/cordoba.gob.ar\/?p=13951"},"modified":"2021-09-30T17:09:51","modified_gmt":"2021-09-30T17:09:51","slug":"inauguran-un-mural-sobre-diversidad-inclusion-y-convivencia","status":"publish","type":"post","link":"http:\/\/cordobadirecto.com\/index.php\/2021\/09\/30\/inauguran-un-mural-sobre-diversidad-inclusion-y-convivencia\/","title":{"rendered":"Inauguran un mural sobre diversidad, inclusi\u00f3n y convivencia"},"content":{"rendered":"<div><img src=\"http:\/\/cordobadirecto.com\/wp-content\/uploads\/2021\/10\/inauguran-un-mural-sobre-diversidad-inclusion-y-convivencia.jpg\" class=\"ff-og-image-inserted\"><\/div>\n<ul>\n<li><strong>60 talleristas realizaron una obra de arte urbana a cielo abierto en barrio Alto Alberdi.<\/strong><\/li>\n<\/ul>\n<hr>\n<p>El equipo de Talleres Art\u00edsticos y Recreativos pertenecientes a la Direcci\u00f3n de Protecci\u00f3n de Derechos, Participaci\u00f3n e Inclusi\u00f3n de las Personas con Discapacidad de la Municipalidad de C\u00f3rdoba present\u00f3 el final de la intervenci\u00f3n art\u00edstica realizada en la plazoleta de calle Luis de Azpeit\u00eda esquina V\u00e9lez, de barrio Alto Alberdi.<\/p>\n<p>Acompa\u00f1ados por profesoras de los talleres, 60 alumnos con discapacidad realizaron una pintura de arte urbana a cielo abierto, junto a la artista Sabrina Mangini y cuya tem\u00e1tica aborda la diversidad, la inclusi\u00f3n y la convivencia.<\/p>\n<p>La propuesta no solo apunta a embellecer la ciudad, sino que, a trav\u00e9s de un arte con enfoque diverso y participativo, representar la identidad del grupo, comunicar, y educar y hacer sentir al otro de manera integrada.<\/p>\n<p>El mural describe lo que debe ser reflejo del mundo real para no dejar a nadie afuera.<\/p>\n","protected":false},"excerpt":{"rendered":"<p>60 talleristas realizaron una obra de arte urbana a cielo abierto en barrio Alto Alberdi. El equipo de Talleres Art\u00edsticos y Recreativos pertenecientes a la Direcci\u00f3n de Protecci\u00f3n de Derechos, Participaci\u00f3n e Inclusi\u00f3n de las Personas con Discapacidad de la Municipalidad de C\u00f3rdoba present\u00f3 el final de la intervenci\u00f3n art\u00edstica realizada en la plazoleta de [&hellip;]<\/p>\n","protected":false},"author":1,"featured_media":21074,"comment_status":"closed","ping_status":"closed","sticky":false,"template":"","format":"standard","meta":[],"categories":[44],"tags":[],"_links":{"self":[{"href":"http:\/\/cordobadirecto.com\/index.php\/wp-json\/wp\/v2\/posts\/21073"}],"collection":[{"href":"http:\/\/cordobadirecto.com\/index.php\/wp-json\/wp\/v2\/posts"}],"about":[{"href":"http:\/\/cordobadirecto.com\/index.php\/wp-json\/wp\/v2\/types\/post"}],"author":[{"embeddable":true,"href":"http:\/\/cordobadirecto.com\/index.php\/wp-json\/wp\/v2\/users\/1"}],"replies":[{"embeddable":true,"href":"http:\/\/cordobadirecto.com\/index.php\/wp-json\/wp\/v2\/comments?post=21073"}],"version-history":[{"count":0,"href":"http:\/\/cordobadirecto.com\/index.php\/wp-json\/wp\/v2\/posts\/21073\/revisions"}],"wp:featuredmedia":[{"embeddable":true,"href":"http:\/\/cordobadirecto.com\/index.php\/wp-json\/wp\/v2\/media\/21074"}],"wp:attachment":[{"href":"http:\/\/cordobadirecto.com\/index.php\/wp-json\/wp\/v2\/media?parent=21073"}],"wp:term":[{"taxonomy":"category","embeddable":true,"href":"http:\/\/cordobadirecto.com\/index.php\/wp-json\/wp\/v2\/categories?post=21073"},{"taxonomy":"post_tag","embeddable":true,"href":"http:\/\/cordobadirecto.com\/index.php\/wp-json\/wp\/v2\/tags?post=21073"}],"curies":[{"name":"wp","href":"https:\/\/api.w.org\/{rel}","templated":true}]}}