{"id":21079,"date":"2021-10-01T18:39:20","date_gmt":"2021-10-01T18:39:20","guid":{"rendered":"http:\/\/cordobadirecto.com\/index.php\/2021\/10\/01\/inicia-la-feria-de-cooperativas-en-la-supermanzana-de-la-plaza-de-la-intendencia\/"},"modified":"2021-10-01T18:39:20","modified_gmt":"2021-10-01T18:39:20","slug":"inicia-la-feria-de-cooperativas-en-la-supermanzana-de-la-plaza-de-la-intendencia","status":"publish","type":"post","link":"http:\/\/cordobadirecto.com\/index.php\/2021\/10\/01\/inicia-la-feria-de-cooperativas-en-la-supermanzana-de-la-plaza-de-la-intendencia\/","title":{"rendered":"Inicia la Feria de Cooperativas en la supermanzana de la plaza de la Intendencia"},"content":{"rendered":"<p>La iniciativa es desarrollada a trav\u00e9s de un convenio de cooperaci\u00f3n entre la Municipalidad de <b>C\u00f3rdoba<\/b> y el Ministerio de Industria, Comercio y Miner\u00eda, en el&nbsp;&#8230; <\/p>\n","protected":false},"excerpt":{"rendered":"<p>La iniciativa es desarrollada a trav\u00e9s de un convenio de cooperaci\u00f3n entre la Municipalidad de C\u00f3rdoba y el Ministerio de Industria, Comercio y Miner\u00eda, en el&nbsp;&#8230;<\/p>\n","protected":false},"author":1,"featured_media":0,"comment_status":"closed","ping_status":"closed","sticky":false,"template":"","format":"standard","meta":[],"categories":[40],"tags":[],"_links":{"self":[{"href":"http:\/\/cordobadirecto.com\/index.php\/wp-json\/wp\/v2\/posts\/21079"}],"collection":[{"href":"http:\/\/cordobadirecto.com\/index.php\/wp-json\/wp\/v2\/posts"}],"about":[{"href":"http:\/\/cordobadirecto.com\/index.php\/wp-json\/wp\/v2\/types\/post"}],"author":[{"embeddable":true,"href":"http:\/\/cordobadirecto.com\/index.php\/wp-json\/wp\/v2\/users\/1"}],"replies":[{"embeddable":true,"href":"http:\/\/cordobadirecto.com\/index.php\/wp-json\/wp\/v2\/comments?post=21079"}],"version-history":[{"count":0,"href":"http:\/\/cordobadirecto.com\/index.php\/wp-json\/wp\/v2\/posts\/21079\/revisions"}],"wp:attachment":[{"href":"http:\/\/cordobadirecto.com\/index.php\/wp-json\/wp\/v2\/media?parent=21079"}],"wp:term":[{"taxonomy":"category","embeddable":true,"href":"http:\/\/cordobadirecto.com\/index.php\/wp-json\/wp\/v2\/categories?post=21079"},{"taxonomy":"post_tag","embeddable":true,"href":"http:\/\/cordobadirecto.com\/index.php\/wp-json\/wp\/v2\/tags?post=21079"}],"curies":[{"name":"wp","href":"https:\/\/api.w.org\/{rel}","templated":true}]}}