{"id":2117,"date":"2021-02-24T09:48:00","date_gmt":"2021-02-24T09:48:00","guid":{"rendered":"https:\/\/lmdiario.com.ar\/contenido\/275927\/la-feria-internacional-de-artesanias-confirmo-su-realizacion-en-forja"},"modified":"2021-02-24T09:48:00","modified_gmt":"2021-02-24T09:48:00","slug":"la-feria-internacional-de-artesanias-confirmo-su-realizacion-en-forja","status":"publish","type":"post","link":"http:\/\/cordobadirecto.com\/index.php\/2021\/02\/24\/la-feria-internacional-de-artesanias-confirmo-su-realizacion-en-forja\/","title":{"rendered":"La Feria Internacional de Artesan\u00edas confirm\u00f3 su realizaci\u00f3n en Forja"},"content":{"rendered":"<div readability=\"33\"> <img alt=\"feria de las artesanias 2\" class=\"img-responsive\" height=\"666\" loading=\"lazy\" sizes=\"auto\" src=\"http:\/\/cordobadirecto.com\/wp-content\/uploads\/2021\/02\/la-feria-internacional-de-artesanias-confirmo-su-realizacion-en-forja.jpg\" srcset=\"http:\/\/cordobadirecto.com\/wp-content\/uploads\/2021\/02\/la-feria-internacional-de-artesanias-confirmo-su-realizacion-en-forja.jpg 999w, http:\/\/cordobadirecto.com\/wp-content\/uploads\/2021\/02\/la-feria-internacional-de-artesanias-confirmo-su-realizacion-en-forja-2.jpg 400w\" width=\"999\"> <\/p>\n<p> <span>El encuentro tendr\u00e1 lugar del 26 de marzo al 4 de abril de 2021 en el complejo Forja.<\/span> <span>Foto: gentileza.<\/span> <\/p>\n<\/p><\/div>\n<div readability=\"135.00081632653\">\n<p><strong>La 38\u00b0 edici\u00f3n de la Feria Internacional de Artesan\u00edas, que debi\u00f3 ser suspendida el a\u00f1o pasado por la pandemia, confirm\u00f3 su realizaci\u00f3n para la pr\u00f3xima Semana Santa <\/strong>y en esta oportunidad se llevar\u00e1 a cabo <strong>por primera vez en Forja Centro de Eventos<\/strong> con un estricto cumplimiento de todos los protocolos de prevenci\u00f3n requeridos para recibir al p\u00fablico y garantizar su seguridad.&nbsp;<\/p>\n<p>La tradicional feria que hasta la \u00faltima edici\u00f3n se desarrollaba en el Complejo Ferial C\u00f3rdoba <strong>debi\u00f3 cambiar la sede porque dicho establecimiento actualmente funciona como polo sanitario y centro de vacunaci\u00f3n de Covid-19.<\/strong><\/p>\n<p>En esta ocasi\u00f3n, el encuentro que tendr\u00e1 lugar del <strong>26 de marzo al 4 de abril de 2021, logr\u00f3 el aval del Gobierno provincial y municipal de C\u00f3rdoba <\/strong>para su concreci\u00f3n, con todas las medidas de prevenci\u00f3n requeridas para que los visitantes puedan disfrutar del paseo tur\u00edstico, comercial y cultural m\u00e1s importante del interior del pa\u00eds.<\/p>\n<p>&#8220;La Feria Internacional de Artesan\u00edas es el evento m\u00e1s importante de la Semana Santa de C\u00f3rdoba y el p\u00fablico merece poder volver a disfrutarla con la misma seguridad y libertad con la que recorre shoppings, teatros y cines, entre otros espacios&#8221;, coment\u00f3 <strong>Ernesto Halac, director de Modus,<\/strong> empresa organizadora de la Feria.<\/p>\n<p>En total ser\u00e1n alrededor de <strong>700 stands, dentro de los cuales habr\u00e1 m\u00e1s de 250 artesanos de todas las provincias del pa\u00eds, m\u00e1s de 200 expositores en el espacio urbano y otros m\u00e1s de 200 en el sector comercial, <\/strong>lo que conformar\u00e1 un recorrido \u00fanico e imperdible para todos los gustos y edades.&nbsp;<\/p>\n<p>&#8220;Nuestros artesanos expositores est\u00e1n ansiosos por volver a presentar sus producciones nuevas y de gran calidad a los visitantes de la feria y nosotros estamos felices de poder brindarles esta oportunidad&#8221;, coment\u00f3 Halac.<\/p>\n<p>En este marco, el directivo remarc\u00f3 que <strong>&#8220;ya est\u00e1 abierta la convocatoria para los artesanos as\u00ed como tambi\u00e9n para los expositores del espacio urbano y comercial que deseen participar del evento&#8221;.<\/strong><\/p>\n<p>Como siempre, en este paseo, el p\u00fablico podr\u00e1 adquirir objetos valiosos, aut\u00e9nticos y con la impronta art\u00edstica de los mejores artesanos del territorio argentino, siendo cada artesan\u00eda una interpretaci\u00f3n individual o grupal del patrimonio cultural de quien las produce. Habr\u00e1 trabajos realizados con todas las t\u00e9cnicas a las que tiene acostumbrado este circuito, como talabarter\u00eda, cester\u00eda, cer\u00e1mica, vitrofusi\u00f3n, metal, papel mach\u00e9, piedra, cuero, tela, tejido, cuerda, crochet, pieles, filigrana, hierro forjado, asta y hueso, batik, esmalte y mosaico, entre otros.<\/p>\n<p><img alt=\"feriade las artesanias cba\" class=\"img-responsive\" height=\"666\" loading=\"lazy\" sizes=\"auto\" src=\"http:\/\/cordobadirecto.com\/wp-content\/uploads\/2021\/02\/la-feria-internacional-de-artesanias-confirmo-su-realizacion-en-forja-1.jpg\" srcset=\"http:\/\/cordobadirecto.com\/wp-content\/uploads\/2021\/02\/la-feria-internacional-de-artesanias-confirmo-su-realizacion-en-forja-1.jpg 999w, http:\/\/cordobadirecto.com\/wp-content\/uploads\/2021\/02\/la-feria-internacional-de-artesanias-confirmo-su-realizacion-en-forja-3.jpg 400w\" width=\"999\"><\/p>\n<p>Por su parte, el sector urbano reunir\u00e1 productos novedosos e innovadores en cuanto a dise\u00f1o y originalidad, como indumentaria, objetos de decoraci\u00f3n, accesorios, curiosidades y mobiliario, entre otros; mientras que el tradicional sector comercial tentar\u00e1 a los presentes con oportunidades gastron\u00f3micas regionales, tendencias, ropa y juguetes, entre otros.<\/p>\n<p><strong>El predio estar\u00e1 abierto al p\u00fablico de 15 a 22 horas, con excepci\u00f3n del viernes santo cuyo horario se extender\u00e1 desde las 13 hasta las 22 horas. El valor de la entrada general ser\u00e1 de $200 y los estudiantes y jubilados tendr\u00e1n un precio especial de $150 (lunes 28, martes 29, mi\u00e9rcoles 30). Y menores de 8 a\u00f1os no pagan.&nbsp;<\/strong><\/p>\n<p>Las entradas a la feria as\u00ed como una gran mayor\u00eda de las artesan\u00edas y productos podr\u00e1n abonarse con tarjeta de cr\u00e9dito y d\u00e9bito.<\/p>\n<p>Para participar de la feria, los expositores podr\u00e1n solicitar informaci\u00f3n a trav\u00e9s de la p\u00e1gina web: <a href=\"http:\/\/feriadelasartesanias.com.ar\" rel=\"noopener\" target=\"_blank\">feriadelasartesanias.com.ar<\/a>, &nbsp;Facebook: @FeriaInternacionalDeArtesanias; &nbsp;Instagram: @feriadeartesaniascba &nbsp;y\/o v\u00eda whatsapp al: 351-6144663.<\/p>\n<\/p><\/div>\n","protected":false},"excerpt":{"rendered":"<p>El encuentro tendr\u00e1 lugar del 26 de marzo al 4 de abril de 2021 en el complejo Forja. Foto: gentileza. La 38\u00b0 edici\u00f3n de la Feria Internacional de Artesan\u00edas, que debi\u00f3 ser suspendida el a\u00f1o pasado por la pandemia, confirm\u00f3 su realizaci\u00f3n para la pr\u00f3xima Semana Santa y en esta oportunidad se llevar\u00e1 a cabo [&hellip;]<\/p>\n","protected":false},"author":1,"featured_media":2118,"comment_status":"closed","ping_status":"closed","sticky":false,"template":"","format":"standard","meta":[],"categories":[20],"tags":[],"_links":{"self":[{"href":"http:\/\/cordobadirecto.com\/index.php\/wp-json\/wp\/v2\/posts\/2117"}],"collection":[{"href":"http:\/\/cordobadirecto.com\/index.php\/wp-json\/wp\/v2\/posts"}],"about":[{"href":"http:\/\/cordobadirecto.com\/index.php\/wp-json\/wp\/v2\/types\/post"}],"author":[{"embeddable":true,"href":"http:\/\/cordobadirecto.com\/index.php\/wp-json\/wp\/v2\/users\/1"}],"replies":[{"embeddable":true,"href":"http:\/\/cordobadirecto.com\/index.php\/wp-json\/wp\/v2\/comments?post=2117"}],"version-history":[{"count":0,"href":"http:\/\/cordobadirecto.com\/index.php\/wp-json\/wp\/v2\/posts\/2117\/revisions"}],"wp:featuredmedia":[{"embeddable":true,"href":"http:\/\/cordobadirecto.com\/index.php\/wp-json\/wp\/v2\/media\/2118"}],"wp:attachment":[{"href":"http:\/\/cordobadirecto.com\/index.php\/wp-json\/wp\/v2\/media?parent=2117"}],"wp:term":[{"taxonomy":"category","embeddable":true,"href":"http:\/\/cordobadirecto.com\/index.php\/wp-json\/wp\/v2\/categories?post=2117"},{"taxonomy":"post_tag","embeddable":true,"href":"http:\/\/cordobadirecto.com\/index.php\/wp-json\/wp\/v2\/tags?post=2117"}],"curies":[{"name":"wp","href":"https:\/\/api.w.org\/{rel}","templated":true}]}}