{"id":2123,"date":"2021-02-25T03:32:05","date_gmt":"2021-02-25T03:32:05","guid":{"rendered":"https:\/\/lmdiario.com.ar\/contenido\/250384\/en-cordoba-las-ventas-minoristas-cayeron-un-132-durante-septiembre"},"modified":"2021-02-25T03:32:05","modified_gmt":"2021-02-25T03:32:05","slug":"en-cordoba-las-ventas-minoristas-cayeron-un-132-durante-septiembre","status":"publish","type":"post","link":"http:\/\/cordobadirecto.com\/index.php\/2021\/02\/25\/en-cordoba-las-ventas-minoristas-cayeron-un-132-durante-septiembre\/","title":{"rendered":"En C\u00f3rdoba, las ventas minoristas cayeron un 13,2% durante septiembre"},"content":{"rendered":"<div readability=\"34\"> <img alt=\"CovidCba Comercio \u00a9 2020 Javier Imaz_055\" class=\"img-responsive\" height=\"800\" loading=\"lazy\" sizes=\"auto\" src=\"http:\/\/cordobadirecto.com\/wp-content\/uploads\/2021\/02\/en-cordoba-las-ventas-minoristas-cayeron-un-132-durante-septiembre.jpg\" srcset=\"http:\/\/cordobadirecto.com\/wp-content\/uploads\/2021\/02\/en-cordoba-las-ventas-minoristas-cayeron-un-132-durante-septiembre.jpg 1200w, http:\/\/cordobadirecto.com\/wp-content\/uploads\/2021\/02\/en-cordoba-las-ventas-minoristas-cayeron-un-132-durante-septiembre-1.jpg 400w\" width=\"1200\"> <\/p>\n<p> <span>La retracci\u00f3n interanual todav\u00eda es muy superior a las registradas en los meses pre pandemia, sostuvo Fedecom.<\/span> <span>Foto: Javier Imaz \/ LNM.<\/span> <\/p>\n<\/p><\/div>\n<div readability=\"108.27401454267\">\n<p>Las<strong> ventas minoristas de los comercios pymes de la provincia<\/strong> finalizaron el mes de septiembre con <strong>una ca\u00edda del 13,2% frente a igual mes del a\u00f1o anterior<\/strong> de acuerdo con los datos relevados por la <strong>Federaci\u00f3n Comercial de C\u00f3rdoba<\/strong> (Fedecom), y sus C\u00e1maras y Centros Comerciales adheridos.&nbsp;<\/p>\n<p>De este modo, <strong>la contracci\u00f3n tiende a desacelerarse<\/strong> en relaci\u00f3n a los meses m\u00e1s complicados para la actividad debido a las medidas de aislamiento o distanciamiento establecidas para controlar el avance de la pandemia de coronavirus, dijeron,<\/p>\n<p>Sin embargo, pese a la desaceleraci\u00f3n, <strong>la retracci\u00f3n interanual todav\u00eda es muy superior a las registradas en los meses pre pandemia<\/strong>, cuando de igual modo ya se ven\u00edan observando ca\u00eddas en el consumo.<\/p>\n<p>En efecto, con el dato del mes de septiembre, <strong>ya son treinta y uno los meses de bajas interanuales consecutivas en las ventas minoristas<\/strong>. Se recordar\u00e1 que en agosto pasado la ca\u00edda fue del 16,8%, mientras que en septiembre de 2019, respecto a igual mes de 2018, las ventas bajaron 11,1%.<\/p>\n<p>\u201cLa situaci\u00f3n no mejora y la incertidumbre, tanto en materia econ\u00f3mica como de salud debido al aumento de casos de coronavirus en todo el pa\u00eds, mantienen en vilo a las familias que se muestran cautas a la hora de consumir\u201d, refiri\u00f3 el presidente de Fedecom, <strong>Ezequiel Cerezo<\/strong>.<\/p>\n<p>De igual modo, <strong>la situaci\u00f3n no frena a la entidad que se encuentra trabajando junto a las c\u00e1maras y centros comerciales adheridos<\/strong> en un programa de incentivo para las compras por el pr\u00f3ximo D\u00eda de la Madre.<\/p>\n<h3>Rubros y expectativas<\/h3>\n<p><strong>De los 12 rubros relevados por Fedecom, 11 alcanzaron valores negativos<\/strong> y uno positivo en la comparaci\u00f3n interanual respecto a las cantidades vendidas.&nbsp;<\/p>\n<p><strong>Las ca\u00eddas se observaron en<\/strong>:&nbsp;Calzados y marroquiner\u00eda (-36,7%); Joyer\u00eda, relojer\u00eda y bijouterie (-28,9%);&nbsp; Muebles y decoraci\u00f3n (-20,1%); Bazar y regalos (-18,5%);&nbsp;Indumentaria (-17,6%);&nbsp;Jugueter\u00eda y librer\u00edas (-15,8%);&nbsp;Neum\u00e1ticos y repuestos (-15,2%); Ferreter\u00eda, materiales el\u00e9ctricos y materiales para la construcci\u00f3n (-11,4%); Electrodom\u00e9sticos y art\u00edculos electr\u00f3nicos (-10,3%);&nbsp;Farmacia, perfumer\u00eda y cosm\u00e9tica (-7,4%) y Alimentos y bebidas (-5,8%).<\/p>\n<p>La <strong>variaci\u00f3n positiva<\/strong> en cantidades vendidas correspondi\u00f3 al rubro de: A<strong>rt\u00edculos deportivos y de recreaci\u00f3n con 4,2%<\/strong>.<\/p>\n<p>En lo referido a formas de pago, <strong>el 69% de las transacciones se realizaron con medios electr\u00f3nicos y un 31% en efectivo<\/strong>.&nbsp;<\/p>\n<p>Respecto a las expectativas para este mes de octubre, s<strong>olo un 20% de los comercios encuestados indic\u00f3 que espera un aumento en sus ventas<\/strong>.<\/p>\n<\/p><\/div>\n","protected":false},"excerpt":{"rendered":"<p>La retracci\u00f3n interanual todav\u00eda es muy superior a las registradas en los meses pre pandemia, sostuvo Fedecom. Foto: Javier Imaz \/ LNM. Las ventas minoristas de los comercios pymes de la provincia finalizaron el mes de septiembre con una ca\u00edda del 13,2% frente a igual mes del a\u00f1o anterior de acuerdo con los datos relevados [&hellip;]<\/p>\n","protected":false},"author":1,"featured_media":2124,"comment_status":"open","ping_status":"closed","sticky":false,"template":"","format":"standard","meta":[],"categories":[23,25],"tags":[],"_links":{"self":[{"href":"http:\/\/cordobadirecto.com\/index.php\/wp-json\/wp\/v2\/posts\/2123"}],"collection":[{"href":"http:\/\/cordobadirecto.com\/index.php\/wp-json\/wp\/v2\/posts"}],"about":[{"href":"http:\/\/cordobadirecto.com\/index.php\/wp-json\/wp\/v2\/types\/post"}],"author":[{"embeddable":true,"href":"http:\/\/cordobadirecto.com\/index.php\/wp-json\/wp\/v2\/users\/1"}],"replies":[{"embeddable":true,"href":"http:\/\/cordobadirecto.com\/index.php\/wp-json\/wp\/v2\/comments?post=2123"}],"version-history":[{"count":0,"href":"http:\/\/cordobadirecto.com\/index.php\/wp-json\/wp\/v2\/posts\/2123\/revisions"}],"wp:featuredmedia":[{"embeddable":true,"href":"http:\/\/cordobadirecto.com\/index.php\/wp-json\/wp\/v2\/media\/2124"}],"wp:attachment":[{"href":"http:\/\/cordobadirecto.com\/index.php\/wp-json\/wp\/v2\/media?parent=2123"}],"wp:term":[{"taxonomy":"category","embeddable":true,"href":"http:\/\/cordobadirecto.com\/index.php\/wp-json\/wp\/v2\/categories?post=2123"},{"taxonomy":"post_tag","embeddable":true,"href":"http:\/\/cordobadirecto.com\/index.php\/wp-json\/wp\/v2\/tags?post=2123"}],"curies":[{"name":"wp","href":"https:\/\/api.w.org\/{rel}","templated":true}]}}