{"id":21231,"date":"2021-10-01T15:53:00","date_gmt":"2021-10-01T15:53:00","guid":{"rendered":"http:\/\/cordobadirecto.com\/index.php\/2021\/10\/01\/alemania-registra-10-118-nuevos-casos-de-coronavirus-y-crece-la-cifra-de-incidencia\/"},"modified":"2021-10-01T15:53:00","modified_gmt":"2021-10-01T15:53:00","slug":"alemania-registra-10-118-nuevos-casos-de-coronavirus-y-crece-la-cifra-de-incidencia","status":"publish","type":"post","link":"http:\/\/cordobadirecto.com\/index.php\/2021\/10\/01\/alemania-registra-10-118-nuevos-casos-de-coronavirus-y-crece-la-cifra-de-incidencia\/","title":{"rendered":"Alemania registra 10.118 nuevos casos de coronavirus y crece la cifra de incidencia"},"content":{"rendered":"<div class=\"image\" id=\"image\" readability=\"9\"> <img src=\"http:\/\/cordobadirecto.com\/wp-content\/uploads\/2021\/10\/alemania-registra-10-118-nuevos-casos-de-coronavirus-y-crece-la-cifra-de-incidencia.jpg\" alt=\"Desde el comienzo de la pandemia, el RKI contabiliz\u00f3 4.237.619 infecciones confirmadas por Sars-CoV-2.\" title=\"Desde el comienzo de la pandemia, el RKI contabiliz\u00f3 4.237.619 infecciones confirmadas por Sars-CoV-2.\"><\/p>\n<p>Desde el comienzo de la pandemia, el RKI contabiliz\u00f3 4.237.619 infecciones confirmadas por Sars-CoV-2.<\/p>\n<\/div>\n<p>El Instituto Robert Koch (RKI) volvi\u00f3 a elevar ligeramente este viernes la cifra de incidencia de nuevos contagios de coronavirus en siete d\u00edas en Alemania a 64,3 cada 100.000 habitantes, que significaron 10.118 nuevos contagios en las \u00faltimas 24 horas.<\/p>\n<p><strong>La cifra de incidencia del jueves fue de 63,0 y hace una semana fue de 62,5<\/strong>, con 9.727 casos diarios, seg\u00fan report\u00f3 la agencia DPA.<\/p>\n<p>Seg\u00fan los nuevos datos del ente gubernamental de control de enfermedades contagiosas, <strong>hubo adem\u00e1s 73 muertes, frente a las 65 registradas el viernes de la semana pasada<\/strong>.<\/p>\n<p>Desde el comienzo de la pandemia, el RKI contabiliz\u00f3 4.237.619 infecciones confirmadas por Sars-CoV-2.<\/p>\n<p><strong>Es probable, sin embargo, que el n\u00famero total real sea significativamente mayor, ya que muchas infecciones no se registran.<\/strong><\/p>\n<p>El n\u00famero de pacientes ingresados en los hospitales por cada 100.000 habitantes en un plazo de siete d\u00edas fue de 1,65, la misma cifra que el jueves.<\/p>\n<div class=\"image\" id=\"image\" readability=\"8\"> <img src=\"http:\/\/cordobadirecto.com\/wp-content\/uploads\/2021\/10\/alemania-registra-10-118-nuevos-casos-de-coronavirus-y-crece-la-cifra-de-incidencia-1.jpg\" alt=\"Hubo 73 muertes, frente a las 65 registradas el viernes de la semana pasada.\" title=\"Hubo 73 muertes, frente a las 65 registradas el viernes de la semana pasada.\"><\/p>\n<p>Hubo 73 muertes, frente a las 65 registradas el viernes de la semana pasada.<\/p>\n<\/div>\n<p>No existe un valor m\u00e1ximo a nivel nacional para la incidencia hospitalaria a partir del cual la situaci\u00f3n se considera cr\u00edtica, entre otras cosas debido a las grandes diferencias regionales.<\/p>\n<p>El valor m\u00e1ximo hasta ahora se registr\u00f3 en la pasada \u00e9poca navide\u00f1a, con 15,5 hospitalizados por 100.000 habitantes.<\/p>\n<p>El RKI cifr\u00f3 en 4.010.100 el n\u00famero de personas recuperadas. El n\u00famero de personas que murieron a causa de una infecci\u00f3n probada por Sars-CoV-2 o en relaci\u00f3n con ella ascendi\u00f3 a 93.711.<\/p>\n<p>En otro ac\u00e1pite de este informe semanal, el RKI subray\u00f3 que las vacunas contra el coronavirus autorizadas en Alemania protegen de manera efectiva, sobre todo contra un curso grave de la enfermedad con hospitalizaci\u00f3n.<\/p>\n<p>En concreto, una vez transcurridas entre 35 y 38 semanas de la pauta completa de vacunaci\u00f3n, la protecci\u00f3n se sit\u00faa en el 93 por ciento en personas de 18 a 59 a\u00f1os y en el 89 por ciento en el grupo de edad de 60 a\u00f1os o m\u00e1s.<\/p>\n<p>De esta manera, <strong>en un 96 por ciento de los casos se evita tener que recibir tratamiento en una unidad de cuidados intensivos<\/strong> en el grupo m\u00e1s joven, y en un 94 por ciento entre los de edad m\u00e1s avanzada, indic\u00f3 el ente responsable del control de enfermedades infecciosas en Alemania.<\/p>\n<p>La protecci\u00f3n contra una posible muerte como resultado de la enfermedad es del 97 por ciento hasta los 59 a\u00f1os y del 88 por ciento a partir de los 60 a\u00f1os. <\/p>\n","protected":false},"excerpt":{"rendered":"<p>Desde el comienzo de la pandemia, el RKI contabiliz\u00f3 4.237.619 infecciones confirmadas por Sars-CoV-2. El Instituto Robert Koch (RKI) volvi\u00f3 a elevar ligeramente este viernes la cifra de incidencia de nuevos contagios de coronavirus en siete d\u00edas en Alemania a 64,3 cada 100.000 habitantes, que significaron 10.118 nuevos contagios en las \u00faltimas 24 horas. La [&hellip;]<\/p>\n","protected":false},"author":1,"featured_media":21232,"comment_status":"closed","ping_status":"closed","sticky":false,"template":"","format":"standard","meta":[],"categories":[24],"tags":[],"_links":{"self":[{"href":"http:\/\/cordobadirecto.com\/index.php\/wp-json\/wp\/v2\/posts\/21231"}],"collection":[{"href":"http:\/\/cordobadirecto.com\/index.php\/wp-json\/wp\/v2\/posts"}],"about":[{"href":"http:\/\/cordobadirecto.com\/index.php\/wp-json\/wp\/v2\/types\/post"}],"author":[{"embeddable":true,"href":"http:\/\/cordobadirecto.com\/index.php\/wp-json\/wp\/v2\/users\/1"}],"replies":[{"embeddable":true,"href":"http:\/\/cordobadirecto.com\/index.php\/wp-json\/wp\/v2\/comments?post=21231"}],"version-history":[{"count":0,"href":"http:\/\/cordobadirecto.com\/index.php\/wp-json\/wp\/v2\/posts\/21231\/revisions"}],"wp:featuredmedia":[{"embeddable":true,"href":"http:\/\/cordobadirecto.com\/index.php\/wp-json\/wp\/v2\/media\/21232"}],"wp:attachment":[{"href":"http:\/\/cordobadirecto.com\/index.php\/wp-json\/wp\/v2\/media?parent=21231"}],"wp:term":[{"taxonomy":"category","embeddable":true,"href":"http:\/\/cordobadirecto.com\/index.php\/wp-json\/wp\/v2\/categories?post=21231"},{"taxonomy":"post_tag","embeddable":true,"href":"http:\/\/cordobadirecto.com\/index.php\/wp-json\/wp\/v2\/tags?post=21231"}],"curies":[{"name":"wp","href":"https:\/\/api.w.org\/{rel}","templated":true}]}}