{"id":21235,"date":"2021-10-01T22:51:56","date_gmt":"2021-10-01T22:51:56","guid":{"rendered":"https:\/\/www.cordoba.gob.ar\/?p=14042"},"modified":"2021-10-01T22:51:56","modified_gmt":"2021-10-01T22:51:56","slug":"en-el-mes-de-la-concientizacion-del-cancer-de-mama-la-municipalidad-realiza-un-trekking-rosa-por-costanera","status":"publish","type":"post","link":"http:\/\/cordobadirecto.com\/index.php\/2021\/10\/01\/en-el-mes-de-la-concientizacion-del-cancer-de-mama-la-municipalidad-realiza-un-trekking-rosa-por-costanera\/","title":{"rendered":"En el mes de la concientizaci\u00f3n del C\u00e1ncer de Mama, la Municipalidad realiza un \u201cTrekking Rosa\u201d por Costanera"},"content":{"rendered":"<div><img src=\"http:\/\/cordobadirecto.com\/wp-content\/uploads\/2021\/10\/en-el-mes-de-la-concientizacion-del-cancer-de-mama-la-municipalidad-realiza-un-trekking-rosa-por-costanera.jpg\" class=\"ff-og-image-inserted\"><\/div>\n<p>En el marco del mes de la concientizaci\u00f3n y prevenci\u00f3n del c\u00e1ncer de mama que se desarrolla en el mes de octubre de cada a\u00f1o y del programa provincial \u201cC\u00f3rdoba Rosa\u201d, la Municipalidad de C\u00f3rdoba llevar\u00e1 adelante este s\u00e1bado un nuevo trekking urbano cultural por la Costanera.<\/p>\n<p>El punto de encuentro ser\u00e1 la Isla de los Patos a las 9.30 horas. La actividad comenzar\u00e1 con una disertaci\u00f3n a cargo de la Dra. Soledad Del Castillo, ginec\u00f3loga especialista en Mastolog\u00eda, sobre la importancia de la pr\u00e1ctica del ejercicio f\u00edsico como herramienta para ayudar a reducir el riesgo de padecer c\u00e1ncer de mama. Luego se realizar\u00e1 una clase de zumba, para iniciar el recorrido por la renovada Costanera, repasando la historia de los barrios que colindan.<\/p>\n<p>Durante la caminata habr\u00e1 puestos saludables y de hidrataci\u00f3n. La consigna es llevar alg\u00fan elemento de color rosa (gorra, remera, musculosa, etc ) con el fin de visibilizar el mes \u201cOctubre rosa\u201d<\/p>\n<p>La iniciativa es organizada por la Secretar\u00eda de Gobierno de la Municipalidad de C\u00f3rdoba, a trav\u00e9s de la Unidad Ejecutora Costanera, las direcciones de Entes Privados y Coordinaci\u00f3n de Actividades Econ\u00f3micas<\/p>\n<p>Las inscripciones se realizan a trav\u00e9s del siguiente <a href=\"https:\/\/forms.gle\/oYnPAoWaFzALCHuu8\">link<\/a><\/p>\n","protected":false},"excerpt":{"rendered":"<p>En el marco del mes de la concientizaci\u00f3n y prevenci\u00f3n del c\u00e1ncer de mama que se desarrolla en el mes de octubre de cada a\u00f1o y del programa provincial \u201cC\u00f3rdoba Rosa\u201d, la Municipalidad de C\u00f3rdoba llevar\u00e1 adelante este s\u00e1bado un nuevo trekking urbano cultural por la Costanera. El punto de encuentro ser\u00e1 la Isla de [&hellip;]<\/p>\n","protected":false},"author":1,"featured_media":21236,"comment_status":"closed","ping_status":"closed","sticky":false,"template":"","format":"standard","meta":[],"categories":[44],"tags":[],"_links":{"self":[{"href":"http:\/\/cordobadirecto.com\/index.php\/wp-json\/wp\/v2\/posts\/21235"}],"collection":[{"href":"http:\/\/cordobadirecto.com\/index.php\/wp-json\/wp\/v2\/posts"}],"about":[{"href":"http:\/\/cordobadirecto.com\/index.php\/wp-json\/wp\/v2\/types\/post"}],"author":[{"embeddable":true,"href":"http:\/\/cordobadirecto.com\/index.php\/wp-json\/wp\/v2\/users\/1"}],"replies":[{"embeddable":true,"href":"http:\/\/cordobadirecto.com\/index.php\/wp-json\/wp\/v2\/comments?post=21235"}],"version-history":[{"count":0,"href":"http:\/\/cordobadirecto.com\/index.php\/wp-json\/wp\/v2\/posts\/21235\/revisions"}],"wp:featuredmedia":[{"embeddable":true,"href":"http:\/\/cordobadirecto.com\/index.php\/wp-json\/wp\/v2\/media\/21236"}],"wp:attachment":[{"href":"http:\/\/cordobadirecto.com\/index.php\/wp-json\/wp\/v2\/media?parent=21235"}],"wp:term":[{"taxonomy":"category","embeddable":true,"href":"http:\/\/cordobadirecto.com\/index.php\/wp-json\/wp\/v2\/categories?post=21235"},{"taxonomy":"post_tag","embeddable":true,"href":"http:\/\/cordobadirecto.com\/index.php\/wp-json\/wp\/v2\/tags?post=21235"}],"curies":[{"name":"wp","href":"https:\/\/api.w.org\/{rel}","templated":true}]}}