{"id":21237,"date":"2021-10-01T22:54:52","date_gmt":"2021-10-01T22:54:52","guid":{"rendered":"http:\/\/cordobadirecto.com\/index.php\/2021\/10\/01\/el-gobierno-quita-las-retenciones-a-las-exportaciones-de-autos-mendoza-post\/"},"modified":"2021-10-01T22:54:52","modified_gmt":"2021-10-01T22:54:52","slug":"el-gobierno-quita-las-retenciones-a-las-exportaciones-de-autos-mendoza-post","status":"publish","type":"post","link":"http:\/\/cordobadirecto.com\/index.php\/2021\/10\/01\/el-gobierno-quita-las-retenciones-a-las-exportaciones-de-autos-mendoza-post\/","title":{"rendered":"El Gobierno quita las retenciones a las exportaciones de autos &#8211; Mendoza Post"},"content":{"rendered":"<p>En un <b>nueva<\/b> medida post-elecci\u00f3n que busca favorecer al empresariado, el Gobierno nacional anunci\u00f3 que en 2022 no se cobrar\u00e1n m\u00e1s las retenciones a las&nbsp;&#8230; <\/p>\n","protected":false},"excerpt":{"rendered":"<p>En un nueva medida post-elecci\u00f3n que busca favorecer al empresariado, el Gobierno nacional anunci\u00f3 que en 2022 no se cobrar\u00e1n m\u00e1s las retenciones a las&nbsp;&#8230;<\/p>\n","protected":false},"author":1,"featured_media":0,"comment_status":"closed","ping_status":"closed","sticky":false,"template":"","format":"standard","meta":[],"categories":[40],"tags":[],"_links":{"self":[{"href":"http:\/\/cordobadirecto.com\/index.php\/wp-json\/wp\/v2\/posts\/21237"}],"collection":[{"href":"http:\/\/cordobadirecto.com\/index.php\/wp-json\/wp\/v2\/posts"}],"about":[{"href":"http:\/\/cordobadirecto.com\/index.php\/wp-json\/wp\/v2\/types\/post"}],"author":[{"embeddable":true,"href":"http:\/\/cordobadirecto.com\/index.php\/wp-json\/wp\/v2\/users\/1"}],"replies":[{"embeddable":true,"href":"http:\/\/cordobadirecto.com\/index.php\/wp-json\/wp\/v2\/comments?post=21237"}],"version-history":[{"count":0,"href":"http:\/\/cordobadirecto.com\/index.php\/wp-json\/wp\/v2\/posts\/21237\/revisions"}],"wp:attachment":[{"href":"http:\/\/cordobadirecto.com\/index.php\/wp-json\/wp\/v2\/media?parent=21237"}],"wp:term":[{"taxonomy":"category","embeddable":true,"href":"http:\/\/cordobadirecto.com\/index.php\/wp-json\/wp\/v2\/categories?post=21237"},{"taxonomy":"post_tag","embeddable":true,"href":"http:\/\/cordobadirecto.com\/index.php\/wp-json\/wp\/v2\/tags?post=21237"}],"curies":[{"name":"wp","href":"https:\/\/api.w.org\/{rel}","templated":true}]}}