{"id":21242,"date":"2021-10-01T21:44:16","date_gmt":"2021-10-01T21:44:16","guid":{"rendered":"https:\/\/www.cordoba.gob.ar\/?p=14039"},"modified":"2021-10-01T21:44:16","modified_gmt":"2021-10-01T21:44:16","slug":"los-paseos-las-heras-jeronimo-del-barco-y-republica-de-san-vicente-festejan-su-primer-aniversario","status":"publish","type":"post","link":"http:\/\/cordobadirecto.com\/index.php\/2021\/10\/01\/los-paseos-las-heras-jeronimo-del-barco-y-republica-de-san-vicente-festejan-su-primer-aniversario\/","title":{"rendered":"Los paseos: Las Heras, Jer\u00f3nimo del Barco y Rep\u00fablica de San Vicente festejan su primer aniversario"},"content":{"rendered":"<div><img src=\"http:\/\/cordobadirecto.com\/wp-content\/uploads\/2021\/10\/los-paseos-las-heras-jeronimo-del-barco-y-republica-de-san-vicente-festejan-su-primer-aniversario.jpg\" class=\"ff-og-image-inserted\"><\/div>\n<p>Los Paseos Las Heras, Jer\u00f3nimo del Barco y la Rep\u00fablica de San Vicente cumplen su primer aniversario. Estos espacios son una iniciativa de econom\u00eda social, con el objetivo de fortalecer proyectos para la comercializaci\u00f3n de productos y servicios, desarrollados en formas participativas, asociativas y solidarias de trabajo.<\/p>\n<p>El paseo Jer\u00f3nimo del Barco se ubica en barrio Alto Alberdi, alrededor de la emblem\u00e1tica plaza, sobre calle 9 de Julio al 2700. Est\u00e1 conformado por 93 feriantes, siendo 80 de ellas mujeres, la totalidad posee ya su credencial municipal y funciona s\u00e1bados y domingos, de 12 a 19 horas.<\/p>\n<p>Los rubros que se encuentran all\u00ed son artesan\u00edas, manualidades, ventas de plantas, venta de juguetes e indumentaria.<\/p>\n<p>Desde el Municipio se dot\u00f3 de infraestructura, proporcionando un total de 50 carpas, 95 tablones, 190 caballetes, 5 ba\u00f1os qu\u00edmicos, manteles y recursos humanos para la coordinaci\u00f3n y funcionamiento.<\/p>\n<p>En el popular barrio San Vicente, el Paseo se ubica en calle San Jer\u00f3nimo, entre Ambrosio Funes y Sargento Cabral, funciona los domingos de 9 a 14 horas. Este espacio est\u00e1 integrado por 86 feriantes (23 hombres y 63 mujeres), quienes ofrecen productos tales como artesan\u00edas, de elaboraci\u00f3n propia, como as\u00ed tambi\u00e9n art\u00edculos reventa.<\/p>\n<p>La infraestructura dispuesta consta de 100 tablones, 100 manteles, 4 ba\u00f1os qu\u00edmicos, y 74 carpas de 3 x 3 metros.<\/p>\n<p>Por su parte, el Paseo Las Heras se constituye como el paseo de comercializaci\u00f3n a cielo abierto m\u00e1s grande de la ciudad, ubicado a lo largo de casi 500 metros sobre el Boulevard del mismo nombre, desde Puente Maip\u00fa hasta Puente Centenario, contribuyendo a revalorizar la zona del Viejo Abasto.<\/p>\n<p>En este espacio participan 750 feriantes y mantiene la diversidad de productos a los que tiene acostumbrado al p\u00fablico. Se convierte en un recorrido tentador y divertido de caminata, cercano al centro de la ciudad, donde poder encontrar gran diversidad de productos como ropa y accesorios, artesan\u00edas, juguetes, plantas, antig\u00fcedades, entre otras. Tambi\u00e9n se puede degustar distintas comidas. Otro detalle distintivo es su emplazamiento cercano a la costanera y las aguas de nuestro querido R\u00edo Suqu\u00eda.<\/p>\n<p>Gracias al intenso trabajo de la Direcci\u00f3n de Econom\u00eda Social, dependiente de la Subsecretar\u00eda de Planificaci\u00f3n y Gesti\u00f3n, se logr\u00f3 ordenar y regularizar la situaci\u00f3n de cada uno de las mujeres y los varones que cada fin de semana le dan vida a este hermoso paseo. En ese sentido, cabe destacar que cada feriante tiene su credencial y la presenta al ingresar al predio.<\/p>\n<p>El Municipio dispone para el Paseo Las Heras 87 gazebos de 3 x 6 metros que conforman grandes bloques en seis carpas que llevan un color distintivo: Carpa Amarilla, Carpa Roja, Carpa Verde, Carpa Naranja, Carpa Azul y Carpa Rosa.<\/p>\n<p>Cada puesto utiliza un tabl\u00f3n, por lo que se distribuyen 750 tablones con 1500 caballetes y 750 manteles. Divididos en tres sectores definidos en todo el predio, se ubican 9 ba\u00f1os qu\u00edmicos para uso p\u00fablico.<\/p>\n<p>Adem\u00e1s, cuenta con un cuerpo de 90 Servidores Urbanos y 2 coordinadores.<\/p>\n<p>En los tres casos, los paseos funcionan bajo Ordenanza Municipal 12.975 de habilitaci\u00f3n de ferias y paseos en espacio p\u00fablico, regido por Reglamento Interno creado por resoluci\u00f3n para todos los Paseos de Gesti\u00f3n Municipal (Resoluci\u00f3n Direcci\u00f3n de Econom\u00eda Social 001_2021 Anexo II).<\/p>\n<p>Para tal fin se dot\u00f3 a los espacios de infraestructura, capacitaciones y servicios, con estricto cumplimiento de los protocolos sanitarios. Previo a la puesta en marcha de este programa, quienes desarrollaban la actividad en el sector lo hac\u00edan tirados en el piso, ocupando los espacios verdes de la plaza, sin ning\u00fan tipo de apoyo, reconocimiento ni regulaci\u00f3n por parte del Estado municipal.<\/p>\n<p>Todo esto redund\u00f3 en mejores condiciones para quienes desarrollan la actividad y tambi\u00e9n para quienes se acercan a visitar estos espacios, y para quienes viven en los alrededores.<\/p>\n<p>Estos paseos de la econom\u00eda popular forman parte de los 47 que cada fin de semana se instalan en distintos barrios de la ciudad para brindar a vecinas y vecinos un hermoso espacio al aire libre para disfrutar.<\/p>\n<p><strong>FESTEJO<\/strong><\/p>\n<p>Ma\u00f1ana s\u00e1bado 2 de octubre, desde las 14 horas, en el Paseo Las Heras se llevar\u00e1 adelante el festejo junto a feriantes, vecinas y vecinos. Habr\u00e1 shows en vivo, sorpresas y el tradicional colorido al que ya nos tiene acostumbrado este espacio.<\/p>\n<p><strong>A UN A\u00d1O, LOS N\u00daMEROS DE LOS PASEOS<\/strong><\/p>\n<p>Paseo Jer\u00f3nimo del Barco<br \/>\u2022 Feriantes: 93 (80 mujeres)<br \/>\u2022 Carpas: 50<br \/>\u2022 Tablones: 95<br \/>\u2022 Caballetes: 190<br \/>\u2022 Ba\u00f1os qu\u00edmicos: 5<\/p>\n<p>Paseo de la Rep\u00fablica de San Vicente<br \/>\u2022 Feriantes: 86 (23 hombres, 63 mujeres)<br \/>\u2022 Carpas: 74<br \/>\u2022 Tablones: 100<br \/>\u2022 Manteles: 100<br \/>\u2022 Ba\u00f1os qu\u00edmicos: 4<\/p>\n<p>Paseo Las Heras<br \/>\u2022 Feriantes: 750 (72% mujeres)<br \/>\u2022 Gazebos: 87 de 3 x 6 mts<br \/>\u2022 Tablones: 750<br \/>\u2022 Caballetes: 1500<br \/>\u2022 Manteles: 750<br \/>\u2022 Ba\u00f1os qu\u00edmicos: 9<\/p>\n","protected":false},"excerpt":{"rendered":"<p>Los Paseos Las Heras, Jer\u00f3nimo del Barco y la Rep\u00fablica de San Vicente cumplen su primer aniversario. Estos espacios son una iniciativa de econom\u00eda social, con el objetivo de fortalecer proyectos para la comercializaci\u00f3n de productos y servicios, desarrollados en formas participativas, asociativas y solidarias de trabajo. El paseo Jer\u00f3nimo del Barco se ubica en [&hellip;]<\/p>\n","protected":false},"author":1,"featured_media":21243,"comment_status":"closed","ping_status":"closed","sticky":false,"template":"","format":"standard","meta":[],"categories":[44],"tags":[],"_links":{"self":[{"href":"http:\/\/cordobadirecto.com\/index.php\/wp-json\/wp\/v2\/posts\/21242"}],"collection":[{"href":"http:\/\/cordobadirecto.com\/index.php\/wp-json\/wp\/v2\/posts"}],"about":[{"href":"http:\/\/cordobadirecto.com\/index.php\/wp-json\/wp\/v2\/types\/post"}],"author":[{"embeddable":true,"href":"http:\/\/cordobadirecto.com\/index.php\/wp-json\/wp\/v2\/users\/1"}],"replies":[{"embeddable":true,"href":"http:\/\/cordobadirecto.com\/index.php\/wp-json\/wp\/v2\/comments?post=21242"}],"version-history":[{"count":0,"href":"http:\/\/cordobadirecto.com\/index.php\/wp-json\/wp\/v2\/posts\/21242\/revisions"}],"wp:featuredmedia":[{"embeddable":true,"href":"http:\/\/cordobadirecto.com\/index.php\/wp-json\/wp\/v2\/media\/21243"}],"wp:attachment":[{"href":"http:\/\/cordobadirecto.com\/index.php\/wp-json\/wp\/v2\/media?parent=21242"}],"wp:term":[{"taxonomy":"category","embeddable":true,"href":"http:\/\/cordobadirecto.com\/index.php\/wp-json\/wp\/v2\/categories?post=21242"},{"taxonomy":"post_tag","embeddable":true,"href":"http:\/\/cordobadirecto.com\/index.php\/wp-json\/wp\/v2\/tags?post=21242"}],"curies":[{"name":"wp","href":"https:\/\/api.w.org\/{rel}","templated":true}]}}