{"id":21246,"date":"2021-10-01T22:07:30","date_gmt":"2021-10-01T22:07:30","guid":{"rendered":"http:\/\/cordobadirecto.com\/index.php\/2021\/10\/01\/aseguran-que-la-produccion-de-leche-crecio-45-interanual-economia-elonce-com\/"},"modified":"2021-10-01T22:07:30","modified_gmt":"2021-10-01T22:07:30","slug":"aseguran-que-la-produccion-de-leche-crecio-45-interanual-economia-elonce-com","status":"publish","type":"post","link":"http:\/\/cordobadirecto.com\/index.php\/2021\/10\/01\/aseguran-que-la-produccion-de-leche-crecio-45-interanual-economia-elonce-com\/","title":{"rendered":"Aseguran que la producci\u00f3n de leche creci\u00f3 4,5% interanual &#8211; <b>Econom\u00eda<\/b> &#8211; Elonce.com"},"content":{"rendered":"<p>&#8230; 9 meses de 2021 fue clave para recomponer la ecuaci\u00f3n <b>econ\u00f3mica<\/b> del tambo. &#8230; <b>C\u00f3rdoba<\/b> y Santa Fe lideran el crecimiento con incrementos de 4,9% y 4,3%. <\/p>\n","protected":false},"excerpt":{"rendered":"<p>&#8230; 9 meses de 2021 fue clave para recomponer la ecuaci\u00f3n econ\u00f3mica del tambo. &#8230; C\u00f3rdoba y Santa Fe lideran el crecimiento con incrementos de 4,9% y 4,3%.<\/p>\n","protected":false},"author":1,"featured_media":0,"comment_status":"closed","ping_status":"closed","sticky":false,"template":"","format":"standard","meta":[],"categories":[40],"tags":[],"_links":{"self":[{"href":"http:\/\/cordobadirecto.com\/index.php\/wp-json\/wp\/v2\/posts\/21246"}],"collection":[{"href":"http:\/\/cordobadirecto.com\/index.php\/wp-json\/wp\/v2\/posts"}],"about":[{"href":"http:\/\/cordobadirecto.com\/index.php\/wp-json\/wp\/v2\/types\/post"}],"author":[{"embeddable":true,"href":"http:\/\/cordobadirecto.com\/index.php\/wp-json\/wp\/v2\/users\/1"}],"replies":[{"embeddable":true,"href":"http:\/\/cordobadirecto.com\/index.php\/wp-json\/wp\/v2\/comments?post=21246"}],"version-history":[{"count":0,"href":"http:\/\/cordobadirecto.com\/index.php\/wp-json\/wp\/v2\/posts\/21246\/revisions"}],"wp:attachment":[{"href":"http:\/\/cordobadirecto.com\/index.php\/wp-json\/wp\/v2\/media?parent=21246"}],"wp:term":[{"taxonomy":"category","embeddable":true,"href":"http:\/\/cordobadirecto.com\/index.php\/wp-json\/wp\/v2\/categories?post=21246"},{"taxonomy":"post_tag","embeddable":true,"href":"http:\/\/cordobadirecto.com\/index.php\/wp-json\/wp\/v2\/tags?post=21246"}],"curies":[{"name":"wp","href":"https:\/\/api.w.org\/{rel}","templated":true}]}}