{"id":21355,"date":"2021-10-03T02:37:11","date_gmt":"2021-10-03T02:37:11","guid":{"rendered":"http:\/\/cordobadirecto.com\/index.php\/2021\/10\/03\/jesus-lopez-de-schonfeld-gano-en-biarritz-en-un-gran-palmares-para-el-cine-argentino\/"},"modified":"2021-10-03T02:37:11","modified_gmt":"2021-10-03T02:37:11","slug":"jesus-lopez-de-schonfeld-gano-en-biarritz-en-un-gran-palmares-para-el-cine-argentino","status":"publish","type":"post","link":"http:\/\/cordobadirecto.com\/index.php\/2021\/10\/03\/jesus-lopez-de-schonfeld-gano-en-biarritz-en-un-gran-palmares-para-el-cine-argentino\/","title":{"rendered":"&#8220;Jes\u00fas L\u00f3pez&#8221;, de Schonfeld, gan\u00f3 en Biarritz en un gran palmar\u00e9s para el cine argentino"},"content":{"rendered":"<div class=\"image\" id=\"image\" readability=\"9\"> <img src=\"http:\/\/cordobadirecto.com\/wp-content\/uploads\/2021\/10\/jesus-lopez-de-schonfeld-gano-en-biarritz-en-un-gran-palmares-para-el-cine-argentino.jpg\" alt=\" Schonfeld, obtuvo el premio Abrazo a la mejor pel\u00edcula de ficci\u00f3n en la 30ma. edici\u00f3n del Festival de Biarritz Am\u00e9rica Latina. Foto: Prensa.\" title=\" Schonfeld, obtuvo el premio Abrazo a la mejor pel\u00edcula de ficci\u00f3n en la 30ma. edici\u00f3n del Festival de Biarritz Am\u00e9rica Latina. Foto: Prensa.\"><\/p>\n<p> Schonfeld, obtuvo el premio Abrazo a la mejor pel\u00edcula de ficci\u00f3n en la 30ma. edici\u00f3n del Festival de Biarritz Am\u00e9rica Latina. Foto: Prensa.<\/p>\n<\/div>\n<p>&#8220;Jes\u00fas L\u00f3pez&#8221;, tercer largometraje del argentino Maximiliano Schonfeld, obtuvo el premio Abrazo a la mejor pel\u00edcula de ficci\u00f3n en la 30ma. edici\u00f3n del Festival de Biarritz Am\u00e9rica Latina donde otros dos filmes nacionales lograron lauros: el Premio del P\u00fablico (\u201cFanny Camina\u201d) y mejor documental (\u201cQu\u00e9 ser\u00e1 del verano\u201d).<\/p>\n<p>La pel\u00edcula de Schonfeld, ganadora del premio principal en el encuentro cinematogr\u00e1fico en la elegante ciudad del suroeste de Francia, cuenta la historia de un joven sin rumbo que empieza a ocupar el lugar de su primo muerto en un accidente de moto, una cr\u00f3nica de mimetizaci\u00f3n que de a poco tambi\u00e9n suma lo fant\u00e1stico y si se quiere, lo sobrenatural, en donde fallecido y usurpador se confunden.<\/p>\n<p> <iframe width=\"560\" height=\"315\" src=\"https:\/\/www.youtube.com\/embed\/VWOOvW16aC8?wmode=transparent&amp;showinfo=0&amp;autohide=1&amp;rel=0\" frameborder=\"0\" allowfullscreen>[embedded content]<\/iframe> <\/p>\n<p>Jes\u00fas L\u00f3pez<\/p>\n<p>El realizador entrerriano se\u00f1al\u00f3 d\u00edas atr\u00e1s a T\u00e9lam que en su filme, que obtuvo 7.000 euros para la distribuci\u00f3n de la pel\u00edcula en Francia,<strong> \u201clo fant\u00e1stico ven\u00eda a ocupar cierto misterio que tiene que ver con la muerte y con esos mitos que se generan con lo que pasa con los muertos j\u00f3venes\u201d.<\/strong><\/p>\n<p><strong>El Premio del P\u00fablico para \u201cFanny Camina\u201d, de Alfredo Arias e Ignacio Masllorens<\/strong>, reconoci\u00f3 el impacto de una historia que aborda la figura de Fanny Navarro, actriz ic\u00f3nica de la d\u00e9cada del cincuenta, peronista y pareja de Juan Duarte, el hermano de Eva Per\u00f3n, por lo que sufri\u00f3 la persecuci\u00f3n de la llamada Revoluci\u00f3n Libertadora.<\/p>\n<p><strong>La m\u00e1xima distinci\u00f3n en el rubro documental tambi\u00e9n tuvo sello argentino gracias a \u201cQu\u00e9 ser\u00e1 del verano\u201d, de Ignacio Ceroi<\/strong> (estrenado en la Berlinale de este a\u00f1o y premiado en el \u00faltimo Bafici), que mereci\u00f3 2.500 euros.<\/p>\n<div class=\"image\" id=\"image\"> <img src=\"http:\/\/cordobadirecto.com\/wp-content\/uploads\/2021\/10\/jesus-lopez-de-schonfeld-gano-en-biarritz-en-un-gran-palmares-para-el-cine-argentino-1.jpg\" alt=\"Foto: Prensa.\" title=\"Foto: Prensa.\"><\/p>\n<p>Foto: Prensa.<\/p>\n<\/div>\n<p>El relato que protagoniza parte de la compra una c\u00e1mara en la que han olvidado grabaciones. En su ansia por convertirlo en una pel\u00edcula, contacta con el hombre que aparece en los videos y emprende su propio recorrido.<\/p>\n<p>La gran presencia argentina en la pre-selecci\u00f3n se expres\u00f3 en el palmar\u00e9s conocido tambi\u00e9n en el apartado dedicado a filmes documentales en pre-producci\u00f3n donde se impuso <strong>&#8220;Bea VII&#8221;, de la cordobesa Natalia Garayalde<\/strong>, reconocida por su \u00f3pera prima &#8220;Esquirlas&#8221;. <\/p>\n","protected":false},"excerpt":{"rendered":"<p>Schonfeld, obtuvo el premio Abrazo a la mejor pel\u00edcula de ficci\u00f3n en la 30ma. edici\u00f3n del Festival de Biarritz Am\u00e9rica Latina. Foto: Prensa. &#8220;Jes\u00fas L\u00f3pez&#8221;, tercer largometraje del argentino Maximiliano Schonfeld, obtuvo el premio Abrazo a la mejor pel\u00edcula de ficci\u00f3n en la 30ma. edici\u00f3n del Festival de Biarritz Am\u00e9rica Latina donde otros dos filmes [&hellip;]<\/p>\n","protected":false},"author":1,"featured_media":21356,"comment_status":"closed","ping_status":"closed","sticky":false,"template":"","format":"standard","meta":[],"categories":[20],"tags":[],"_links":{"self":[{"href":"http:\/\/cordobadirecto.com\/index.php\/wp-json\/wp\/v2\/posts\/21355"}],"collection":[{"href":"http:\/\/cordobadirecto.com\/index.php\/wp-json\/wp\/v2\/posts"}],"about":[{"href":"http:\/\/cordobadirecto.com\/index.php\/wp-json\/wp\/v2\/types\/post"}],"author":[{"embeddable":true,"href":"http:\/\/cordobadirecto.com\/index.php\/wp-json\/wp\/v2\/users\/1"}],"replies":[{"embeddable":true,"href":"http:\/\/cordobadirecto.com\/index.php\/wp-json\/wp\/v2\/comments?post=21355"}],"version-history":[{"count":0,"href":"http:\/\/cordobadirecto.com\/index.php\/wp-json\/wp\/v2\/posts\/21355\/revisions"}],"wp:featuredmedia":[{"embeddable":true,"href":"http:\/\/cordobadirecto.com\/index.php\/wp-json\/wp\/v2\/media\/21356"}],"wp:attachment":[{"href":"http:\/\/cordobadirecto.com\/index.php\/wp-json\/wp\/v2\/media?parent=21355"}],"wp:term":[{"taxonomy":"category","embeddable":true,"href":"http:\/\/cordobadirecto.com\/index.php\/wp-json\/wp\/v2\/categories?post=21355"},{"taxonomy":"post_tag","embeddable":true,"href":"http:\/\/cordobadirecto.com\/index.php\/wp-json\/wp\/v2\/tags?post=21355"}],"curies":[{"name":"wp","href":"https:\/\/api.w.org\/{rel}","templated":true}]}}