{"id":21404,"date":"2021-10-03T17:40:00","date_gmt":"2021-10-03T17:40:00","guid":{"rendered":"http:\/\/cordobadirecto.com\/index.php\/2021\/10\/03\/fuerte-crisis-diplomatica-entre-argelia-y-francia-por-comentarios-atribuidos-a-macron\/"},"modified":"2021-10-03T17:40:00","modified_gmt":"2021-10-03T17:40:00","slug":"fuerte-crisis-diplomatica-entre-argelia-y-francia-por-comentarios-atribuidos-a-macron","status":"publish","type":"post","link":"http:\/\/cordobadirecto.com\/index.php\/2021\/10\/03\/fuerte-crisis-diplomatica-entre-argelia-y-francia-por-comentarios-atribuidos-a-macron\/","title":{"rendered":"Fuerte crisis diplom\u00e1tica entre Argelia y Francia por comentarios atribuidos a Macron"},"content":{"rendered":"<div class=\"image\" id=\"image\" readability=\"7\"> <img src=\"http:\/\/cordobadirecto.com\/wp-content\/uploads\/2021\/10\/fuerte-crisis-diplomatica-entre-argelia-y-francia-por-comentarios-atribuidos-a-macron.jpg\" alt=\"Unos supuestos dichos de Macron generaron represalias del gobierno argelino. \" title=\"Unos supuestos dichos de Macron generaron represalias del gobierno argelino. \"><\/p>\n<p>Unos supuestos dichos de Macron generaron represalias del gobierno argelino. <\/p>\n<\/div>\n<p>Argelia volvi\u00f3 a manifestar este domingo su c\u00f3lera tras &#8220;declaraciones irresponsables&#8221; atribuidas al presidente franc\u00e9s Emmanuel Macron, al <strong>prohibir el sobrevuelo de su territorio a aviones militares franceses y luego de haber llamado a consultas a su embajador en Par\u00eds.<\/strong><\/p>\n<p>Este clima de tensi\u00f3n entre los dos pa\u00edses se produce al acercarse el 60 aniversario del fin de la guerra de Argelia y de su independencia de Francia.<\/p>\n<blockquote readability=\"7\">\n<p>En un comunicado, la presidencia argelina expres\u00f3 este s\u00e1bado su &#8220;rechazo a cualquier injerencia en los asuntos interiores&#8221;.<span class=\"comilla\">\u201d<\/span><\/p>\n<\/blockquote>\n<p>Seg\u00fan un art\u00edculo del diario Le Monde, que relataba un encuentro reciente entre Macron y j\u00f3venes descendientes de protagonistas de la guerra de Argelia (1954-1962), el presidente dijo que despu\u00e9s de su independencia en 1962,<strong> el pa\u00eds norteafricano se ha construido sobre la base de una &#8220;renta memorial&#8221; alimentada por el &#8220;sistema pol\u00edtico-militar&#8221;.<\/strong><\/p>\n<p>Seg\u00fan Le Monde, Macron evoc\u00f3 &#8220;una historia oficial totalmente reescrita&#8221; que &#8220;no se apoya en verdades&#8221; sino en &#8220;un discurso que reposa en el odio a Francia&#8221;.<\/p>\n<p>Estas declaraciones no han sido desmentidas por el El\u00edseo, el palacio de la presidencia francesa.<\/p>\n<p>En un comunicado, l<strong>a presidencia argelina expres\u00f3 este s\u00e1bado su &#8220;rechazo a cualquier injerencia en los asuntos interiores&#8221; y anunci\u00f3 la &#8220;llamada inmediata a consultas&#8221; de su embajador en Par\u00eds.<\/strong><\/p>\n<p>La prohibici\u00f3n del espacio a\u00e9reo<\/p>\n<p>&#8220;Este domingo hemos sabido que los argelinos cerraban el sobrevuelo de su territorio a los aviones militares franceses&#8221; dijo a la agencia de noticias AFP el coronel franc\u00e9s Pascal Ianni, confirmando informaciones del diario Le Figaro.<\/p>\n<p>Los aviones franceses suelen atravesar habitualmente el espacio a\u00e9reo argelino para llegar a la regi\u00f3n africana del Sahel, donde est\u00e1n desplegados unos 5.000 militares franceses en operaci\u00f3n antiyihadista.<\/p>\n<p>Seg\u00fan el coronel Ianni, &#8220;ello perturba muy ligeramente el flujo de apoyo pero eso no afecta a las operaciones&#8221; de Francia en el Sahel. &#8220;Es ante todo un tema diplom\u00e1tico&#8221; agreg\u00f3.<\/p>\n<p>Las misiones francesas de informaci\u00f3n e inteligencia en el Sahel, efectuadas con drones Reaper, tampoco se ven afectadas, seg\u00fan este militar. Estos drones operan desde Niamey, en N\u00edger, y no sobrevuelan Argelia.<\/p>\n<p>Esta prohibici\u00f3n de vuelo se produce no obstante en una fase log\u00edstica delicada para el Estado mayor franc\u00e9s, que inici\u00f3 en los \u00faltimos d\u00edas una reorganizaci\u00f3n de su dispositivo en la franja sahelo-sahariana, especialmente en el norte de Mali, fronterizo con Argelia.<\/p>\n<p><strong>Las relaciones entre Francia y Argelia ya se hab\u00edan tensado desde hace algunos d\u00edas antes.<\/strong><\/p>\n<p>El mi\u00e9rcoles pasado, el embajador de Francia en Argel, Fran\u00e7ois Gouyette, hab\u00eda sido convocado por la Canciller\u00eda argelina para ser notificado de una &#8220;protesta formal&#8221; tras la decisi\u00f3n de Par\u00eds de reducir a la mitad los visados otorgados a los argelinos que deseen viajar a Francia. <\/p>\n","protected":false},"excerpt":{"rendered":"<p>Unos supuestos dichos de Macron generaron represalias del gobierno argelino. Argelia volvi\u00f3 a manifestar este domingo su c\u00f3lera tras &#8220;declaraciones irresponsables&#8221; atribuidas al presidente franc\u00e9s Emmanuel Macron, al prohibir el sobrevuelo de su territorio a aviones militares franceses y luego de haber llamado a consultas a su embajador en Par\u00eds. Este clima de tensi\u00f3n entre [&hellip;]<\/p>\n","protected":false},"author":1,"featured_media":21405,"comment_status":"closed","ping_status":"closed","sticky":false,"template":"","format":"standard","meta":[],"categories":[24],"tags":[],"_links":{"self":[{"href":"http:\/\/cordobadirecto.com\/index.php\/wp-json\/wp\/v2\/posts\/21404"}],"collection":[{"href":"http:\/\/cordobadirecto.com\/index.php\/wp-json\/wp\/v2\/posts"}],"about":[{"href":"http:\/\/cordobadirecto.com\/index.php\/wp-json\/wp\/v2\/types\/post"}],"author":[{"embeddable":true,"href":"http:\/\/cordobadirecto.com\/index.php\/wp-json\/wp\/v2\/users\/1"}],"replies":[{"embeddable":true,"href":"http:\/\/cordobadirecto.com\/index.php\/wp-json\/wp\/v2\/comments?post=21404"}],"version-history":[{"count":0,"href":"http:\/\/cordobadirecto.com\/index.php\/wp-json\/wp\/v2\/posts\/21404\/revisions"}],"wp:featuredmedia":[{"embeddable":true,"href":"http:\/\/cordobadirecto.com\/index.php\/wp-json\/wp\/v2\/media\/21405"}],"wp:attachment":[{"href":"http:\/\/cordobadirecto.com\/index.php\/wp-json\/wp\/v2\/media?parent=21404"}],"wp:term":[{"taxonomy":"category","embeddable":true,"href":"http:\/\/cordobadirecto.com\/index.php\/wp-json\/wp\/v2\/categories?post=21404"},{"taxonomy":"post_tag","embeddable":true,"href":"http:\/\/cordobadirecto.com\/index.php\/wp-json\/wp\/v2\/tags?post=21404"}],"curies":[{"name":"wp","href":"https:\/\/api.w.org\/{rel}","templated":true}]}}