{"id":21416,"date":"2021-10-01T15:42:16","date_gmt":"2021-10-01T15:42:16","guid":{"rendered":"https:\/\/cordoba.gob.ar\/?p=14007"},"modified":"2021-10-01T15:42:16","modified_gmt":"2021-10-01T15:42:16","slug":"jornadas-educar-en-igualdad-en-jardines-y-escuelas-municipales","status":"publish","type":"post","link":"http:\/\/cordobadirecto.com\/index.php\/2021\/10\/01\/jornadas-educar-en-igualdad-en-jardines-y-escuelas-municipales\/","title":{"rendered":"Jornadas \u201cEducar en Igualdad\u201d en Jardines y Escuelas Municipales"},"content":{"rendered":"<div><img src=\"http:\/\/cordobadirecto.com\/wp-content\/uploads\/2021\/10\/jornadas-educar-en-igualdad-en-jardines-y-escuelas-municipales.jpg\" class=\"ff-og-image-inserted\"><\/div>\n<p>A 15 a\u00f1os de la sanci\u00f3n de la aprobaci\u00f3n de la Ley de Educaci\u00f3n Sexual Integral, durante el mes de octubre se realizar\u00e1n actividades en todo el Sistema Educativo Municipal.<\/p>\n<p>Para dar cumplimiento a esta normativa nacional se propone, en el marco de la Educaci\u00f3n para el Desarrollo Sostenible, llevar a cabo las jornadas \u201cEducar en igualdad\u201d, en todos los Jardines, Escuelas y Parques Educativos durante todo el mes de octubre de 2021.<\/p>\n<p>Esta modalidad prev\u00e9 que cada instituci\u00f3n educativa municipal, junto a la supervisi\u00f3n correspondiente y el acompa\u00f1amiento del Equipo Interdisciplinario de la Direcci\u00f3n de Fortalecimiento Socioeducativo de la Secretar\u00eda de Educaci\u00f3n, definan un d\u00eda espec\u00edfico de realizaci\u00f3n de una jornada o el desarrollo de actividades vinculadas con la tem\u00e1tica.<\/p>\n<p>Cabe destacar que actualmente, las instituciones educativas en su mayor\u00eda vienen desarrollando proyectos y acciones sobre la tem\u00e1tica. Otras iniciaron el proceso, siendo estas jornadas una oportunidad para sensibilizar y avanzar con las tareas de prevenci\u00f3n.<\/p>\n<p>La comunidad educativa llevar\u00e1 a cabo actividades referidas a la prevenci\u00f3n y erradicaci\u00f3n de la violencia de g\u00e9nero, siguiendo la metodolog\u00eda de trabajo previamente planificada por las y los integrantes del centro educativo.<\/p>\n<p>El secretario de educaci\u00f3n Horacio Ferreyra sostuvo que <em>\u201cesta iniciativa se inscribe en el Plan de Metas del Municipio que impulsa el intendente Mart\u00edn Llaryora y en la normativa vigente. El desaf\u00edo es prevenir para cuidar en comunidad\u201d.<\/em><\/p>\n<p>Adem\u00e1s, en el marco de esta iniciativa se invita a la comunidad educativa a sumarse, voluntariamente, a las actividades que ha previsto el Ministerio de Educaci\u00f3n de la Provincia de C\u00f3rdoba, a los cuales adhiere la Municipalidad de C\u00f3rdoba.<\/p>\n<p>M\u00e1s informaci\u00f3n en este <a href=\"https:\/\/bit.ly\/3zYtgwe\">link.<\/a><\/p>\n","protected":false},"excerpt":{"rendered":"<p>A 15 a\u00f1os de la sanci\u00f3n de la aprobaci\u00f3n de la Ley de Educaci\u00f3n Sexual Integral, durante el mes de octubre se realizar\u00e1n actividades en todo el Sistema Educativo Municipal. Para dar cumplimiento a esta normativa nacional se propone, en el marco de la Educaci\u00f3n para el Desarrollo Sostenible, llevar a cabo las jornadas \u201cEducar [&hellip;]<\/p>\n","protected":false},"author":1,"featured_media":21417,"comment_status":"closed","ping_status":"closed","sticky":false,"template":"","format":"standard","meta":[],"categories":[44],"tags":[],"_links":{"self":[{"href":"http:\/\/cordobadirecto.com\/index.php\/wp-json\/wp\/v2\/posts\/21416"}],"collection":[{"href":"http:\/\/cordobadirecto.com\/index.php\/wp-json\/wp\/v2\/posts"}],"about":[{"href":"http:\/\/cordobadirecto.com\/index.php\/wp-json\/wp\/v2\/types\/post"}],"author":[{"embeddable":true,"href":"http:\/\/cordobadirecto.com\/index.php\/wp-json\/wp\/v2\/users\/1"}],"replies":[{"embeddable":true,"href":"http:\/\/cordobadirecto.com\/index.php\/wp-json\/wp\/v2\/comments?post=21416"}],"version-history":[{"count":0,"href":"http:\/\/cordobadirecto.com\/index.php\/wp-json\/wp\/v2\/posts\/21416\/revisions"}],"wp:featuredmedia":[{"embeddable":true,"href":"http:\/\/cordobadirecto.com\/index.php\/wp-json\/wp\/v2\/media\/21417"}],"wp:attachment":[{"href":"http:\/\/cordobadirecto.com\/index.php\/wp-json\/wp\/v2\/media?parent=21416"}],"wp:term":[{"taxonomy":"category","embeddable":true,"href":"http:\/\/cordobadirecto.com\/index.php\/wp-json\/wp\/v2\/categories?post=21416"},{"taxonomy":"post_tag","embeddable":true,"href":"http:\/\/cordobadirecto.com\/index.php\/wp-json\/wp\/v2\/tags?post=21416"}],"curies":[{"name":"wp","href":"https:\/\/api.w.org\/{rel}","templated":true}]}}