{"id":21418,"date":"2021-10-04T02:16:22","date_gmt":"2021-10-04T02:16:22","guid":{"rendered":"https:\/\/lmdiario.com.ar\/contenido\/310310\/la-feria-del-libro-cordoba-2021-presenta-a-8va-edicion-del-ciclo-cordoba-mata"},"modified":"2021-10-04T02:16:22","modified_gmt":"2021-10-04T02:16:22","slug":"la-feria-del-libro-cordoba-2021-presenta-a-8va-edicion-del-ciclo-cordoba-mata","status":"publish","type":"post","link":"http:\/\/cordobadirecto.com\/index.php\/2021\/10\/04\/la-feria-del-libro-cordoba-2021-presenta-a-8va-edicion-del-ciclo-cordoba-mata\/","title":{"rendered":"La Feria del Libro C\u00f3rdoba 2021 presenta a 8va edici\u00f3n del ciclo &#8220;C\u00f3rdoba Mata&#8221;"},"content":{"rendered":"<div><img src=\"http:\/\/cordobadirecto.com\/wp-content\/uploads\/2021\/10\/la-feria-del-libro-cordoba-2021-presenta-a-8va-edicion-del-ciclo-cordoba-mata.jpg\" class=\"ff-og-image-inserted\"><\/div>\n<p><strong>&#8220;C\u00f3rdoba Mata&#8221; es uno de los seis ciclos que propone este a\u00f1o la Feria del Libro C\u00f3rdoba. Hasta el 10 de octubre se desarrollar\u00e1 la octava edici\u00f3n del Encuentro Internacional de Literatura Negra y Policial.&nbsp;<\/strong><\/p>\n<p>Bajo el lema <strong>\u201cMulticulturalidad y migraciones forzadas\u201d, <\/strong>este espacio re\u00fane a importantes referentes de la literatura, contemplando proyectos editoriales locales, nacionales e internacionales.&nbsp;<\/p>\n<p>El programa incluye actividades en el P<strong>atio Mayor del Cabildo de C\u00f3rdoba y mesas que ser\u00e1n transmitidas por el canal de YouTube de la Subsecretar\u00eda de Cultura, dependiente de la Secretar\u00eda de Gobierno de la Municipalidad.&nbsp;<\/strong><\/p>\n<p>En el presente ciclo, &#8220;C\u00f3rdoba Mata&#8221; cuenta con la participaci\u00f3n de escritores y editores de distintas procedencias y generaciones como C<strong>laudia Pi\u00f1eiro, Marcelo Pi\u00f1eyro, Pablo Yoiris, Laura Rossi, Gabriela Urrutibehety, Lula Comer\u00f3n, Candelaria Jaimez, Amir Valle (Cuba\/Alemania\/Editor), N\u00e9stor Ponce (Francia), Gustavo Forero (Colombia), Jos\u00e9 Luis Mu\u00f1oz (Espa\u00f1a),<\/strong> entre otras personalidades.&nbsp;<\/p>\n<p>Sobre el eje de esta octava edici\u00f3n, los invitados abordar\u00e1n distintas alternativas literarias, los m\u00e1rgenes de la literatura negra, y las experiencias de edici\u00f3n desde la multiculturalidad. El ciclo es organizado por Fernando L\u00f3pez, Gast\u00f3n Tremsal, Emanuel Rosso, Lucio Yudicello y Pablo Aguiar Cau. Mientras que Mirian Pino, Guillermo Bawden, Javier Chiabrando, Karina Micheletto se suman en la coordinaci\u00f3n de mesas.<\/p>\n<p>Para seguir en Redes a C\u00f3rdoba Mata, en:<\/p>\n<p>&#8211; Facebook: @ciclocordobamata<br \/>&#8211; Instagram: @cordobamata<\/p>\n<p>Programaci\u00f3n de la Feria del Libro C\u00f3rdoba<\/p>\n<p>Agenda presencial:&nbsp;<a href=\"https:\/\/bit.ly\/FLC21_Pres\" rel=\"noopener\" target=\"_blank\">https:\/\/bit.ly\/FLC21_Pres<\/a><\/p>\n<p>Agenda virtual: <a href=\"https:\/\/bit.ly\/FLC21_Virtual\" rel=\"noopener\" target=\"_blank\">https:\/\/bit.ly\/FLC21_Virtual<\/a><\/p>\n<p>CANAL DE YOUTUBE DE LA SUBSECRETAR\u00cdA DE CULTURA: <a href=\"https:\/\/bit.ly\/CanalFLC2021\" rel=\"noopener\" target=\"_blank\">https:\/\/bit.ly\/CanalFLC2021<\/a><\/p>\n<p>M\u00e1s informaci\u00f3n en editorialmunicipal.cordoba.gob.ar<\/p>\n","protected":false},"excerpt":{"rendered":"<p>&#8220;C\u00f3rdoba Mata&#8221; es uno de los seis ciclos que propone este a\u00f1o la Feria del Libro C\u00f3rdoba. Hasta el 10 de octubre se desarrollar\u00e1 la octava edici\u00f3n del Encuentro Internacional de Literatura Negra y Policial.&nbsp; Bajo el lema \u201cMulticulturalidad y migraciones forzadas\u201d, este espacio re\u00fane a importantes referentes de la literatura, contemplando proyectos editoriales locales, [&hellip;]<\/p>\n","protected":false},"author":1,"featured_media":21419,"comment_status":"open","ping_status":"closed","sticky":false,"template":"","format":"standard","meta":[],"categories":[19],"tags":[],"_links":{"self":[{"href":"http:\/\/cordobadirecto.com\/index.php\/wp-json\/wp\/v2\/posts\/21418"}],"collection":[{"href":"http:\/\/cordobadirecto.com\/index.php\/wp-json\/wp\/v2\/posts"}],"about":[{"href":"http:\/\/cordobadirecto.com\/index.php\/wp-json\/wp\/v2\/types\/post"}],"author":[{"embeddable":true,"href":"http:\/\/cordobadirecto.com\/index.php\/wp-json\/wp\/v2\/users\/1"}],"replies":[{"embeddable":true,"href":"http:\/\/cordobadirecto.com\/index.php\/wp-json\/wp\/v2\/comments?post=21418"}],"version-history":[{"count":0,"href":"http:\/\/cordobadirecto.com\/index.php\/wp-json\/wp\/v2\/posts\/21418\/revisions"}],"wp:featuredmedia":[{"embeddable":true,"href":"http:\/\/cordobadirecto.com\/index.php\/wp-json\/wp\/v2\/media\/21419"}],"wp:attachment":[{"href":"http:\/\/cordobadirecto.com\/index.php\/wp-json\/wp\/v2\/media?parent=21418"}],"wp:term":[{"taxonomy":"category","embeddable":true,"href":"http:\/\/cordobadirecto.com\/index.php\/wp-json\/wp\/v2\/categories?post=21418"},{"taxonomy":"post_tag","embeddable":true,"href":"http:\/\/cordobadirecto.com\/index.php\/wp-json\/wp\/v2\/tags?post=21418"}],"curies":[{"name":"wp","href":"https:\/\/api.w.org\/{rel}","templated":true}]}}