{"id":21422,"date":"2021-10-03T20:52:00","date_gmt":"2021-10-03T20:52:00","guid":{"rendered":"https:\/\/lmdiario.com.ar\/contenido\/310318\/abren-audiciones-para-participar-en-la-remake-del-clasico-cordobes-frankenstein"},"modified":"2021-10-03T20:52:00","modified_gmt":"2021-10-03T20:52:00","slug":"abren-audiciones-para-participar-en-la-remake-del-clasico-cordobes-frankenstein","status":"publish","type":"post","link":"http:\/\/cordobadirecto.com\/index.php\/2021\/10\/03\/abren-audiciones-para-participar-en-la-remake-del-clasico-cordobes-frankenstein\/","title":{"rendered":"Abren audiciones para participar en la remake del cl\u00e1sico cordob\u00e9s &#8220;Frankenstein&#8221;"},"content":{"rendered":"<div><img src=\"http:\/\/cordobadirecto.com\/wp-content\/uploads\/2021\/10\/abren-audiciones-para-participar-en-la-remake-del-clasico-cordobes-frankenstein.jpg\" class=\"ff-og-image-inserted\"><\/div>\n<p>&#8220;Frankenstein, el musical&#8221; fue el primer espect\u00e1culo independiente de teatro musical hecho en C\u00f3rdoba basado en la novela de Mary Shelley, que reuni\u00f3 a 30 artistas en escena, m\u00fasica original, coros en vivo y m\u00e1s de 60 trajes de \u00e9poca. Tuvo su avant-premi\u00e8re el 23 de agosto de 2002 en el Palacio Ferreyra, mientras que el estreno formal de la obra tuvo lugar el 6 de setiembre en el Teatro Real.<\/p>\n<p>El espect\u00e1culo cont\u00f3 con libro, letras y direcci\u00f3n de Hern\u00e1n Espinosa con m\u00fasica original de Gabriel Ferreyra\/Fernando Israilevich.<\/p>\n<p><span>Con motivo de celebrarse los 20 a\u00f1os, se realizar\u00e1 una nueva puesta para la cual, se abrieron audiciones para conformar el elenco. Las inscripciones son hasta el&nbsp;<\/span>30 de noviembre de 2021 a trav\u00e9s \u00fanicamente del siguiente formulario de inscripci\u00f3n: <a href=\"https:\/\/docs.google.com\/forms\/d\/e\/1FAIpQLSeEFZxeskfLqSFfQ8HH6NaPTJkQkGjpCBOEQpICBRsF-RB8Iw\/viewform\" rel=\"noopener\" target=\"_blank\">hacer click aqu\u00ed <\/a><\/p>\n<p>Para m\u00e1s informaci\u00f3n comunicarse al siguiente mail:&nbsp; <a href=\"https:\/\/lmdiario.com.ar\/cdn-cgi\/l\/email-protection\" class=\"__cf_email__\" data-cfemail=\"57312536393c32392423323e39656736393e2132252436253e3817303a363e3b7934383a\">[email&nbsp;protected]<\/a><\/p>\n","protected":false},"excerpt":{"rendered":"<p>&#8220;Frankenstein, el musical&#8221; fue el primer espect\u00e1culo independiente de teatro musical hecho en C\u00f3rdoba basado en la novela de Mary Shelley, que reuni\u00f3 a 30 artistas en escena, m\u00fasica original, coros en vivo y m\u00e1s de 60 trajes de \u00e9poca. Tuvo su avant-premi\u00e8re el 23 de agosto de 2002 en el Palacio Ferreyra, mientras que [&hellip;]<\/p>\n","protected":false},"author":1,"featured_media":21423,"comment_status":"closed","ping_status":"closed","sticky":false,"template":"","format":"standard","meta":[],"categories":[20],"tags":[],"_links":{"self":[{"href":"http:\/\/cordobadirecto.com\/index.php\/wp-json\/wp\/v2\/posts\/21422"}],"collection":[{"href":"http:\/\/cordobadirecto.com\/index.php\/wp-json\/wp\/v2\/posts"}],"about":[{"href":"http:\/\/cordobadirecto.com\/index.php\/wp-json\/wp\/v2\/types\/post"}],"author":[{"embeddable":true,"href":"http:\/\/cordobadirecto.com\/index.php\/wp-json\/wp\/v2\/users\/1"}],"replies":[{"embeddable":true,"href":"http:\/\/cordobadirecto.com\/index.php\/wp-json\/wp\/v2\/comments?post=21422"}],"version-history":[{"count":0,"href":"http:\/\/cordobadirecto.com\/index.php\/wp-json\/wp\/v2\/posts\/21422\/revisions"}],"wp:featuredmedia":[{"embeddable":true,"href":"http:\/\/cordobadirecto.com\/index.php\/wp-json\/wp\/v2\/media\/21423"}],"wp:attachment":[{"href":"http:\/\/cordobadirecto.com\/index.php\/wp-json\/wp\/v2\/media?parent=21422"}],"wp:term":[{"taxonomy":"category","embeddable":true,"href":"http:\/\/cordobadirecto.com\/index.php\/wp-json\/wp\/v2\/categories?post=21422"},{"taxonomy":"post_tag","embeddable":true,"href":"http:\/\/cordobadirecto.com\/index.php\/wp-json\/wp\/v2\/tags?post=21422"}],"curies":[{"name":"wp","href":"https:\/\/api.w.org\/{rel}","templated":true}]}}