{"id":21477,"date":"2021-10-04T02:47:39","date_gmt":"2021-10-04T02:47:39","guid":{"rendered":"http:\/\/cordobadirecto.com\/index.php\/2021\/10\/04\/todos-los-ganadores-de-la-8va-edicion-de-los-premios-platino\/"},"modified":"2021-10-04T02:47:39","modified_gmt":"2021-10-04T02:47:39","slug":"todos-los-ganadores-de-la-8va-edicion-de-los-premios-platino","status":"publish","type":"post","link":"http:\/\/cordobadirecto.com\/index.php\/2021\/10\/04\/todos-los-ganadores-de-la-8va-edicion-de-los-premios-platino\/","title":{"rendered":"Todos los ganadores de la 8va. edici\u00f3n de los Premios Platino"},"content":{"rendered":"<div class=\"image\" id=\"image\" readability=\"8\"> <img src=\"http:\/\/cordobadirecto.com\/wp-content\/uploads\/2021\/10\/todos-los-ganadores-de-la-8va-edicion-de-los-premios-platino.jpg\" alt=\"Javier C\u00e1mara, Mejor Interpretaci\u00f3n Masculina en cine por &quot;El olvido que seremos&quot;\" title=\"Javier C\u00e1mara, Mejor Interpretaci\u00f3n Masculina en cine por &quot;El olvido que seremos&quot;\"><\/p>\n<p>Javier C\u00e1mara, Mejor Interpretaci\u00f3n Masculina en cine por &#8220;El olvido que seremos&#8221;<\/p>\n<\/div>\n<p><strong>\u201cEl olvido que seremos\u201d<\/strong>, pel\u00edcula colombiana del realizador espa\u00f1ol <strong>Fernando Trueba<\/strong>, fue con el codiciado galard\u00f3n a Mejor Pel\u00edcula de ficci\u00f3n y otras cuatro estatuillas la gran ganadora de la 8va. edici\u00f3n de los Premios Platino del cine y las series iberoamericanas, que se llev\u00f3 a cabo hoy en Madrid.<\/p>\n<p>La siguiente es la lista completa de ganadores de este a\u00f1o:<\/p>\n<p>&#8211; Mejor Pel\u00edcula iberoamericana de ficci\u00f3n: <strong>\u201cEl olvido que seremos\u201d<\/strong> (Colombia).<\/p>\n<p>&#8211; Mejor direcci\u00f3n:<strong> Fernando Trueba<\/strong>, por \u201cEl olvido que seremos\u201d.<\/p>\n<p>&#8211; Mejor guion: David Trueba por <strong>\u201cEl olvido que seremos\u201d<\/strong>.<\/p>\n<p>&#8211; Mejor m\u00fasica original: <strong>Ar\u00e1nzazu Calleja <\/strong>y<strong> Maite Arrotajauregi,<\/strong> por \u201cAkelarre\u201d (Espa\u00f1a).<\/p>\n<p>&#8211; Mejor interpretaci\u00f3n masculina: <strong>Javier C\u00e1mara,<\/strong> por \u201cEl olvido que seremos\u201d.<\/p>\n<p>&#8211; Mejor interpretaci\u00f3n femenina: <strong>Candela Pe\u00f1a,<\/strong> por \u201cLa boda de Rosa\u201d.<\/p>\n<p>&#8211; Mejor interpretaci\u00f3n masculina de reparto: <strong>Alfredo Castro<\/strong> por \u201cEl pr\u00edncipe\u201d (Chile).<\/p>\n<p>&#8211; Mejor interpretaci\u00f3n femenina de reparto: <strong>Nathalie Poz<\/strong>a por \u201cLa boda de Rosa\u201d.<\/p>\n<p>&#8211; Mejor pel\u00edcula de animaci\u00f3n: \u201cLa gallina turuleca\u201d,&nbsp;de Eduardo Gondell y V\u00edctor Monigote&nbsp;(Espa\u00f1a, Argentina).<\/p>\n<p>&#8211; Mejor pel\u00edcula documental:<strong> \u201cEl agente Topo\u201d<\/strong>, de Maite Alberdi (Chile, Espa\u00f1a).<\/p>\n<p>&#8211; Premio Platino a la Mejor \u00f3pera prima de ficci\u00f3n iberoamericana: <strong>\u201cLas ni\u00f1as\u201d<\/strong>, de Pilar Palomero (Espa\u00f1a).<\/p>\n<p>&#8211; Mejor direcci\u00f3n de montaje: <strong>Gustavo Matheu y Jayro Bustamante<\/strong> por \u201cLa Llorona\u201d (Guatemala).<\/p>\n<p>&#8211; Mejor direcci\u00f3n de arte: <strong>Diego L\u00f3pez,<\/strong> por \u201cEl olvido que seremos\u201d.<\/p>\n<p>&#8211; Mejor direcci\u00f3n de fotograf\u00eda: <strong>Nicol\u00e1s Wong,<\/strong> por \u201cLa Llorona\u201d.<\/p>\n<p>&#8211; Mejor direcci\u00f3n de sonido: <strong>Eduardo C\u00e1ceres,<\/strong> por \u201cLa Llorona\u201d.<\/p>\n<p>&#8211; Premio al Cine y educaci\u00f3n en valores: <strong>\u201cEl agente Topo&#8221;&nbsp;<\/strong>(Chile).<\/p>\n<p>&#8211; Mejor miniserie o teleserie cinematogr\u00e1fica iberoamericana: <strong>\u201cPatria\u201d<\/strong> (Espa\u00f1a).<\/p>\n<p>&#8211; Mejor interpretaci\u00f3n masculina en miniserie o teleserie: <strong>Andr\u00e9s Parra,<\/strong> por \u201cEl robo del siglo\u201d.<\/p>\n<p>&#8211; Mejor interpretaci\u00f3n femenina en miniserie o teleserie: <strong>Elena Irureta<\/strong> por \u201cPatria\u201d.<\/p>\n<p>&#8211; Mejor interpretaci\u00f3n masculina de reparto en miniserie o teleserie: <strong>Christian Tappan,<\/strong> por \u201cEl robo del siglo\u201d.<\/p>\n<p>&#8211; Mejor interpretaci\u00f3n femenina de reparto en miniserie o teleserie: <strong>Loreto Maule\u00f3n,<\/strong> por \u201cPatria\u201d.<\/p>\n<p>&#8211; Mejor creador de miniserie o teleserie cinematogr\u00e1fica: <strong>Aitor Gabilondo,<\/strong> por \u201cPatria\u201d.<\/p>\n<p>&#8211; Premio de Honor: <strong>Diego Luna<\/strong>. <\/p>\n","protected":false},"excerpt":{"rendered":"<p>Javier C\u00e1mara, Mejor Interpretaci\u00f3n Masculina en cine por &#8220;El olvido que seremos&#8221; \u201cEl olvido que seremos\u201d, pel\u00edcula colombiana del realizador espa\u00f1ol Fernando Trueba, fue con el codiciado galard\u00f3n a Mejor Pel\u00edcula de ficci\u00f3n y otras cuatro estatuillas la gran ganadora de la 8va. edici\u00f3n de los Premios Platino del cine y las series iberoamericanas, que [&hellip;]<\/p>\n","protected":false},"author":1,"featured_media":21478,"comment_status":"closed","ping_status":"closed","sticky":false,"template":"","format":"standard","meta":[],"categories":[20],"tags":[],"_links":{"self":[{"href":"http:\/\/cordobadirecto.com\/index.php\/wp-json\/wp\/v2\/posts\/21477"}],"collection":[{"href":"http:\/\/cordobadirecto.com\/index.php\/wp-json\/wp\/v2\/posts"}],"about":[{"href":"http:\/\/cordobadirecto.com\/index.php\/wp-json\/wp\/v2\/types\/post"}],"author":[{"embeddable":true,"href":"http:\/\/cordobadirecto.com\/index.php\/wp-json\/wp\/v2\/users\/1"}],"replies":[{"embeddable":true,"href":"http:\/\/cordobadirecto.com\/index.php\/wp-json\/wp\/v2\/comments?post=21477"}],"version-history":[{"count":0,"href":"http:\/\/cordobadirecto.com\/index.php\/wp-json\/wp\/v2\/posts\/21477\/revisions"}],"wp:featuredmedia":[{"embeddable":true,"href":"http:\/\/cordobadirecto.com\/index.php\/wp-json\/wp\/v2\/media\/21478"}],"wp:attachment":[{"href":"http:\/\/cordobadirecto.com\/index.php\/wp-json\/wp\/v2\/media?parent=21477"}],"wp:term":[{"taxonomy":"category","embeddable":true,"href":"http:\/\/cordobadirecto.com\/index.php\/wp-json\/wp\/v2\/categories?post=21477"},{"taxonomy":"post_tag","embeddable":true,"href":"http:\/\/cordobadirecto.com\/index.php\/wp-json\/wp\/v2\/tags?post=21477"}],"curies":[{"name":"wp","href":"https:\/\/api.w.org\/{rel}","templated":true}]}}