{"id":21495,"date":"2021-09-29T12:31:14","date_gmt":"2021-09-29T12:31:14","guid":{"rendered":"https:\/\/es.digitaltrends.com\/?p=871880"},"modified":"2021-09-29T12:31:14","modified_gmt":"2021-09-29T12:31:14","slug":"para-facebook-los-ninos-son-una-audiencia-valiosa-sin-explotar","status":"publish","type":"post","link":"http:\/\/cordobadirecto.com\/index.php\/2021\/09\/29\/para-facebook-los-ninos-son-una-audiencia-valiosa-sin-explotar\/","title":{"rendered":"Para Facebook, los ni\u00f1os son una \u201caudiencia valiosa sin explotar\u201d"},"content":{"rendered":"<div><img src=\"http:\/\/cordobadirecto.com\/wp-content\/uploads\/2021\/10\/para-facebook-los-ninos-son-una-audiencia-valiosa-sin-explotar.jpg\" class=\"ff-og-image-inserted\"><\/div>\n<p>Un nuevo art\u00edculo de <em><a href=\"https:\/\/www.wsj.com\/articles\/facebook-instagram-kids-tweens-attract-11632849667\" target=\"_blank\" rel=\"noopener\">The Wall Street Journal<\/a><\/em>&nbsp;deja al descubierto los esfuerzos de <a href=\"https:\/\/es.digitaltrends.com\/sociales\/como-vincular-instagram-con-facebook\/\">Facebook<\/a> para atraer al p\u00fablico preadolescente, en espec\u00edfico el segmento comprendido entre los 10 y 12 a\u00f1os.<\/p>\n<p>Seg\u00fan el reportaje, la compa\u00f1\u00eda habr\u00eda formado un equipo especial dedicado a estudiar a los preadolescentes con el fin de crear productos enfocados en ellos.<\/p>\n<p>Tambi\u00e9n, la empresa habr\u00eda encargado estrategias sobre las oportunidades comerciales a largo plazo ofrecidas por estos potenciales usuarios.<\/p>\n<p>El art\u00edculo explica que la tecnol\u00f3gica estaba enfocada en este segmento de edad, ya que lo consideraba \u201cuna audiencia valiosa sin explotar\u201d.<\/p>\n<p>Otro de los documentos internos de la compa\u00f1\u00eda sugiere aprovechar las \u201cjuntas entre amigos para jugar\u201d, como un medio para estimular el crecimiento de Facebook.<\/p>\n<p><em>The Wall Street Journal<\/em> tambi\u00e9n deja al descubierto la preocupaci\u00f3n de la compa\u00f1\u00eda, que reconoc\u00eda tener problemas con la \u201cpenetraci\u00f3n global de <a href=\"https:\/\/es.digitaltrends.com\/sociales\/facebook-instagram-toxico-adolescentes\/\">adolescentes<\/a>\u201d , adem\u00e1s de advertir que la \u201cadquisici\u00f3n\u201d de usuarios adolescentes \u201cparece estar desaceler\u00e1ndose\u201d.<\/p>\n<p>En este escenario, Facebook estimaba que su audiencia adolescente sufrir\u00eda una ca\u00edda adicional de 45 por ciento para 2023.<\/p>\n<p>En Estados Unidos, la ley federal de privacidad proh\u00edbe la recopilaci\u00f3n de <a href=\"https:\/\/es.digitaltrends.com\/entretenimiento\/cuantos-datos-consume-netflix\/\">datos<\/a> sobre ni\u00f1os menores de 13 a\u00f1os, por lo que los legisladores han criticado a las compa\u00f1\u00edas de tecnolog\u00eda que no muestren esfuerzos por proteger a los menores.<\/p>\n<p>Vale la pena recordar que, a comienzos de esta semana, Facebook anunci\u00f3 la <a href=\"https:\/\/es.digitaltrends.com\/sociales\/instagram-suspende-desarrollo-aplicacion-ninos\/\">suspensi\u00f3n de la pol\u00e9mica plataforma<\/a> Instagram Kids, que se encontraba en pleno desarrollo y estar\u00eda enfocada en los menores de 13 a\u00f1os, luego de las cr\u00edticas recibidas desde varios sectores.<\/p>\n<h4 class=\"h-editors-recs-title\"> Recomendaciones del editor\t<\/h4>\n<p> <span id=\"publisher-md\" itemprop=\"publisher\" itemscope itemtype=\"https:\/\/schema.org\/Organization\"> <span itemprop=\"url\" itemtype=\"https:\/\/schema.org\/Url\" content=\"https:\/\/es.digitaltrends.com\"> <span itemprop=\"logo\" itemscope itemtype=\"https:\/\/schema.org\/ImageObject\"> <meta itemprop=\"url\" content=\"https:\/\/cdn.dtcn.com\/dt\/dt-logo-small.png\"> <meta itemprop=\"width\" content=\"0\"> <meta itemprop=\"height\" content=\"0\"> <\/span> <meta itemprop=\"name\" content=\"Digital Trends Espa\u00f1ol\"> <\/span> <span itemprop=\"image\" itemscope itemtype=\"https:\/\/schema.org\/ImageObject\"> <meta itemprop=\"url\" content=\"http:\/\/cordobadirecto.com\/wp-content\/uploads\/2021\/10\/para-facebook-los-ninos-son-una-audiencia-valiosa-sin-explotar.jpg\"> <\/span> <\/span><\/p>\n","protected":false},"excerpt":{"rendered":"<p>Un nuevo art\u00edculo de The Wall Street Journal&nbsp;deja al descubierto los esfuerzos de Facebook para atraer al p\u00fablico preadolescente, en espec\u00edfico el segmento comprendido entre los 10 y 12 a\u00f1os. Seg\u00fan el reportaje, la compa\u00f1\u00eda habr\u00eda formado un equipo especial dedicado a estudiar a los preadolescentes con el fin de crear productos enfocados en ellos. [&hellip;]<\/p>\n","protected":false},"author":1,"featured_media":21496,"comment_status":"closed","ping_status":"closed","sticky":false,"template":"","format":"standard","meta":[],"categories":[26],"tags":[],"_links":{"self":[{"href":"http:\/\/cordobadirecto.com\/index.php\/wp-json\/wp\/v2\/posts\/21495"}],"collection":[{"href":"http:\/\/cordobadirecto.com\/index.php\/wp-json\/wp\/v2\/posts"}],"about":[{"href":"http:\/\/cordobadirecto.com\/index.php\/wp-json\/wp\/v2\/types\/post"}],"author":[{"embeddable":true,"href":"http:\/\/cordobadirecto.com\/index.php\/wp-json\/wp\/v2\/users\/1"}],"replies":[{"embeddable":true,"href":"http:\/\/cordobadirecto.com\/index.php\/wp-json\/wp\/v2\/comments?post=21495"}],"version-history":[{"count":0,"href":"http:\/\/cordobadirecto.com\/index.php\/wp-json\/wp\/v2\/posts\/21495\/revisions"}],"wp:featuredmedia":[{"embeddable":true,"href":"http:\/\/cordobadirecto.com\/index.php\/wp-json\/wp\/v2\/media\/21496"}],"wp:attachment":[{"href":"http:\/\/cordobadirecto.com\/index.php\/wp-json\/wp\/v2\/media?parent=21495"}],"wp:term":[{"taxonomy":"category","embeddable":true,"href":"http:\/\/cordobadirecto.com\/index.php\/wp-json\/wp\/v2\/categories?post=21495"},{"taxonomy":"post_tag","embeddable":true,"href":"http:\/\/cordobadirecto.com\/index.php\/wp-json\/wp\/v2\/tags?post=21495"}],"curies":[{"name":"wp","href":"https:\/\/api.w.org\/{rel}","templated":true}]}}