{"id":21530,"date":"2021-10-03T23:03:10","date_gmt":"2021-10-03T23:03:10","guid":{"rendered":"http:\/\/cordobadirecto.com\/index.php\/2021\/10\/03\/el-turismo-es-presente-y-futuro-para-la-provincia-de-cordoba-la-voz-del-interior\/"},"modified":"2021-10-03T23:03:10","modified_gmt":"2021-10-03T23:03:10","slug":"el-turismo-es-presente-y-futuro-para-la-provincia-de-cordoba-la-voz-del-interior","status":"publish","type":"post","link":"http:\/\/cordobadirecto.com\/index.php\/2021\/10\/03\/el-turismo-es-presente-y-futuro-para-la-provincia-de-cordoba-la-voz-del-interior\/","title":{"rendered":"El turismo es presente y futuro para la provincia de <b>C\u00f3rdoba<\/b> | La Voz del Interior"},"content":{"rendered":"<p>Una de las novedades es el <b>nuevo<\/b> logo, presentado durante el acto por el D\u00eda Mundial del Turismo, que reemplaza al que identific\u00f3 a la Agencia <b>C\u00f3rdoba<\/b>&nbsp;&#8230; <\/p>\n","protected":false},"excerpt":{"rendered":"<p>Una de las novedades es el nuevo logo, presentado durante el acto por el D\u00eda Mundial del Turismo, que reemplaza al que identific\u00f3 a la Agencia C\u00f3rdoba&nbsp;&#8230;<\/p>\n","protected":false},"author":1,"featured_media":0,"comment_status":"closed","ping_status":"closed","sticky":false,"template":"","format":"standard","meta":[],"categories":[40],"tags":[],"_links":{"self":[{"href":"http:\/\/cordobadirecto.com\/index.php\/wp-json\/wp\/v2\/posts\/21530"}],"collection":[{"href":"http:\/\/cordobadirecto.com\/index.php\/wp-json\/wp\/v2\/posts"}],"about":[{"href":"http:\/\/cordobadirecto.com\/index.php\/wp-json\/wp\/v2\/types\/post"}],"author":[{"embeddable":true,"href":"http:\/\/cordobadirecto.com\/index.php\/wp-json\/wp\/v2\/users\/1"}],"replies":[{"embeddable":true,"href":"http:\/\/cordobadirecto.com\/index.php\/wp-json\/wp\/v2\/comments?post=21530"}],"version-history":[{"count":0,"href":"http:\/\/cordobadirecto.com\/index.php\/wp-json\/wp\/v2\/posts\/21530\/revisions"}],"wp:attachment":[{"href":"http:\/\/cordobadirecto.com\/index.php\/wp-json\/wp\/v2\/media?parent=21530"}],"wp:term":[{"taxonomy":"category","embeddable":true,"href":"http:\/\/cordobadirecto.com\/index.php\/wp-json\/wp\/v2\/categories?post=21530"},{"taxonomy":"post_tag","embeddable":true,"href":"http:\/\/cordobadirecto.com\/index.php\/wp-json\/wp\/v2\/tags?post=21530"}],"curies":[{"name":"wp","href":"https:\/\/api.w.org\/{rel}","templated":true}]}}